{"id":24511,"date":"2021-11-03T13:18:04","date_gmt":"2021-11-03T11:18:04","guid":{"rendered":"https:\/\/www.greenpeace.org\/belgium\/?p=24511"},"modified":"2021-11-03T13:20:13","modified_gmt":"2021-11-03T11:20:13","slug":"la-coalition-climat-reagit-au-discours-de-de-croo-derriere-les-cris-et-les-sos-les-actions-concretes","status":"publish","type":"post","link":"https:\/\/www.greenpeace.org\/belgium\/fr\/communique-de-presse\/24511\/la-coalition-climat-reagit-au-discours-de-de-croo-derriere-les-cris-et-les-sos-les-actions-concretes\/","title":{"rendered":"La coalition climat r\u00e9agit au discours de De Croo : \u00ab\u00a0Derri\u00e8re les cris et les SOS\u2026 les actions concr\u00e8tes ?\u00a0\u00bb"},"content":{"rendered":"\n<p>La Coalition Climat salue le discours du Premier Ministre Alexander De Croo et l&rsquo;attention qu&rsquo;il porte \u00e0 la gravit\u00e9 et \u00e0 l&rsquo;urgence de la crise climatique. La Coalition Climat regrette toutefois que notre pays n&rsquo;ait pas \u00e9t\u00e9 en mesure de pr\u00e9senter une position belge. \u00ab\u00a0<em>Les engagements f\u00e9d\u00e9raux mentionn\u00e9s par le Premier sont un pas dans la bonne direction. Mais malgr\u00e9 ces efforts, nous sommes toujours parmi les plus mauvais \u00e9l\u00e8ves de la classe\u00a0\u00bb,<\/em>&nbsp;r\u00e9pond la Coalition Climat. \u00ab\u00a0<em>Aujourd&rsquo;hui, la Belgique n&rsquo;est pas \u00e0 la hauteur du rythme et de l&rsquo;ambition europ\u00e9enne. Nous devons transformer ces paroles en actes\u201d.&nbsp;<\/em>Il est par ailleurs incompr\u00e9hensible que la Belgique n\u2019ait toujours pas rejoint la High Ambition Coalition.<\/p>\n\n<p>Par ailleurs, l&rsquo;innovation technologique, mise en \u00e9vidence par le Premier ministre, est une partie de la solution, mais c\u2019est loin d\u2019\u00eatre la seule. \u201c<em>Penser que nous r\u00e9soudrons la crise climatique uniquement via l\u2019innovation est un leurre dangereux<\/em>\u201d, d\u00e9crie la Coalition Climat, \u201c<em>La Belgique doit r\u00e9duire ces \u00e9missions et faire sa part dans l\u2019atteinte des objectifs de l\u2019Accord de Paris. Il est urgent de prendre des mesures concr\u00e8tes et fortes, et cela implique des changements fondamentaux dans nos comportements collectifs et dans la structure de notre \u00e9conomie \u00bb<\/em>.<\/p>\n\n<p>La Coalition Climat souhaite que la justice sociale soit au c\u0153ur de cette transition vers un mode de vie neutre en carbone. \u00ab\u00a0Nous sommes heureux que le Premier ministre pr\u00eate attention aux plus vuln\u00e9rables dans son discours. Mais l\u00e0 aussi, il est important que des mesures soient r\u00e9ellement prises. Nous voulons que la politique climatique soit \u00e9quitable et tienne compte du sexe et de l&rsquo;origine ethnique, tant dans notre pays qu&rsquo;au-del\u00e0 de nos fronti\u00e8res.\u00a0\u00bb Cela implique aussi un nouvel engagement en faveur du financement international du climat.\u00a0\u00bb<\/p>\n","protected":false},"excerpt":{"rendered":"<p>La coalition Climat salue le discours du Premier Ministre Alexander De Croo et l&rsquo;attention qu&rsquo;il porte \u00e0 la gravit\u00e9 et \u00e0 l&rsquo;urgence de la crise climatique. La Coalition Climat regrette toutefois que notre pays n&rsquo;ait pas \u00e9t\u00e9 en mesure de pr\u00e9senter une position belge. <\/p>\n","protected":false},"author":105,"featured_media":24512,"comment_status":"closed","ping_status":"closed","sticky":false,"template":"","format":"standard","meta":{"ep_exclude_from_search":false,"p4_og_title":"","p4_og_description":"","p4_og_image":"","p4_og_image_id":"","p4_seo_canonical_url":"","p4_campaign_name":"not set","p4_local_project":"not set","p4_basket_name":"not set","p4_department":"","footnotes":""},"categories":[1],"tags":[86],"p4-page-type":[117],"class_list":["post-24511","post","type-post","status-publish","format-standard","has-post-thumbnail","hentry","category-non-classifiee","tag-climat","p4-page-type-communique-de-presse"],"_links":{"self":[{"href":"https:\/\/www.greenpeace.org\/belgium\/fr\/wp-json\/wp\/v2\/posts\/24511","targetHints":{"allow":["GET"]}}],"collection":[{"href":"https:\/\/www.greenpeace.org\/belgium\/fr\/wp-json\/wp\/v2\/posts"}],"about":[{"href":"https:\/\/www.greenpeace.org\/belgium\/fr\/wp-json\/wp\/v2\/types\/post"}],"author":[{"embeddable":true,"href":"https:\/\/www.greenpeace.org\/belgium\/fr\/wp-json\/wp\/v2\/users\/105"}],"replies":[{"embeddable":true,"href":"https:\/\/www.greenpeace.org\/belgium\/fr\/wp-json\/wp\/v2\/comments?post=24511"}],"version-history":[{"count":1,"href":"https:\/\/www.greenpeace.org\/belgium\/fr\/wp-json\/wp\/v2\/posts\/24511\/revisions"}],"predecessor-version":[{"id":24515,"href":"https:\/\/www.greenpeace.org\/belgium\/fr\/wp-json\/wp\/v2\/posts\/24511\/revisions\/24515"}],"wp:featuredmedia":[{"embeddable":true,"href":"https:\/\/www.greenpeace.org\/belgium\/fr\/wp-json\/wp\/v2\/media\/24512"}],"wp:attachment":[{"href":"https:\/\/www.greenpeace.org\/belgium\/fr\/wp-json\/wp\/v2\/media?parent=24511"}],"wp:term":[{"taxonomy":"category","embeddable":true,"href":"https:\/\/www.greenpeace.org\/belgium\/fr\/wp-json\/wp\/v2\/categories?post=24511"},{"taxonomy":"post_tag","embeddable":true,"href":"https:\/\/www.greenpeace.org\/belgium\/fr\/wp-json\/wp\/v2\/tags?post=24511"},{"taxonomy":"p4-page-type","embeddable":true,"href":"https:\/\/www.greenpeace.org\/belgium\/fr\/wp-json\/wp\/v2\/p4-page-type?post=24511"}],"curies":[{"name":"wp","href":"https:\/\/api.w.org\/{rel}","templated":true}]}}