{"id":24528,"date":"2021-11-03T17:58:20","date_gmt":"2021-11-03T15:58:20","guid":{"rendered":"https:\/\/www.greenpeace.org\/belgium\/?p=24528"},"modified":"2021-11-03T18:05:46","modified_gmt":"2021-11-03T16:05:46","slug":"la-sortie-du-nucleaire-est-maintenant-inevitable-carte-blanche","status":"publish","type":"post","link":"https:\/\/www.greenpeace.org\/belgium\/fr\/communique-de-presse\/24528\/la-sortie-du-nucleaire-est-maintenant-inevitable-carte-blanche\/","title":{"rendered":"La sortie du nucl\u00e9aire est maintenant in\u00e9vitable (Carte blanche)"},"content":{"rendered":"\n<p><em>Publi\u00e9 le 3\/11 sur www.lalibre.be<\/em><\/p>\n\n<p><\/p>\n\n<p><strong>Dimanche soir, Elia et la Ministre f\u00e9d\u00e9rale de l&rsquo;\u00e9nergie Tinne Van der Straeten ont annonc\u00e9 les r\u00e9sultats de la vente aux ench\u00e8res du m\u00e9canisme de r\u00e9mun\u00e9ration de la capacit\u00e9 (CRM) :&nbsp; Ii y a plus de capacit\u00e9 disponible qu\u2019il n\u2019en faut pour arr\u00eater nos centrales nucl\u00e9aires en Belgique d&rsquo;ici 2025. Et ce, \u00e0 un co\u00fbt inf\u00e9rieur aux estimations initiales. Plus rien ne s\u2019oppose \u00e0 la sortie du nucl\u00e9aire. L\u2019accord de Gouvernement doit \u00eatre respect\u00e9.&nbsp;<\/strong><\/p>\n\n<p>A l\u2019issue de l\u2019appel d\u2019offre CRM,&nbsp; quarante projets ont \u00e9t\u00e9 s\u00e9lectionn\u00e9s. Certains sont clairement innovants, dont des projets de batteries et un projet ax\u00e9 sur la gestion de la demande. L\u2019essentiel du soutien ira a cependant \u00e0 de nouvelles centrales gaz \u00e0 Vilvoorde et aux Awirs, pr\u00e8s de Li\u00e8ge . Faire tourner ces capacit\u00e9s fossiles le moins possible sera notre prochain d\u00e9fi. On peut clairement regretter ce subventionnement qui d\u00e9coule d\u2019un manque de pr\u00e9paration de la sortie du nucl\u00e9aire depuis la d\u00e9cision de sortie&nbsp; prise en 2003. Mais la bonne nouvelle est que malgr\u00e9 cette impr\u00e9paration, nous sommes aujourd\u2019hui pr\u00eats \u00e0 sortir du nucl\u00e9aire sans risque pour notre approvisionnement et \u00e0 un co\u00fbt ma\u00eetris\u00e9.&nbsp;<\/p>\n\n<p><strong>L&rsquo;\u00e9nergie nucl\u00e9aire appartient de facto au pass\u00e9<\/strong><\/p>\n\n<p>Il y a quelques jours, le<a href=\"https:\/\/www.health.belgium.be\/sites\/default\/files\/uploads\/fields\/fpshealth_theme_file\/20211020_css-9576_risques_nucleaires_vweb.pdf\"> Haut Conseil de la sant\u00e9 <\/a>a rappel\u00e9&nbsp; le risque que repr\u00e9sentent des r\u00e9acteurs nucl\u00e9aires situ\u00e9s dans une r\u00e9gion si dens\u00e9ment peupl\u00e9e; il a soulev\u00e9 la question sans r\u00e9ponse des d\u00e9chets radioactifs \u00e0 tr\u00e8s longue dur\u00e9e de vie;&nbsp; celle de la prolif\u00e9ration d\u2019armes nucl\u00e9aires directement li\u00e9es \u00e0 la production d\u2019\u00e9lectricit\u00e9; ou encore celle du risque terroriste. Pour toutes ces raisons, ces scientifiques de premier rang dont certains directement issus de la fili\u00e8re nucl\u00e9aire concluent&nbsp; que cette \u00e9nergie ne peut en aucun cas \u00eatre consid\u00e9r\u00e9e comme une source d\u2019\u00e9nergie durable.&nbsp;<\/p>\n\n<p>En sus de ces questions, il s\u2019av\u00e8re que la prolongation de certains r\u00e9acteurs est tr\u00e8s difficile dans la pratique. Le PDG d\u2019Engie, Thierry Saegeman a plus d\u2019une fois d\u00e9clar\u00e9 qu\u2019il \u00e9tait trop tard pour prolonger la vie des centrales nucl\u00e9aires. Permis d\u2019environnement, autorisation de la Commission europ\u00e9enne,&nbsp; enqu\u00eate publique, travaux de mise en conformit\u00e9 en termes de s\u00e9curit\u00e9, approvisionnement en combustible :ne prolongation effective de r\u00e9acteurs nucl\u00e9aires s\u2019av\u00e9rerait un v\u00e9ritable parcours du combattant.&nbsp; Les r\u00e9acteurs ne seraient sans doute pas disponibles en 2025 si le Gouvernement d\u00e9cidait de les prolonger.<\/p>\n\n<p>A cela s\u2019ajoute la question financi\u00e8re. Peut-on imaginer pires conditions pour n\u00e9gocier une prolongation quand Engie annonce depuis des mois qu\u2019il est trop tard&nbsp; ?&nbsp; Quel \u201cdeal\u201d s\u00e9rieux le Gouvernement pourrait-il passer l dans ces conditions ? Les partisans d\u2019une prolongation sont clairement ceux qui manquent de r\u00e9alisme aujourd\u2019hui&#8230;.&nbsp;<\/p>\n\n<p><strong>Une opportunit\u00e9 d\u2019acc\u00e9l\u00e9rer la transition vers une syst\u00e8me \u00e9nerg\u00e9tique renouvelable<\/strong><\/p>\n\n<p>Tourner la page nucl\u00e9aire repr\u00e9sente l\u2019occasion d\u2019inscrire enfin la Belgique dans une transition \u00e9nerg\u00e9tique positive. Il s&rsquo;agit d&rsquo;unir toutes les forces pour amorcer le passage \u00e0&nbsp; 100% d\u2019\u00e9nergie renouvelable, seul moyen durable \u00e0 disposition pour r\u00e9duire&nbsp; les \u00e9missions de CO2. Il faut acc\u00e9l\u00e9rer le d\u00e9veloppement de panneaux solaires sur tous les toits, d\u00e9bloquer un d\u00e9veloppement harmonieux et respectueux de la nature de&nbsp; l\u2019\u00e9olien terrestre, lancer au plus t\u00f4t les appels d\u2019offres pour l\u2019\u00e9olien offshore afin que les 5,8GW (une capacit\u00e9 \u00e9gale \u00e0 celle de notre ancien parc nucl\u00e9aire!) puissent \u00eatre disponibles au plus tard en 2028. D\u2019autres infrastructures s&rsquo;av\u00e8rent cruciales dont le renforcement du r\u00e9seau de transport d\u2019\u00e9lectricit\u00e9 sur l\u2019axe Ouest-Est (boucle du Hainaut et Ventilus)&#8230;&nbsp;<\/p>\n\n<p>Mais surtout, nous devons travailler sur la demande d\u2019\u00e9lectricit\u00e9 notamment pour la faire co\u00efncider au moment de production \u00e9lectrique importante. Il y a mille moyens d\u2019am\u00e9liorer cette gestion flexible de nos demandes tant au niveau r\u00e9sidentiel qu\u2019industriel. D\u2019apr\u00e8s la derni\u00e8re \u00e9tude d\u2019Elia, d\u00e8s 2025, 500 MW d\u2019\u00e9lectricit\u00e9&nbsp; seront \u00ab\u00a0d\u00e9pla\u00e7ables\u00a0\u00bb juste en comptant les v\u00e9hicules \u00e9lectriques et les pompes \u00e0 chaleur &#8211; ce qui correspond \u00e0 la capacit\u00e9 d\u2019un petit r\u00e9acteur nucl\u00e9aire -.<\/p>\n\n<p>On le voit clairement, la balle est maintenant dans les mains des R\u00e9gions&nbsp; qui disposent de bien des leviers relatifs \u00e0 la transition \u00e9nerg\u00e9tique. La s\u00e9curit\u00e9 d&rsquo;approvisionnement \u00e9tant maintenant assur\u00e9e \u00e0 un co\u00fbt ma\u00eetris\u00e9, il nous reste a acc\u00e9l\u00e9r\u00e9 la transition vers une \u00e9nergie 100% durable et renouvelable.&nbsp;<\/p>\n\n<p><\/p>\n\n<p><strong>Liste des signataires<\/strong><\/p>\n\n<p>Sylvie Meekers Directrice Inter Environnement Wallonie, f\u00e9d\u00e9ration des ONGs environnementales wallonne<\/p>\n\n<p>Benjamin Clarisse, Coordinateur politique, Bond Beter leefmilieu, f\u00e9d\u00e9ration des ONGs environnementales flamande&nbsp;<\/p>\n\n<p>Jan Vande Putte,&nbsp; Expert Energie, Greenpeace Belgique<\/p>\n","protected":false},"excerpt":{"rendered":"<p>Dimanche soir, Elia et la Ministre f\u00e9d\u00e9rale de l&#8217;\u00e9nergie Tinne Van der Straeten ont annonc\u00e9 les r\u00e9sultats de la vente aux ench\u00e8res du m\u00e9canisme de r\u00e9mun\u00e9ration de la capacit\u00e9 (CRM)&hellip;<\/p>\n","protected":false},"author":50,"featured_media":23963,"comment_status":"closed","ping_status":"closed","sticky":false,"template":"","format":"standard","meta":{"ep_exclude_from_search":false,"p4_og_title":"","p4_og_description":"","p4_og_image":"","p4_og_image_id":"","p4_seo_canonical_url":"","p4_campaign_name":"not set","p4_local_project":"not set","p4_basket_name":"not set","p4_department":"","footnotes":""},"categories":[1],"tags":[70],"p4-page-type":[117],"class_list":["post-24528","post","type-post","status-publish","format-standard","has-post-thumbnail","hentry","category-non-classifiee","tag-energie","p4-page-type-communique-de-presse"],"_links":{"self":[{"href":"https:\/\/www.greenpeace.org\/belgium\/fr\/wp-json\/wp\/v2\/posts\/24528","targetHints":{"allow":["GET"]}}],"collection":[{"href":"https:\/\/www.greenpeace.org\/belgium\/fr\/wp-json\/wp\/v2\/posts"}],"about":[{"href":"https:\/\/www.greenpeace.org\/belgium\/fr\/wp-json\/wp\/v2\/types\/post"}],"author":[{"embeddable":true,"href":"https:\/\/www.greenpeace.org\/belgium\/fr\/wp-json\/wp\/v2\/users\/50"}],"replies":[{"embeddable":true,"href":"https:\/\/www.greenpeace.org\/belgium\/fr\/wp-json\/wp\/v2\/comments?post=24528"}],"version-history":[{"count":2,"href":"https:\/\/www.greenpeace.org\/belgium\/fr\/wp-json\/wp\/v2\/posts\/24528\/revisions"}],"predecessor-version":[{"id":24532,"href":"https:\/\/www.greenpeace.org\/belgium\/fr\/wp-json\/wp\/v2\/posts\/24528\/revisions\/24532"}],"wp:featuredmedia":[{"embeddable":true,"href":"https:\/\/www.greenpeace.org\/belgium\/fr\/wp-json\/wp\/v2\/media\/23963"}],"wp:attachment":[{"href":"https:\/\/www.greenpeace.org\/belgium\/fr\/wp-json\/wp\/v2\/media?parent=24528"}],"wp:term":[{"taxonomy":"category","embeddable":true,"href":"https:\/\/www.greenpeace.org\/belgium\/fr\/wp-json\/wp\/v2\/categories?post=24528"},{"taxonomy":"post_tag","embeddable":true,"href":"https:\/\/www.greenpeace.org\/belgium\/fr\/wp-json\/wp\/v2\/tags?post=24528"},{"taxonomy":"p4-page-type","embeddable":true,"href":"https:\/\/www.greenpeace.org\/belgium\/fr\/wp-json\/wp\/v2\/p4-page-type?post=24528"}],"curies":[{"name":"wp","href":"https:\/\/api.w.org\/{rel}","templated":true}]}}