{"id":24723,"date":"2021-11-13T22:21:50","date_gmt":"2021-11-13T20:21:50","guid":{"rendered":"https:\/\/www.greenpeace.org\/belgium\/?p=24723"},"modified":"2021-11-17T13:05:34","modified_gmt":"2021-11-17T11:05:34","slug":"fin-de-la-cop26-un-accord-faible-qui-met-en-danger-lobjectif-de-15c","status":"publish","type":"post","link":"https:\/\/www.greenpeace.org\/belgium\/fr\/communique-de-presse\/24723\/fin-de-la-cop26-un-accord-faible-qui-met-en-danger-lobjectif-de-15c\/","title":{"rendered":"Fin de la COP26: \u201cUn accord faible qui met en danger l\u2019objectif de 1,5\u00b0C\u201d"},"content":{"rendered":"\n<p><strong>La COP26 se termine \u00e0 Glasgow. Greenpeace est d\u00e9\u00e7ue du fragile et faible accord final qui n&rsquo;offre aucune r\u00e9ponse \u00e0 une crise climatique d\u00e9j\u00e0 mena\u00e7ante. La Belgique a r\u00e9ussi \u00e0 se soustraire \u00e0 sa responsabilit\u00e9 de gros pollueur malgr\u00e9 quelques belles promesses. En raison du blocage flamand, notre pays a une fois de plus fait pi\u00e8tre figure sur la sc\u00e8ne internationale.&nbsp;<\/strong><\/p>\n\n<p><em>\u00ab\u00a0Cet accord final est faible et fragile, l\u2019objectif de 1,5\u00b0C ne tient qu\u2019\u00e0 un fil mais <\/em><strong><em>un signal a \u00e9t\u00e9 envoy\u00e9 pour signifier que l\u2019\u00e8re du charbon et des subventions fossiles se termine, mettant l&rsquo;accent sur une transition juste<\/em><\/strong><em>\u201d,<\/em> a d\u00e9clar\u00e9 Jennifer Morgan, directrice ex\u00e9cutive de Greenpeace International<em>. \u201cLe texte \u00e9voque la n\u00e9cessit\u00e9 de r\u00e9duire drastiquement les \u00e9missions au cours de cette d\u00e9cennie. Mais les d\u00e9cisions majeures sont remises \u00e0 l\u2019ann\u00e9e prochaine.\u201d.&nbsp;<\/em><\/p>\n\n<p><em>\u201c<\/em><strong><em>Les r\u00e9sultats que nous avons obtenus sont le seul fait du combat des jeunes, des dirigeant.e.s indig\u00e8nes, des militant.e.s et des pays en premi\u00e8re ligne du front climatique. <\/em><\/strong><em>Des concessions leur ont \u00e9t\u00e9 accord\u00e9es \u00e0 contrec\u0153ur. Sans elles et sans eux, toute cette COP aurait \u00e9t\u00e9 un \u00e9chec. Nous devons les \u00e9couter, car le d\u00e9lai qu\u2019il nous reste pour agir est \u00e9coul\u00e9. Pour notre propre survie, nous devons nous mobiliser de toute urgence et de toutes nos forces pour faire pression et mettre enfin un terme \u00e0 l\u2019\u00e8re des \u00e9nergies fossiles.\u201d<\/em><\/p>\n\n<p><em>\u201c<\/em><strong><em>La supercherie <\/em><\/strong><em>que constituent les m\u00e9canismes<\/em><strong><em> de compensations carbone <\/em><\/strong><em>a pris encore plus d\u2019ampleur \u00e0 Glasgow. Il s\u2019agit d&rsquo;\u00e9chappatoires intol\u00e9rables qui mettent en danger la nature, les peuples indig\u00e8nes et l&rsquo;objectif de 1,5\u00b0C lui-m\u00eame. C&rsquo;est tr\u00e8s inqui\u00e9tant.&nbsp;<\/em><\/p>\n\n<p><em>Enfin, il a \u00e9t\u00e9 <\/em><strong><em>reconnu<\/em><\/strong><em> que les pays vuln\u00e9rables subissent d\u00e9j\u00e0 des pertes et des dommages en raison de la crise climatique, mais que les <\/em><strong><em>promesses de solidarit\u00e9<\/em><\/strong><em> \u00e0 l&rsquo;\u00e9gard de ces pays sont encore insuffisantes\u00a0\u00bb.\u201d<\/em><\/p>\n\n<h2 class=\"wp-block-heading\">La Flandre tire la Belgique vers le bas<\/h2>\n\n<p>Lors de cette COP, qui appelait \u00e0 revoir les ambitions \u00e0 la hausse et \u00e0 renforcer la confiance entre les pays, <strong>la Belgique<\/strong>, en tant que pays riche et pollueur historique, <strong>a une fois de plus livr\u00e9 un travail indigne<\/strong>.&nbsp;<\/p>\n\n<p><em>\u201c<\/em><strong><em>C\u2019est surtout la Flandre qui bloque<\/em><\/strong><em>\u201d<\/em>, explique Carine Thibaut, repr\u00e9sentante de Greenpeace Belgique \u00e0 Glasgow.<em> \u201cC\u2019est une honte qu\u2019en plein sommet et apr\u00e8s avoir r\u00e9dig\u00e9 dans la pr\u00e9cipitation un brouillon de Plan climat au rabais, la ministre Zuhal Demir ait eu le culot d&rsquo;exiger une ambition climatique encore plus faible pour notre pays.&nbsp;<\/em><br><em>Les inondations de l&rsquo;\u00e9t\u00e9 dernier sont apparemment d\u00e9j\u00e0 oubli\u00e9es. Nos gouvernements doivent \u00e0 pr\u00e9sent collaborer et non se saborder, car le temps presse. <\/em><strong><em>Les progr\u00e8s r\u00e9alis\u00e9s sur la sc\u00e8ne climatique internationale sont tributaires des ambitions nationales.<\/em><\/strong><em> L\u2019effort climatique belge doit donc \u00eatre r\u00e9parti au plus vite et transform\u00e9 en politiques fortes et coh\u00e9rentes entre entit\u00e9s. En 2022, il sera en effet attendu de tous les pays de renforcer leurs ambitions pour combler l\u2019\u00e9cart avec l\u2019objectif d\u20191,5\u00b0C\u201d, <\/em>conclut Carine Thibaut.<\/p>\n","protected":false},"excerpt":{"rendered":"<p>La COP26 se termine \u00e0 Glasgow. Greenpeace est d\u00e9\u00e7ue du fragile et faible accord final qui n&rsquo;offre aucune r\u00e9ponse \u00e0 une crise climatique d\u00e9j\u00e0 mena\u00e7ante.<\/p>\n","protected":false},"author":80,"featured_media":24710,"comment_status":"closed","ping_status":"closed","sticky":false,"template":"","format":"standard","meta":{"ep_exclude_from_search":false,"p4_og_title":"","p4_og_description":"","p4_og_image":"","p4_og_image_id":"","p4_seo_canonical_url":"","p4_campaign_name":"not set","p4_local_project":"not set","p4_basket_name":"not set","p4_department":"","footnotes":""},"categories":[1],"tags":[86],"p4-page-type":[117],"class_list":["post-24723","post","type-post","status-publish","format-standard","has-post-thumbnail","hentry","category-non-classifiee","tag-climat","p4-page-type-communique-de-presse"],"_links":{"self":[{"href":"https:\/\/www.greenpeace.org\/belgium\/fr\/wp-json\/wp\/v2\/posts\/24723","targetHints":{"allow":["GET"]}}],"collection":[{"href":"https:\/\/www.greenpeace.org\/belgium\/fr\/wp-json\/wp\/v2\/posts"}],"about":[{"href":"https:\/\/www.greenpeace.org\/belgium\/fr\/wp-json\/wp\/v2\/types\/post"}],"author":[{"embeddable":true,"href":"https:\/\/www.greenpeace.org\/belgium\/fr\/wp-json\/wp\/v2\/users\/80"}],"replies":[{"embeddable":true,"href":"https:\/\/www.greenpeace.org\/belgium\/fr\/wp-json\/wp\/v2\/comments?post=24723"}],"version-history":[{"count":2,"href":"https:\/\/www.greenpeace.org\/belgium\/fr\/wp-json\/wp\/v2\/posts\/24723\/revisions"}],"predecessor-version":[{"id":24729,"href":"https:\/\/www.greenpeace.org\/belgium\/fr\/wp-json\/wp\/v2\/posts\/24723\/revisions\/24729"}],"wp:featuredmedia":[{"embeddable":true,"href":"https:\/\/www.greenpeace.org\/belgium\/fr\/wp-json\/wp\/v2\/media\/24710"}],"wp:attachment":[{"href":"https:\/\/www.greenpeace.org\/belgium\/fr\/wp-json\/wp\/v2\/media?parent=24723"}],"wp:term":[{"taxonomy":"category","embeddable":true,"href":"https:\/\/www.greenpeace.org\/belgium\/fr\/wp-json\/wp\/v2\/categories?post=24723"},{"taxonomy":"post_tag","embeddable":true,"href":"https:\/\/www.greenpeace.org\/belgium\/fr\/wp-json\/wp\/v2\/tags?post=24723"},{"taxonomy":"p4-page-type","embeddable":true,"href":"https:\/\/www.greenpeace.org\/belgium\/fr\/wp-json\/wp\/v2\/p4-page-type?post=24723"}],"curies":[{"name":"wp","href":"https:\/\/api.w.org\/{rel}","templated":true}]}}