{"id":25692,"date":"2021-12-14T16:04:39","date_gmt":"2021-12-14T15:04:39","guid":{"rendered":"https:\/\/www.greenpeace.org\/belgium\/?p=25692"},"modified":"2021-12-14T16:04:42","modified_gmt":"2021-12-14T15:04:42","slug":"greenpeace-gagne-son-proces-contre-le-gouvernement-flamand-et-cree-le-fonds-pour-un-air-sain","status":"publish","type":"post","link":"https:\/\/www.greenpeace.org\/belgium\/fr\/communique-de-presse\/25692\/greenpeace-gagne-son-proces-contre-le-gouvernement-flamand-et-cree-le-fonds-pour-un-air-sain\/","title":{"rendered":"Greenpeace gagne son proc\u00e8s contre le gouvernement flamand et cr\u00e9e le Fonds pour un Air Sain"},"content":{"rendered":"\n<p><strong>La Cour d&rsquo;appel de Bruxelles a condamn\u00e9 le gouvernement flamand pour sa politique d\u00e9faillante en mati\u00e8re de lutte contre la pollution de l&rsquo;air. C&rsquo;est le verdict final du proc\u00e8s que Greenpeace a entam\u00e9 en 2017. Le gouvernement flamand doit maintenant pr\u00e9senter rapidement un plan d&rsquo;action qualit\u00e9 de l\u2019air ambitieux et payer des astreintes. Avec cet argent, Greenpeace cr\u00e9era un fonds destin\u00e9 \u00e0 soutenir des projets locaux pour une meilleure qualit\u00e9 de l&rsquo;air.<\/strong><\/p>\n\n<p>En septembre 2017, Greenpeace a saisi la justice parce que le gouvernement flamand ne fait pas assez pour prot\u00e9ger ses habitants contre la pollution atmosph\u00e9rique, plus pr\u00e9cis\u00e9ment contre le d\u00e9passement permanent des normes europ\u00e9ennes en mati\u00e8re de dioxyde d&rsquo;azote (NO<sub>2<\/sub>). [1] Le juge de la Cour d&rsquo;appel de Bruxelles <a href=\"https:\/\/www.greenpeace.org\/static\/planet4-belgium-stateless\/2021\/12\/ab603c2a-kopie_arrest_2020ar1107_id42552-10606016.pdf\">donne aujourd&rsquo;hui raison \u00e0 Greenpeace <\/a>et confirme ainsi les pr\u00e9c\u00e9dents verdicts du juge de premi\u00e8re instance et du juge des saisies. [2]<\/p>\n\n<p><em>\u201cPlus de quatre ans se sont \u00e9coul\u00e9s depuis notre premi\u00e8re mise en demeure et le gouvernement flamand n&rsquo;a toujours pas travaill\u00e9 \u00e0 l&rsquo;\u00e9laboration d&rsquo;un v\u00e9ritable plan d&rsquo;action pour l&rsquo;air. C\u2019est une honte quand on sait que plus de 9.000 personnes meurent pr\u00e9matur\u00e9ment dans notre pays chaque ann\u00e9e \u00e0 cause de la mauvaise qualit\u00e9 de l&rsquo;air\u201d<\/em>, a d\u00e9clar\u00e9 Joeri Thijs, expert Mobilit\u00e9 chez Greenpeace. [3]<\/p>\n\n<h2 class=\"wp-block-heading\">Le trafic, principal responsable<\/h2>\n\n<p>Le trafic est la principale source de pollution de l&rsquo;air. Des \u00e9tudes montrent que le fait de vivre \u00e0 proximit\u00e9 de routes tr\u00e8s fr\u00e9quent\u00e9es entra\u00eene une r\u00e9duction de la capacit\u00e9 pulmonaire des enfants, des troubles de la concentration et m\u00eame de la d\u00e9mence.\u00a0<\/p>\n\n<p>Selon la Commission europ\u00e9enne, la pollution atmosph\u00e9rique co\u00fbte au syst\u00e8me de sant\u00e9 belge pas moins <a href=\"https:\/\/ec.europa.eu\/environment\/archives\/air\/pdf\/Impact_assessment_en.pdf\">de 8 milliards d&rsquo;euros par an, soit 725 euros par Belge<\/a>. [4] La pollution au dioxyde d&rsquo;azote contribue \u00e9galement \u00e0 la formation de pr\u00e9cipitations d\u2019azote, ce qui a des cons\u00e9quences d\u00e9sastreuses pour notre nature. La ministre flamande Zuhal Demir <a href=\"https:\/\/www.n-va.be\/nieuws\/zuhal-demir-over-stikstof-in-vlaanderen-na-corona-is-stikstof-het-belangrijkste-dossier\">elle-m\u00eame a indiqu\u00e9<\/a> d\u00e9but 2021 qu&rsquo;un plan d&rsquo;action ambitieux pour l&rsquo;air devrait contribuer \u00e0 r\u00e9soudre cette crise de l&rsquo;azote qui secoue la Flandre.<\/p>\n\n<p><em>\u201cNos poumons, le climat et la nature ont maintenant besoin de politiques audacieuses qui rendent notre mobilit\u00e9 plus saine, plus durable et plus inclusive. L&rsquo;abandon des v\u00e9hicules fonctionnant aux combustibles fossiles, la verdurisation et le d\u00e9veloppement des transports publics et les mesures incitatives et de soutien visant \u00e0 faire sortir davantage de personnes de leur voiture : tout cela doit maintenant \u00eatre acc\u00e9l\u00e9r\u00e9 par cet arr\u00eat\u201d<\/em>, d\u00e9clare Joeri Thijs.<\/p>\n\n<h2 class=\"wp-block-heading\">Nouveau : le Fonds pour un Air Sain<\/h2>\n\n<p>En 2018 d\u00e9j\u00e0, le tribunal de premi\u00e8re instance a impos\u00e9 au gouvernement une astreinte journali\u00e8re de 1.000 euros par jour dans l&rsquo;attente d&rsquo;un plan ambitieux d&rsquo;action en faveur de la qualit\u00e9 de l&rsquo;air qui soit conforme \u00e0 la r\u00e9glementation europ\u00e9enne. Le total de ces astreintes est depuis mont\u00e9 &nbsp;\u00e0 environ 750.000 \u20ac.<\/p>\n\n<p><em>\u201cNous n&rsquo;allons pas en justice pour obtenir des recettes d\u2019astreintes, mais pour rappeler aux d\u00e9cideurs leur devoir et les forcer \u00e0 agir\u201d<\/em>, explique Joeri Thijs. <em>\u201cNous utiliserons cet argent pour lancer un Fonds pour un Air Sain, en coop\u00e9ration avec BePlanet. Avec cela, nous soutiendrons les groupes d&rsquo;action et les associations qui ont des projets locaux pour am\u00e9liorer la qualit\u00e9 de l&rsquo;air. Le gouvernement ne nous prot\u00e8ge pas assez, alors nous donnons nous-m\u00eames le coup d\u2019acc\u00e9l\u00e9rateur n\u00e9cessaire.\u201d<\/em><\/p>\n\n<p>De plus amples informations sur la cr\u00e9ation du Fonds pour un Air Sain et sur les modalit\u00e9s pour obtenir un soutien pour un projet sont disponibles sur le site web <a href=\"http:\/\/www.fondsgezondelucht.be\">www.fondsgezondelucht.be<\/a>.<\/p>\n\n<p><strong>Contact<\/strong><\/p>\n\n<p>Service de presse de Greenpeace, 0496\/26.31.91 &#8211; <a href=\"mailto:bpress@greenpace.org\">bpress@greenpace.org<\/a>&nbsp;<\/p>\n\n<p><strong>Notes<\/strong><\/p>\n\n<p>[1] La Flandre est en infraction avec les normes europ\u00e9ennes en mati\u00e8re de dioxyde d&rsquo;azote (NO<sub>2<\/sub>) depuis 2010. Elle a obtenu un report jusqu&rsquo;en 2015, mais avec le plan actuel, elle ne r\u00e9pondra dans le meilleur des cas qu&rsquo;en 2025 aux normes europ\u00e9ennes en mati\u00e8re de NO<sub>2<\/sub>, qui sont en r\u00e9alit\u00e9 laxistes<a href=\"https:\/\/www.euro.who.int\/en\/health-topics\/environment-and-health\/air-quality\/publications\/2013\/review-of-evidence-on-health-aspects-of-air-pollution-revihaapinterim-report\"> par rapport \u00e0 ce qui serait n\u00e9cessaire pour notre sant\u00e9<\/a>. Les <a href=\"https:\/\/www.irceline.be\/nl\/documentatie\/modellen\/atmo-street\">cartes mod\u00e9lis\u00e9es de la Cellule Interr\u00e9gionale de l&rsquo;Environnement (CELINE)<\/a> confirment que les limites europ\u00e9ennes pour le NO<sub>2<\/sub> sont toujours d\u00e9pass\u00e9es dans de nombreux endroits en Flandre.<\/p>\n\n<p>[2] En septembre 2017, Greenpeace a assign\u00e9 le gouvernement flamand en justice en raison de l&rsquo;insalubrit\u00e9 de l&rsquo;air en Flandre, et plus pr\u00e9cis\u00e9ment du d\u00e9passement continu des normes europ\u00e9ennes en mati\u00e8re de NO<sub>2<\/sub>. Le tribunal a donn\u00e9 raison \u00e0 Greenpeace et a d\u00e9cid\u00e9 que le gouvernement flamand devait \u00e9laborer un plan de qualit\u00e9 de l&rsquo;air dans un d\u00e9lai d&rsquo;un an \u00e0 compter de la notification <a href=\"https:\/\/www.hovenenrechtbanken.be\/sites\/default\/files\/Nieuwsartikels\/greenpeace_vlaamsgewest101018.pdf\">du jugemen<\/a>t (6 novembre 2018), montrant comment ces d\u00e9passements ill\u00e9gaux pourraient \u00eatre \u00e9limin\u00e9s le plus rapidement possible. Le tribunal y a assorti une astreinte de 1.000 euros par jour en cas de non-respect du jugement. <a href=\"https:\/\/omgeving.vlaanderen.be\/sites\/default\/files\/atoms\/files\/1%20VR%202019%202510%20MED.0359-2%20Luchtbeleidsplan.pdf\">Le plan<\/a> que le gouvernement flamand a pr\u00e9sent\u00e9 en 2019 \u00e9tait largement insuffisant. <a href=\"https:\/\/www.greenpeace.org\/belgium\/nl\/persbericht\/7535\/greenpeace-stuurt-deurwaarder-naar-demir-luchtkwaliteitsplan-is-ondermaats\/\">Greenpeace a alors envoy\u00e9 un huissier au bureau de la ministre<\/a> Demir, apr\u00e8s quoi l&rsquo;affaire a \u00e9t\u00e9 port\u00e9e devant le tribunal des saisies. L&rsquo;organisation <a href=\"https:\/\/www.greenpeace.org\/belgium\/fr\/communique-de-presse\/16623\/pollution-de-lair-en-flandre-la-justice-donne-une-nouvelle-fois-raison-a-greenpeace\/\">a obtenu raison une nouvelle fois<\/a>. Le gouvernement flamand a fait appel contre la d\u00e9cision du juge. Aujourd&rsquo;hui, la Cour d&rsquo;appel de Bruxelles a confirm\u00e9 le verdict en faveur de Greenpeace. Retrouver le jugement complet <a href=\"https:\/\/www.greenpeace.org\/static\/planet4-belgium-stateless\/2021\/12\/ab603c2a-kopie_arrest_2020ar1107_id42552-10606016.pdf\">ici<\/a>.<\/p>\n\n<p>[3] Les calculs de l&rsquo;Agence europ\u00e9enne pour l&rsquo;environnement montrent que dans notre pays, plus de 9.000 personnes meurent pr\u00e9matur\u00e9ment chaque ann\u00e9e en raison de la mauvaise qualit\u00e9 de l&rsquo;air :\u00a0<a href=\"https:\/\/www.eea.europa.eu\/publications\/air-quality-in-europe-2019\">https:\/\/www.eea.europa.eu\/publications\/air-quality-in-europe-2019<\/a> <a href=\"https:\/\/www.thelancet.com\/journals\/lanplh\/article\/PIIS2542-5196(19)30059-2\/fulltext\">https:\/\/www.thelancet.com\/journals\/lanplh\/article\/PIIS2542-5196(19)30059-2\/fulltext<\/a><\/p>\n\n<p>[4] La Commission europ\u00e9enne a d\u00e9j\u00e0 plusieurs fois rappel\u00e9 la Belgique \u00e0 l\u2019ordre pour non-respect des normes de qualit\u00e9 de l&rsquo;air et elle a franchi <a href=\"https:\/\/ec.europa.eu\/commission\/presscorner\/detail\/en\/inf_21_441\">une nouvelle \u00e9tape<\/a> en 2021 en entamant <a href=\"https:\/\/ec.europa.eu\/commission\/presscorner\/detail\/NL\/MEMO_18_6247\">une proc\u00e9dure d&rsquo;infraction<\/a>. Une saisie de la Cour europ\u00e9enne de justice est imminente.<\/p>\n","protected":false},"excerpt":{"rendered":"<p>La Cour d&rsquo;appel de Bruxelles a condamn\u00e9 le gouvernement flamand pour sa politique d\u00e9faillante en mati\u00e8re de lutte contre la pollution de l&rsquo;air.<\/p>\n","protected":false},"author":80,"featured_media":20925,"comment_status":"closed","ping_status":"closed","sticky":false,"template":"","format":"standard","meta":{"ep_exclude_from_search":false,"p4_og_title":"","p4_og_description":"","p4_og_image":"","p4_og_image_id":"","p4_seo_canonical_url":"","p4_campaign_name":"not set","p4_local_project":"not set","p4_basket_name":"not set","p4_department":"","footnotes":""},"categories":[1],"tags":[],"p4-page-type":[117],"class_list":["post-25692","post","type-post","status-publish","format-standard","has-post-thumbnail","hentry","category-non-classifiee","p4-page-type-communique-de-presse"],"_links":{"self":[{"href":"https:\/\/www.greenpeace.org\/belgium\/fr\/wp-json\/wp\/v2\/posts\/25692","targetHints":{"allow":["GET"]}}],"collection":[{"href":"https:\/\/www.greenpeace.org\/belgium\/fr\/wp-json\/wp\/v2\/posts"}],"about":[{"href":"https:\/\/www.greenpeace.org\/belgium\/fr\/wp-json\/wp\/v2\/types\/post"}],"author":[{"embeddable":true,"href":"https:\/\/www.greenpeace.org\/belgium\/fr\/wp-json\/wp\/v2\/users\/80"}],"replies":[{"embeddable":true,"href":"https:\/\/www.greenpeace.org\/belgium\/fr\/wp-json\/wp\/v2\/comments?post=25692"}],"version-history":[{"count":4,"href":"https:\/\/www.greenpeace.org\/belgium\/fr\/wp-json\/wp\/v2\/posts\/25692\/revisions"}],"predecessor-version":[{"id":25702,"href":"https:\/\/www.greenpeace.org\/belgium\/fr\/wp-json\/wp\/v2\/posts\/25692\/revisions\/25702"}],"wp:featuredmedia":[{"embeddable":true,"href":"https:\/\/www.greenpeace.org\/belgium\/fr\/wp-json\/wp\/v2\/media\/20925"}],"wp:attachment":[{"href":"https:\/\/www.greenpeace.org\/belgium\/fr\/wp-json\/wp\/v2\/media?parent=25692"}],"wp:term":[{"taxonomy":"category","embeddable":true,"href":"https:\/\/www.greenpeace.org\/belgium\/fr\/wp-json\/wp\/v2\/categories?post=25692"},{"taxonomy":"post_tag","embeddable":true,"href":"https:\/\/www.greenpeace.org\/belgium\/fr\/wp-json\/wp\/v2\/tags?post=25692"},{"taxonomy":"p4-page-type","embeddable":true,"href":"https:\/\/www.greenpeace.org\/belgium\/fr\/wp-json\/wp\/v2\/p4-page-type?post=25692"}],"curies":[{"name":"wp","href":"https:\/\/api.w.org\/{rel}","templated":true}]}}