{"id":26259,"date":"2022-02-16T15:18:41","date_gmt":"2022-02-16T14:18:41","guid":{"rendered":"https:\/\/www.greenpeace.org\/belgium\/?p=26259"},"modified":"2022-02-16T15:20:52","modified_gmt":"2022-02-16T14:20:52","slug":"les-ongs-environnementales-repeter-les-erreurs-du-passe-nest-pas-la-solution","status":"publish","type":"post","link":"https:\/\/www.greenpeace.org\/belgium\/fr\/communique-de-presse\/26259\/les-ongs-environnementales-repeter-les-erreurs-du-passe-nest-pas-la-solution\/","title":{"rendered":"Les ONGs environnementales: \u00ab\u00a0R\u00e9p\u00e9ter les erreurs du pass\u00e9  n\u2019est pas la solution\u00a0\u00bb"},"content":{"rendered":"\n<p><strong>Les organisations patronales appellent aujourd\u2019hui dans la presse \u00e0 la prolongation de deux r\u00e9acteurs nucl\u00e9aires au-del\u00e0 de 2025. Pour les ONGs environnementales BBL, Greenpeace et IEW: <\/strong><strong><em>\u00ab\u00a0Les vieux r\u00e9acteurs sont une part du probl\u00e8me actuel, les prolonger augmente le risque de potentiels black-outs. Et retarder encore la sortie du nucl\u00e9aire n\u2019offrira pas une meilleure stabilit\u00e9 des prix de l\u2019\u00e9nergie, au contraire.\u201d<\/em><\/strong><\/p>\n\n<p>Sortie du nucl\u00e9aire et du charbon dans les pays voisins, pannes \u00e0 r\u00e9p\u00e9tition des r\u00e9acteurs nucl\u00e9aires, hausses des prix de l&rsquo;\u00e9nergie&#8230; Les probl\u00e8mes auxquels les entreprises font r\u00e9f\u00e9rence aujourd&rsquo;hui ne sont pas nouveaux. L&rsquo;Allemagne, par exemple, \u00e9limine peu \u00e0 peu ses centrales nucl\u00e9aires selon un calendrier pr\u00e9cis depuis 2011, et l&rsquo;on sait \u00e9galement depuis un certain temps que les centrales au charbon devront fermer. Les probl\u00e8mes des centrales nucl\u00e9aires fran\u00e7aises ne datent pas non plus d\u2019hier.&nbsp;<\/p>\n\n<p>Pour faire face \u00e0 cette situation, et pour contre les prix \u00e9lev\u00e9s actuels, la solution ne passe donc en aucun cas par une prolongation des r\u00e9acteurs mais par une transition \u00e9nerg\u00e9tique ambitieuse, durable et socialement juste, pouss\u00e9e par tous les niveaux de pouvoir.<\/p>\n\n<h2 class=\"wp-block-heading\">On continue avec les m\u00eames oeill\u00e8res<\/h2>\n\n<h2 class=\"wp-block-heading\"><\/h2>\n\n<p><em>\u00ab\u00a0Les employeurs devraient se rappeler qu\u2019on ne sait pas r\u00e9soudre un probl\u00e8me en prolongeant ce qui l\u2019a caus\u00e9\u201d<\/em>, explique Jan Vande Putte, expert \u00e9nergie de Greenpeace. <em>\u201cIl est irrationnel de miser sur des vieux r\u00e9acteurs pr\u00e9cis\u00e9ment au moment o\u00f9 EDF, le plus gros producteur d\u2019\u00e9lectricit\u00e9 d\u2019Europe, annonce une production historiquement basse sur l\u2019ensemble de son parc nucl\u00e9aire fran\u00e7ais jusqu&rsquo;en 2023 \u00e0 la suite de probl\u00e8mes techniques clairement li\u00e9s au vieillissement\u2026 Et o\u00f9 le le gestionnaire de r\u00e9seau \u00e9lectrique fran\u00e7ais (RTE) annonce m\u00eame un risque de coupures d&rsquo;\u00e9lectricit\u00e9 en France en cas de vagues de froid.\u00a0\u00bb<\/em><\/p>\n\n<p>Les organisations environnementales appellent \u00e0 tirer les le\u00e7ons du pass\u00e9. <em>\u201cOn a l\u2019impression de revivre les m\u00eames erreurs qu\u2019en 2015 quand la Belgique a d\u00e9cid\u00e9 de prolonger Doel 1 et 2 en invoquant d\u00e9j\u00e0 la s\u00e9curit\u00e9 d&rsquo;approvisionnement. R\u00e9sultat : en 2018, on s\u2019est retrouv\u00e9 avec presque tout le parc \u00e0 l\u2019arr\u00eat de mani\u00e8re non pr\u00e9par\u00e9e, et notre s\u00e9curit\u00e9 d&rsquo;approvisionnement menac\u00e9e\u00a0\u00bb,<\/em> rappelle Arnaud Collignon, expert \u00e9nergie chez IEW.&nbsp;<\/p>\n\n<p>Le r\u00e9cent rapport de l\u2019AFCN d\u00e9crit un sc\u00e9nario purement hypoth\u00e9tique pour l&rsquo;extension qui n&rsquo;est ni l\u00e9galement ni techniquement r\u00e9alisable, comme l&rsquo;a confirm\u00e9 Engie. [1]<\/p>\n\n<h2 class=\"wp-block-heading\">Les prix ne baisseront pas<\/h2>\n\n<p>Les prix de l&rsquo;\u00e9nergie ne baisseront pas si les deux derniers r\u00e9acteurs nucl\u00e9aires restent en service. \u201c<em>Aujourd&rsquo;hui, tous les r\u00e9acteurs belges fonctionnent \u00e0 pleine capacit\u00e9 et pourtant, cela n&rsquo;a pas permis de nous prot\u00e9ger de la hausse des prix de l&rsquo;\u00e9nergie\u201d<\/em>, explique Erwin Cornelis, responsable de la politique \u00e9nerg\u00e9tique chez Bond Beter Leefmilieu.<\/p>\n\n<p><em>\u00ab\u00a0Dans le m\u00eame temps, nous observons pour l\u2019instant une baisse des prix de l&rsquo;\u00e9lectricit\u00e9. Pourquoi ? Parce que les vents forts nous fournissent de l&rsquo;\u00e9lectricit\u00e9 bon march\u00e9. Une vraie bouff\u00e9e d\u2019air frais dans cette p\u00e9riode de tension sur le march\u00e9, et cela gr\u00e2ce aux \u00e9nergies renouvelables dont le d\u00e9veloppement, comme beaucoup d\u2019entrepreneurs l\u2019ont d\u00e9j\u00e0 compris, doit lui s\u2019acc\u00e9l\u00e9rer.\u201d<\/em><\/p>\n\n<figure class=\"wp-block-image size-large\"><img loading=\"lazy\" decoding=\"async\" width=\"1024\" height=\"684\" src=\"https:\/\/www.greenpeace.org\/static\/planet4-belgium-stateless\/2022\/02\/1f8c4949-gp0stprck-1024x684.jpg\" title=\"Tihange Nuclear Power Station in Belgium. \u00a9 Bernd Arnold \/ Greenpeace\" alt=\"\" class=\"wp-image-26139\" srcset=\"https:\/\/www.greenpeace.org\/static\/planet4-belgium-stateless\/2022\/02\/1f8c4949-gp0stprck-1024x684.jpg 1024w, https:\/\/www.greenpeace.org\/static\/planet4-belgium-stateless\/2022\/02\/1f8c4949-gp0stprck-300x200.jpg 300w, https:\/\/www.greenpeace.org\/static\/planet4-belgium-stateless\/2022\/02\/1f8c4949-gp0stprck-768x513.jpg 768w, https:\/\/www.greenpeace.org\/static\/planet4-belgium-stateless\/2022\/02\/1f8c4949-gp0stprck-510x340.jpg 510w, https:\/\/www.greenpeace.org\/static\/planet4-belgium-stateless\/2022\/02\/1f8c4949-gp0stprck.jpg 1200w\" sizes=\"auto, (max-width: 1024px) 100vw, 1024px\" \/><figcaption>La centrale nucl\u00e9aire de Tihange<div class=\"credit icon-left\"> \u00a9 Bernd Arnold \/ Greenpeace<\/div><\/figcaption><\/figure>\n\n<p><em>\u00ab\u00a0Ce dont nous avons besoin, c&rsquo;est d&rsquo;un gouvernement qui ne change plus d\u2019avis et consolide la sortie du nucl\u00e9aire d\u00e9finie par la loi, d&rsquo;un r\u00e9gulateur nucl\u00e9aire qui encadre sa mise en oeuvre de mani\u00e8re ind\u00e9pendante et d\u2019entrepreneurs qui s&rsquo;engagent pleinement dans la transition vers un syst\u00e8me \u00e9nerg\u00e9tique durable et robuste. C\u2019est l\u00e0 que se trouve le meilleur moyen de garantir la s\u00e9curit\u00e9 d&rsquo;approvisionnement \u00e0 un prix comp\u00e9titif<\/em>\u00ab\u00a0, conclut Jan Vande Putte. <em>\u00ab\u00a0Sinon, nous risquons de nous retrouver en 2025 et 2026 exactement dans la m\u00eame situation qu&rsquo;en 2018 : une production nucl\u00e9aire erratique et une capacit\u00e9 de remplacement insuffisante, entra\u00eenant des prix impr\u00e9visibles.\u00a0\u00bb<\/em><\/p>\n\n<p><strong>Note :&nbsp;<\/strong><\/p>\n\n<p>[1] Le 17 janvier, l&rsquo;AFCN a remis au gouvernement son rapport sur l&rsquo;extension \u00e9ventuelle de Doel 4 et Tihange 3 :<br><a href=\"https:\/\/afcn.fgov.be\/fr\/system\/files\/20210117-cp-rapport-afcn-points-action-lto-d4-t3.pdf\">https:\/\/afcn.fgov.be\/fr\/system\/files\/20210117-cp-rapport-afcn-points-action-lto-d4-t3.pdf<\/a><\/p>\n\n<p><strong>Contact :<\/strong>Service presse Greenpeace Belgique : 0496\/26.31.91 &#8211; <a href=\"mailto:bpress@greenpeace.org\">bpress@greenpeace.org<\/a><\/p>\n","protected":false},"excerpt":{"rendered":"<p>Les organisations patronales appellent aujourd\u2019hui dans la presse \u00e0 la prolongation de deux r\u00e9acteurs nucl\u00e9aires au-del\u00e0 de 2025. Pour les ONGs environnementales BBL, Greenpeace et IEW: \u00ab\u00a0Les vieux r\u00e9acteurs sont&hellip;<\/p>\n","protected":false},"author":80,"featured_media":26139,"comment_status":"closed","ping_status":"closed","sticky":false,"template":"","format":"standard","meta":{"ep_exclude_from_search":false,"p4_og_title":"","p4_og_description":"","p4_og_image":"","p4_og_image_id":"","p4_seo_canonical_url":"","p4_campaign_name":"not set","p4_local_project":"not set","p4_basket_name":"not set","p4_department":"","footnotes":""},"categories":[1],"tags":[70,70],"p4-page-type":[117],"class_list":{"0":"post-26259","1":"post","2":"type-post","3":"status-publish","4":"format-standard","5":"has-post-thumbnail","6":"hentry","7":"category-non-classifiee","8":"tag-energie","10":"p4-page-type-communique-de-presse"},"_links":{"self":[{"href":"https:\/\/www.greenpeace.org\/belgium\/fr\/wp-json\/wp\/v2\/posts\/26259","targetHints":{"allow":["GET"]}}],"collection":[{"href":"https:\/\/www.greenpeace.org\/belgium\/fr\/wp-json\/wp\/v2\/posts"}],"about":[{"href":"https:\/\/www.greenpeace.org\/belgium\/fr\/wp-json\/wp\/v2\/types\/post"}],"author":[{"embeddable":true,"href":"https:\/\/www.greenpeace.org\/belgium\/fr\/wp-json\/wp\/v2\/users\/80"}],"replies":[{"embeddable":true,"href":"https:\/\/www.greenpeace.org\/belgium\/fr\/wp-json\/wp\/v2\/comments?post=26259"}],"version-history":[{"count":3,"href":"https:\/\/www.greenpeace.org\/belgium\/fr\/wp-json\/wp\/v2\/posts\/26259\/revisions"}],"predecessor-version":[{"id":26262,"href":"https:\/\/www.greenpeace.org\/belgium\/fr\/wp-json\/wp\/v2\/posts\/26259\/revisions\/26262"}],"wp:featuredmedia":[{"embeddable":true,"href":"https:\/\/www.greenpeace.org\/belgium\/fr\/wp-json\/wp\/v2\/media\/26139"}],"wp:attachment":[{"href":"https:\/\/www.greenpeace.org\/belgium\/fr\/wp-json\/wp\/v2\/media?parent=26259"}],"wp:term":[{"taxonomy":"category","embeddable":true,"href":"https:\/\/www.greenpeace.org\/belgium\/fr\/wp-json\/wp\/v2\/categories?post=26259"},{"taxonomy":"post_tag","embeddable":true,"href":"https:\/\/www.greenpeace.org\/belgium\/fr\/wp-json\/wp\/v2\/tags?post=26259"},{"taxonomy":"p4-page-type","embeddable":true,"href":"https:\/\/www.greenpeace.org\/belgium\/fr\/wp-json\/wp\/v2\/p4-page-type?post=26259"}],"curies":[{"name":"wp","href":"https:\/\/api.w.org\/{rel}","templated":true}]}}