{"id":26286,"date":"2022-02-17T13:14:51","date_gmt":"2022-02-17T12:14:51","guid":{"rendered":"https:\/\/www.greenpeace.org\/belgium\/?p=26286"},"modified":"2024-03-11T14:40:24","modified_gmt":"2024-03-11T13:40:24","slug":"action-cette-publicite-aggrave-la-crise-climatique-nous-exigeons-son-interdiction","status":"publish","type":"post","link":"https:\/\/www.greenpeace.org\/belgium\/fr\/actualites-blog\/26286\/action-cette-publicite-aggrave-la-crise-climatique-nous-exigeons-son-interdiction\/","title":{"rendered":"ACTION : Cette publicit\u00e9 aggrave la crise climatique, nous exigeons son interdiction"},"content":{"rendered":"\n<p><strong>Une vingtaine d\u2019activistes ont d\u00e9tourn\u00e9 ce matin deux panneaux publicitaires g\u00e9ants pour une voiture polluante \u00e0 Bruxelles, rappelant ainsi l\u2019impact de ce type de publicit\u00e9 dans la crise climatique.<\/strong><\/p>\n\n<p>La publicit\u00e9 fossile est au c\u0153ur de notre quotidien. Elle peuple notre espace priv\u00e9 et public. Qu\u2019il s\u2019agisse d&rsquo;une publicit\u00e9 pour un vol low cost, pour un SUV polluant, pour un fournisseur d\u2019\u00e9nergies fossiles &#8230; Il ne se passe pas un jour sans que nous y soyons confront\u00e9s. Chez Greenpeace nous refusons cela. Nous refusons de voir des industries polluantes mener une propagande mensong\u00e8re pour nous faire croire qu&rsquo;un monde plus vert est compatible avec la combustion des \u00e9nergies fossiles. Ce<em> greenwashing<\/em> l\u00e9gal a pour cons\u00e9quence de retarder encore et toujours une action climatique pourtant vitale.<\/p>\n\n<p>Le d\u00e9tournement publicitaire r\u00e9alis\u00e9 ce matin visait une publicit\u00e9 automobile. Des activistes y ont ajout\u00e9 des images de catastrophes climatiques, compl\u00e9t\u00e9es par le message : \u201ccette publicit\u00e9 aggrave la crise climatique.\u201d En menant cette action coup de poing, Greenpeace interpellait directement les citoyen.nes. L\u2019id\u00e9e d\u2019une interdiction des publicit\u00e9s fossiles fait son chemin dans le d\u00e9bat public. Elle est au c\u0153ur d\u2019une vaste p\u00e9tition lanc\u00e9e en octobre, qui a d\u00e9j\u00e0 rassembl\u00e9 plus de 170.00 signatures. Voici cinq bonnes raisons d\u2019y adh\u00e9rer.<\/p>\n\n<h2 class=\"wp-block-heading\">Pourquoi faut-il interdire la publicit\u00e9 fossile?&nbsp;<\/h2>\n\n<ul class=\"wp-block-list\">\n<li>La publicit\u00e9 pour des produits fossiles (tels que des vols en avion, des voitures, &#8230;) entra\u00eene une augmentation directe des ventes et par cons\u00e9quent des \u00e9missions de CO2. Un exemple? Une simple campagne publicitaire <a href=\"https:\/\/greatreset.com\/files\/Ecoffectiveness.pdf\">aurait permis \u00e0 Audi<\/a> de vendre 132 700 voitures suppl\u00e9mentaires, qui ont \u00e9mis ensemble 5 175 300 tonnes de CO\u2082. Il s\u2019agit ni plus ni moins d\u2019un facteur direct d\u2019aggravation de la crise climatique.&nbsp;<\/li>\n\n\n\n<li>Les <a href=\"https:\/\/www.theguardian.com\/environment\/2021\/sep\/09\/big-oil-delay-tactics-new-climate-science-denial\">mensonges de l\u2019industrie fossile<\/a> retarde l\u2019action climatique. <a href=\"https:\/\/www.greenpeace.org\/static\/planet4-netherlands-stateless\/2021\/10\/3b500e9b-words-vs-actions-the-truth-behind-fossil-fuel-advertising.pdf\">Une \u00e9tude command\u00e9e<\/a> par Greenpeace, qui s\u2019est pench\u00e9e sur plus de 3000 publicit\u00e9s sur les m\u00e9dias sociaux, a d\u00e9montr\u00e9 que deux publicit\u00e9s sur trois \u00e9mises par des grandes entreprises d\u2019\u00e9nergie peuvent directement \u00eatre qualifi\u00e9es de <em>greenwashing<\/em>.&nbsp;<\/li>\n\n\n\n<li>Le dernier rapport du GIEC (qualifi\u00e9 de \u201ccode rouge pour l\u2019humanit\u00e9\u201d) a une nouvelle fois d\u00e9sign\u00e9 l&rsquo;industrie des \u00e9nergies fossiles comme responsable de la crise climatique et de ses dramatiques cons\u00e9quences d\u00e9j\u00e0 \u00e0 l&rsquo;\u0153uvre : s\u00e9cheresses, incendies, inondations\u2026 Cette industrie doit rendre des comptes.&nbsp;<\/li>\n\n\n\n<li>On estime que la pollution atmosph\u00e9rique caus\u00e9e par l&rsquo;industrie fossile a provoqu\u00e9 <a href=\"https:\/\/www.theguardian.com\/environment\/2021\/feb\/09\/fossil-fuels-pollution-deaths-research\">8,7 millions de d\u00e9c\u00e8s<\/a> dans le monde en 2018. Les \u00e9nergies fossiles, comme le tabac, sont nocifs pour la sant\u00e9. La publicit\u00e9 pour le tabac est d\u00e9j\u00e0 interdite par une loi europ\u00e9enne. Pourquoi pas la publicit\u00e9 fossile ?&nbsp;<\/li>\n\n\n\n<li>La p\u00e9tition lanc\u00e9e par Greenpeace et une vingtaine d\u2019autres ONG\u2019s peut directement faire \u00e9voluer la loi. Il s&rsquo;agit d&rsquo;une \u2018initiative citoyenne europ\u00e9enne (ICE)\u2019. Si elle recueille plus d\u20191 million de signatures en un an, elle obligera la Commission europ\u00e9enne \u00e0 y r\u00e9pondre.&nbsp;<\/li>\n<\/ul>\n\n<span class=\"shareSocialArea\">\n<a class=\"shareFacebook\" href=\"https:\/\/www.facebook.com\/sharer\/sharer.php?u=https%3A%2F%2Fwww.greenpeace.org%2Fbelgium%2Ffr%2Fblog%2F26286%2Faction-cette-publicite-aggrave-la-crise-climatique-nous-exigeons-son-interdiction%2F%3Futm_medium%3Dshare%26utm_content%3Dpostid-26286%26utm_source%3Dfacebook\" target=\"_blank\" rel=\"noopener noreferrer\">Je partage sur Facebook<\/a>\n<a class=\"shareTwitter\" href=\"https:\/\/twitter.com\/intent\/tweet?related=greenpeace_be&amp;text=ACTION%20%3A%20Cette%20publicit%C3%A9%20aggrave%20la%20crise%20climatique%2C%20nous%20exigeons%20son%20interdiction,%20via%20@greenpeace_be&amp;url=https%3A%2F%2Fwww.greenpeace.org%2Fbelgium%2Ffr%2Fblog%2F26286%2Faction-cette-publicite-aggrave-la-crise-climatique-nous-exigeons-son-interdiction%2F%3Futm_medium%3Dshare%26utm_content%3Dpostid-26286%26utm_source%3Dtwitter\" target=\"_blank\" rel=\"noopener noreferrer\">Je partage sur Twitter<\/a>\n<a class=\"shareWhatsapp\" href=\"https:\/\/wa.me\/?text=https%3A%2F%2Fwww.greenpeace.org%2Fbelgium%2Ffr%2Fblog%2F26286%2Faction-cette-publicite-aggrave-la-crise-climatique-nous-exigeons-son-interdiction%2F%3Futm_medium%3Dshare%26utm_content%3Dpostid-26286%26utm_source%3Dwhatsapp\" target=\"_blank\" rel=\"noopener noreferrer\">Je partage sur Whatsapp<\/a>\n<\/span>\n\n<div style=\"height:10px\" aria-hidden=\"true\" class=\"wp-block-spacer\"><\/div>\n<div class=\"EmptyMessage\">Block content is empty. Check the block&rsquo;s settings or remove it.<\/div>\n<p><\/p>\n","protected":false},"excerpt":{"rendered":"<p>Une vingtaine d\u2019activistes ont d\u00e9tourn\u00e9 ce matin deux panneaux publicitaires g\u00e9ants pour une voiture polluante \u00e0 Bruxelles, rappelant ainsi l\u2019impact de ce type de publicit\u00e9 dans la crise climatique.<\/p>\n","protected":false},"author":80,"featured_media":0,"comment_status":"closed","ping_status":"closed","sticky":false,"template":"","format":"standard","meta":{"ep_exclude_from_search":false,"p4_og_title":"","p4_og_description":"","p4_og_image":"","p4_og_image_id":"","p4_seo_canonical_url":"","p4_campaign_name":"not set","p4_local_project":"not set","p4_basket_name":"not set","p4_department":"","footnotes":""},"categories":[107],"tags":[86],"p4-page-type":[116],"class_list":["post-26286","post","type-post","status-publish","format-standard","hentry","category-ensemble-nous-sommes-la-solution","tag-climat","p4-page-type-actualites-blog"],"_links":{"self":[{"href":"https:\/\/www.greenpeace.org\/belgium\/fr\/wp-json\/wp\/v2\/posts\/26286","targetHints":{"allow":["GET"]}}],"collection":[{"href":"https:\/\/www.greenpeace.org\/belgium\/fr\/wp-json\/wp\/v2\/posts"}],"about":[{"href":"https:\/\/www.greenpeace.org\/belgium\/fr\/wp-json\/wp\/v2\/types\/post"}],"author":[{"embeddable":true,"href":"https:\/\/www.greenpeace.org\/belgium\/fr\/wp-json\/wp\/v2\/users\/80"}],"replies":[{"embeddable":true,"href":"https:\/\/www.greenpeace.org\/belgium\/fr\/wp-json\/wp\/v2\/comments?post=26286"}],"version-history":[{"count":7,"href":"https:\/\/www.greenpeace.org\/belgium\/fr\/wp-json\/wp\/v2\/posts\/26286\/revisions"}],"predecessor-version":[{"id":56369,"href":"https:\/\/www.greenpeace.org\/belgium\/fr\/wp-json\/wp\/v2\/posts\/26286\/revisions\/56369"}],"wp:attachment":[{"href":"https:\/\/www.greenpeace.org\/belgium\/fr\/wp-json\/wp\/v2\/media?parent=26286"}],"wp:term":[{"taxonomy":"category","embeddable":true,"href":"https:\/\/www.greenpeace.org\/belgium\/fr\/wp-json\/wp\/v2\/categories?post=26286"},{"taxonomy":"post_tag","embeddable":true,"href":"https:\/\/www.greenpeace.org\/belgium\/fr\/wp-json\/wp\/v2\/tags?post=26286"},{"taxonomy":"p4-page-type","embeddable":true,"href":"https:\/\/www.greenpeace.org\/belgium\/fr\/wp-json\/wp\/v2\/p4-page-type?post=26286"}],"curies":[{"name":"wp","href":"https:\/\/api.w.org\/{rel}","templated":true}]}}