{"id":26309,"date":"2022-02-22T11:28:05","date_gmt":"2022-02-22T10:28:05","guid":{"rendered":"https:\/\/www.greenpeace.org\/belgium\/?p=26309"},"modified":"2022-02-22T16:06:35","modified_gmt":"2022-02-22T15:06:35","slug":"500-courageux-ses-benevoles-plantent-plus-de-3000-arbres","status":"publish","type":"post","link":"https:\/\/www.greenpeace.org\/belgium\/fr\/actualites-blog\/26309\/500-courageux-ses-benevoles-plantent-plus-de-3000-arbres\/","title":{"rendered":"500 courageux.ses b\u00e9n\u00e9voles plantent plus de 3000 arbres"},"content":{"rendered":"\n<p><strong>La temp\u00eate Franklin n\u2019a pas r\u00e9ussi \u00e0 vous d\u00e9courager. Vous \u00e9tiez nombreux.ses \u00e0 avoir brav\u00e9 les dantesques conditions m\u00e9t\u00e9o pour nous aider \u00e0 planter la for\u00eat Greenpeace. Bottes aux pieds et pelles en main, des centaines de courageux.ses supporters de Greenpeace sont venu.e.s planter avec nous plus de 3000 arbres dans un champ \u00e0 Tirlemont.<\/strong><\/p>\n\n<figure class=\"wp-block-image size-large\"><img loading=\"lazy\" decoding=\"async\" width=\"1024\" height=\"683\" src=\"https:\/\/www.greenpeace.org\/static\/planet4-belgium-stateless\/2022\/02\/364ad2df-bettymatthysen-greenpeace-20022022-17-1024x683.jpg\" alt=\"\" class=\"wp-image-26310\" srcset=\"https:\/\/www.greenpeace.org\/static\/planet4-belgium-stateless\/2022\/02\/364ad2df-bettymatthysen-greenpeace-20022022-17-1024x683.jpg 1024w, https:\/\/www.greenpeace.org\/static\/planet4-belgium-stateless\/2022\/02\/364ad2df-bettymatthysen-greenpeace-20022022-17-300x200.jpg 300w, https:\/\/www.greenpeace.org\/static\/planet4-belgium-stateless\/2022\/02\/364ad2df-bettymatthysen-greenpeace-20022022-17-768x512.jpg 768w, https:\/\/www.greenpeace.org\/static\/planet4-belgium-stateless\/2022\/02\/364ad2df-bettymatthysen-greenpeace-20022022-17-1536x1024.jpg 1536w, https:\/\/www.greenpeace.org\/static\/planet4-belgium-stateless\/2022\/02\/364ad2df-bettymatthysen-greenpeace-20022022-17-2048x1366.jpg 2048w, https:\/\/www.greenpeace.org\/static\/planet4-belgium-stateless\/2022\/02\/364ad2df-bettymatthysen-greenpeace-20022022-17-510x340.jpg 510w\" sizes=\"auto, (max-width: 1024px) 100vw, 1024px\" \/><figcaption>Betty Matthysen \/ Greenpeace<\/figcaption><\/figure>\n\n<p>Vous vous souvenez probablement de notre action de fin d\u2019ann\u00e9e pendant laquelle vous pouviez symboliquement acheter un bout de for\u00eat pour l\u2019offrir \u00e0 un.e proche. Toutes les personnes qui avaient re\u00e7u ou offert ce cadeau pouvaient par la suite s\u2019inscrire pour venir planter des arbres \u00e0 Tirlemont. Le rendez-vous a \u00e9t\u00e9 fix\u00e9 dimanche dernier. Des centaines de personnes ont enfil\u00e9 leur imperm\u00e9able et se sont jointes \u00e0 nous pour poser les bases de la nouvelle for\u00eat Greenpeace.&nbsp;<\/p>\n\n<p>Avec l\u2019aide des professionnel.le.s de notre partenaire Bos+, nous avons plant\u00e9 3100 arbres parmi lesquels des tilleuls d\u2019hiver, des ch\u00eanes p\u00e9doncul\u00e9s, des aulnes, des cornouillers ou encore des charmes et des saules.<\/p>\n\n<h2 class=\"wp-block-heading\">De la soupe froide<\/h2>\n\n<p>M\u00eame s\u2019il faisait froid \u00e0 cause du vent glacial et de la pluie, nous pouvions compter sur l\u2019enthousiasme de tou.te.s les planteur.se.s d\u2019arbres pour nous r\u00e9chauffer.<\/p>\n\n<figure class=\"wp-block-image size-large\"><img loading=\"lazy\" decoding=\"async\" width=\"1024\" height=\"683\" src=\"https:\/\/www.greenpeace.org\/static\/planet4-belgium-stateless\/2022\/02\/6f830a47-bettymatthysen-greenpeace-20022022-9-1024x683.jpg\" alt=\"\" class=\"wp-image-26324\" srcset=\"https:\/\/www.greenpeace.org\/static\/planet4-belgium-stateless\/2022\/02\/6f830a47-bettymatthysen-greenpeace-20022022-9-1024x683.jpg 1024w, https:\/\/www.greenpeace.org\/static\/planet4-belgium-stateless\/2022\/02\/6f830a47-bettymatthysen-greenpeace-20022022-9-300x200.jpg 300w, https:\/\/www.greenpeace.org\/static\/planet4-belgium-stateless\/2022\/02\/6f830a47-bettymatthysen-greenpeace-20022022-9-768x512.jpg 768w, https:\/\/www.greenpeace.org\/static\/planet4-belgium-stateless\/2022\/02\/6f830a47-bettymatthysen-greenpeace-20022022-9-1536x1024.jpg 1536w, https:\/\/www.greenpeace.org\/static\/planet4-belgium-stateless\/2022\/02\/6f830a47-bettymatthysen-greenpeace-20022022-9-2048x1366.jpg 2048w, https:\/\/www.greenpeace.org\/static\/planet4-belgium-stateless\/2022\/02\/6f830a47-bettymatthysen-greenpeace-20022022-9-510x340.jpg 510w\" sizes=\"auto, (max-width: 1024px) 100vw, 1024px\" \/><figcaption> Betty Matthysen \/ Greenpeace<\/figcaption><\/figure>\n\n<p>Nous avons rencontr\u00e9 Julia (6 ans), C\u00e9lestine (7 ans), F\u00e9licien (3 ans) et leurs parents Fr\u00e9d\u00e9rique et Charlotte. Ils sont venus planter des arbres pour f\u00eater l&rsquo;anniversaire de C\u00e9lestine. <em>\u00ab\u00a0C&rsquo;\u00e9tait vraiment cool. Ma s\u0153ur et moi avons m\u00eame plant\u00e9 deux arbres tout.e seul.e\u201d<\/em>, nous raconte fi\u00e8rement C\u00e9lestien. <em>\u00ab\u00a0C&rsquo;\u00e9tait super cool\u00a0\u00bb<\/em>, confirme Julia en mangeant ses sandwichs apr\u00e8s le travail acharn\u00e9. <em>\u00ab\u00a0C&rsquo;est dommage que la soupe refroidisse si vite \u00e0 cause de la pluie.\u00a0\u00bb<\/em><\/p>\n<div data-render=\"planet4-blocks\/gallery\" data-attributes=\"{&quot;attributes&quot;:{&quot;multiple_image&quot;:&quot;26312,26314,26316&quot;,&quot;image_data&quot;:[{&quot;url&quot;:&quot;https:\\\/\\\/www.greenpeace.org\\\/static\\\/planet4-belgium-stateless\\\/2022\\\/02\\\/912cbfd5-bettymatthysen-greenpeace-20022022-19-scaled.jpg&quot;,&quot;focalPoint&quot;:{&quot;x&quot;:0.5,&quot;y&quot;:0.5},&quot;id&quot;:26312},{&quot;url&quot;:&quot;https:\\\/\\\/www.greenpeace.org\\\/static\\\/planet4-belgium-stateless\\\/2022\\\/02\\\/6b1f13f3-bettymatthysen-greenpeace-20022022-25-scaled.jpg&quot;,&quot;focalPoint&quot;:{&quot;x&quot;:0.5,&quot;y&quot;:0.5},&quot;id&quot;:26314},{&quot;url&quot;:&quot;https:\\\/\\\/www.greenpeace.org\\\/static\\\/planet4-belgium-stateless\\\/2022\\\/02\\\/a2615373-bettymatthysen-greenpeace-20022022-42-scaled.jpg&quot;,&quot;focalPoint&quot;:{&quot;x&quot;:0.5,&quot;y&quot;:0.5},&quot;id&quot;:26316}],&quot;className&quot;:&quot;is-style-grid&quot;,&quot;gallery_block_style&quot;:0,&quot;gallery_block_title&quot;:&quot;&quot;,&quot;gallery_block_description&quot;:&quot;&quot;,&quot;gallery_block_focus_points&quot;:&quot;&quot;,&quot;images&quot;:[{&quot;image_src&quot;:&quot;https:\\\/\\\/www.greenpeace.org\\\/static\\\/planet4-belgium-stateless\\\/2022\\\/02\\\/912cbfd5-bettymatthysen-greenpeace-20022022-19-scaled.jpg&quot;,&quot;image_srcset&quot;:&quot;https:\\\/\\\/www.greenpeace.org\\\/static\\\/planet4-belgium-stateless\\\/2022\\\/02\\\/912cbfd5-bettymatthysen-greenpeace-20022022-19-scaled.jpg 2560w, https:\\\/\\\/www.greenpeace.org\\\/static\\\/planet4-belgium-stateless\\\/2022\\\/02\\\/912cbfd5-bettymatthysen-greenpeace-20022022-19-300x200.jpg 300w, https:\\\/\\\/www.greenpeace.org\\\/static\\\/planet4-belgium-stateless\\\/2022\\\/02\\\/912cbfd5-bettymatthysen-greenpeace-20022022-19-1024x683.jpg 1024w, https:\\\/\\\/www.greenpeace.org\\\/static\\\/planet4-belgium-stateless\\\/2022\\\/02\\\/912cbfd5-bettymatthysen-greenpeace-20022022-19-768x512.jpg 768w, https:\\\/\\\/www.greenpeace.org\\\/static\\\/planet4-belgium-stateless\\\/2022\\\/02\\\/912cbfd5-bettymatthysen-greenpeace-20022022-19-1536x1024.jpg 1536w, https:\\\/\\\/www.greenpeace.org\\\/static\\\/planet4-belgium-stateless\\\/2022\\\/02\\\/912cbfd5-bettymatthysen-greenpeace-20022022-19-2048x1366.jpg 2048w, https:\\\/\\\/www.greenpeace.org\\\/static\\\/planet4-belgium-stateless\\\/2022\\\/02\\\/912cbfd5-bettymatthysen-greenpeace-20022022-19-510x340.jpg 510w&quot;,&quot;image_sizes&quot;:false,&quot;alt_text&quot;:&quot;&quot;,&quot;caption&quot;:&quot;Betty Matthysen \\\/ Greenpeace&quot;,&quot;focus_image&quot;:&quot;&quot;,&quot;credits&quot;:&quot;&quot;},{&quot;image_src&quot;:&quot;https:\\\/\\\/www.greenpeace.org\\\/static\\\/planet4-belgium-stateless\\\/2022\\\/02\\\/6b1f13f3-bettymatthysen-greenpeace-20022022-25-scaled.jpg&quot;,&quot;image_srcset&quot;:&quot;https:\\\/\\\/www.greenpeace.org\\\/static\\\/planet4-belgium-stateless\\\/2022\\\/02\\\/6b1f13f3-bettymatthysen-greenpeace-20022022-25-scaled.jpg 2560w, https:\\\/\\\/www.greenpeace.org\\\/static\\\/planet4-belgium-stateless\\\/2022\\\/02\\\/6b1f13f3-bettymatthysen-greenpeace-20022022-25-300x200.jpg 300w, https:\\\/\\\/www.greenpeace.org\\\/static\\\/planet4-belgium-stateless\\\/2022\\\/02\\\/6b1f13f3-bettymatthysen-greenpeace-20022022-25-1024x683.jpg 1024w, https:\\\/\\\/www.greenpeace.org\\\/static\\\/planet4-belgium-stateless\\\/2022\\\/02\\\/6b1f13f3-bettymatthysen-greenpeace-20022022-25-768x512.jpg 768w, https:\\\/\\\/www.greenpeace.org\\\/static\\\/planet4-belgium-stateless\\\/2022\\\/02\\\/6b1f13f3-bettymatthysen-greenpeace-20022022-25-1536x1024.jpg 1536w, https:\\\/\\\/www.greenpeace.org\\\/static\\\/planet4-belgium-stateless\\\/2022\\\/02\\\/6b1f13f3-bettymatthysen-greenpeace-20022022-25-2048x1366.jpg 2048w, https:\\\/\\\/www.greenpeace.org\\\/static\\\/planet4-belgium-stateless\\\/2022\\\/02\\\/6b1f13f3-bettymatthysen-greenpeace-20022022-25-510x340.jpg 510w&quot;,&quot;image_sizes&quot;:false,&quot;alt_text&quot;:&quot;&quot;,&quot;caption&quot;:&quot;Betty Matthysen \\\/ Greenpeace&quot;,&quot;focus_image&quot;:&quot;&quot;,&quot;credits&quot;:&quot;&quot;},{&quot;image_src&quot;:&quot;https:\\\/\\\/www.greenpeace.org\\\/static\\\/planet4-belgium-stateless\\\/2022\\\/02\\\/a2615373-bettymatthysen-greenpeace-20022022-42-scaled.jpg&quot;,&quot;image_srcset&quot;:&quot;https:\\\/\\\/www.greenpeace.org\\\/static\\\/planet4-belgium-stateless\\\/2022\\\/02\\\/a2615373-bettymatthysen-greenpeace-20022022-42-scaled.jpg 2560w, https:\\\/\\\/www.greenpeace.org\\\/static\\\/planet4-belgium-stateless\\\/2022\\\/02\\\/a2615373-bettymatthysen-greenpeace-20022022-42-300x200.jpg 300w, https:\\\/\\\/www.greenpeace.org\\\/static\\\/planet4-belgium-stateless\\\/2022\\\/02\\\/a2615373-bettymatthysen-greenpeace-20022022-42-1024x683.jpg 1024w, https:\\\/\\\/www.greenpeace.org\\\/static\\\/planet4-belgium-stateless\\\/2022\\\/02\\\/a2615373-bettymatthysen-greenpeace-20022022-42-768x512.jpg 768w, https:\\\/\\\/www.greenpeace.org\\\/static\\\/planet4-belgium-stateless\\\/2022\\\/02\\\/a2615373-bettymatthysen-greenpeace-20022022-42-1536x1024.jpg 1536w, https:\\\/\\\/www.greenpeace.org\\\/static\\\/planet4-belgium-stateless\\\/2022\\\/02\\\/a2615373-bettymatthysen-greenpeace-20022022-42-2048x1366.jpg 2048w, https:\\\/\\\/www.greenpeace.org\\\/static\\\/planet4-belgium-stateless\\\/2022\\\/02\\\/a2615373-bettymatthysen-greenpeace-20022022-42-510x340.jpg 510w&quot;,&quot;image_sizes&quot;:false,&quot;alt_text&quot;:&quot;&quot;,&quot;caption&quot;:&quot;Betty Matthysen \\\/ Greenpeace&quot;,&quot;focus_image&quot;:&quot;&quot;,&quot;credits&quot;:&quot;&quot;}]}}\"><\/div>\n<h2 class=\"wp-block-heading\">Et maintenant ?<\/h2>\n\n<p>L\u2019\u00e9quipe de Bos+ passera cette semaine jeter un coup d&rsquo;\u0153il au champ et v\u00e9rifier que les arbres sont correctement plant\u00e9s. Ainsi, nous nous assurons que chaque arbre pourra se d\u00e9velopper pleinement.<\/p>\n\n<div style=\"height:10px\" aria-hidden=\"true\" class=\"wp-block-spacer\"><\/div>\n<div class=\"EmptyMessage\">Block content is empty. Check the block&rsquo;s settings or remove it.<\/div>","protected":false},"excerpt":{"rendered":"<p>La temp\u00eate Franklin n\u2019a pas r\u00e9ussi \u00e0 vous d\u00e9courager. Vous \u00e9tiez nombreux.ses \u00e0 avoir brav\u00e9 les dantesques conditions m\u00e9t\u00e9o pour nous aider \u00e0 planter la for\u00eat Greenpeace. <\/p>\n","protected":false},"author":49,"featured_media":26310,"comment_status":"closed","ping_status":"closed","sticky":false,"template":"","format":"standard","meta":{"ep_exclude_from_search":false,"p4_og_title":"","p4_og_description":"","p4_og_image":"","p4_og_image_id":"","p4_seo_canonical_url":"","p4_campaign_name":"not set","p4_local_project":"not set","p4_basket_name":"not set","p4_department":"","footnotes":""},"categories":[107],"tags":[80],"p4-page-type":[116],"class_list":["post-26309","post","type-post","status-publish","format-standard","has-post-thumbnail","hentry","category-ensemble-nous-sommes-la-solution","tag-forets","p4-page-type-actualites-blog"],"_links":{"self":[{"href":"https:\/\/www.greenpeace.org\/belgium\/fr\/wp-json\/wp\/v2\/posts\/26309","targetHints":{"allow":["GET"]}}],"collection":[{"href":"https:\/\/www.greenpeace.org\/belgium\/fr\/wp-json\/wp\/v2\/posts"}],"about":[{"href":"https:\/\/www.greenpeace.org\/belgium\/fr\/wp-json\/wp\/v2\/types\/post"}],"author":[{"embeddable":true,"href":"https:\/\/www.greenpeace.org\/belgium\/fr\/wp-json\/wp\/v2\/users\/49"}],"replies":[{"embeddable":true,"href":"https:\/\/www.greenpeace.org\/belgium\/fr\/wp-json\/wp\/v2\/comments?post=26309"}],"version-history":[{"count":4,"href":"https:\/\/www.greenpeace.org\/belgium\/fr\/wp-json\/wp\/v2\/posts\/26309\/revisions"}],"predecessor-version":[{"id":26326,"href":"https:\/\/www.greenpeace.org\/belgium\/fr\/wp-json\/wp\/v2\/posts\/26309\/revisions\/26326"}],"wp:featuredmedia":[{"embeddable":true,"href":"https:\/\/www.greenpeace.org\/belgium\/fr\/wp-json\/wp\/v2\/media\/26310"}],"wp:attachment":[{"href":"https:\/\/www.greenpeace.org\/belgium\/fr\/wp-json\/wp\/v2\/media?parent=26309"}],"wp:term":[{"taxonomy":"category","embeddable":true,"href":"https:\/\/www.greenpeace.org\/belgium\/fr\/wp-json\/wp\/v2\/categories?post=26309"},{"taxonomy":"post_tag","embeddable":true,"href":"https:\/\/www.greenpeace.org\/belgium\/fr\/wp-json\/wp\/v2\/tags?post=26309"},{"taxonomy":"p4-page-type","embeddable":true,"href":"https:\/\/www.greenpeace.org\/belgium\/fr\/wp-json\/wp\/v2\/p4-page-type?post=26309"}],"curies":[{"name":"wp","href":"https:\/\/api.w.org\/{rel}","templated":true}]}}