{"id":26351,"date":"2022-02-24T16:44:48","date_gmt":"2022-02-24T15:44:48","guid":{"rendered":"https:\/\/www.greenpeace.org\/belgium\/?p=26351"},"modified":"2023-09-27T19:36:41","modified_gmt":"2023-09-27T18:36:41","slug":"victoire-une-avancee-importante-pour-de-meilleurs-transports-publics","status":"publish","type":"post","link":"https:\/\/www.greenpeace.org\/belgium\/fr\/actualites-blog\/26351\/victoire-une-avancee-importante-pour-de-meilleurs-transports-publics\/","title":{"rendered":"Victoire : une avanc\u00e9e importante pour de meilleurs transports publics !"},"content":{"rendered":"\n<p><strong>\u00c0 l\u2019approche des \u00e9lections de 2019, Greenpeace a lanc\u00e9, en collaboration avec Inter-Environnement Wallonie, Bond Beter Leefmilieu et TreinTramBus, un appel pour un<\/strong> <strong>pacte national de mobilit\u00e9. Nous avons plaid\u00e9 pour l\u2019am\u00e9lioration des transports<\/strong> <strong>publics comme alternative \u00e0 la voiture et, en particulier, pour le renforcement du train,<\/strong> <strong>v\u00e9ritable colonne vert\u00e9brale d\u2019un syst\u00e8me de transports en commun efficace. Le<\/strong> <strong>gouvernement f\u00e9d\u00e9ral a r\u00e9pondu \u00e0 notre appel et a r\u00e9cemment fait un premier pas<\/strong> <strong>dans la bonne direction !<\/strong><\/p>\n\n<div class=\"wp-block-buttons is-layout-flex wp-block-buttons-is-layout-flex\">\n<div class=\"wp-block-button is-style-secondary\"><a class=\"wp-block-button__link wp-element-button\" href=\"https:\/\/act.greenpeace.org\/page\/35703\/donate\/1?locale=fr-BE\">Aidez-nous \u00e0 remporter d&rsquo;autres victoires. Faites un don.<\/a><\/div>\n<\/div>\n\n<figure class=\"wp-block-image size-large\"><img loading=\"lazy\" decoding=\"async\" width=\"1024\" height=\"769\" src=\"https:\/\/www.greenpeace.org\/static\/planet4-belgium-stateless\/2021\/02\/5f4c80c6-istock-666347212-1024x769.jpg\" alt=\"\" class=\"wp-image-20245\" srcset=\"https:\/\/www.greenpeace.org\/static\/planet4-belgium-stateless\/2021\/02\/5f4c80c6-istock-666347212-1024x769.jpg 1024w, https:\/\/www.greenpeace.org\/static\/planet4-belgium-stateless\/2021\/02\/5f4c80c6-istock-666347212-300x225.jpg 300w, https:\/\/www.greenpeace.org\/static\/planet4-belgium-stateless\/2021\/02\/5f4c80c6-istock-666347212-768x577.jpg 768w, https:\/\/www.greenpeace.org\/static\/planet4-belgium-stateless\/2021\/02\/5f4c80c6-istock-666347212-1536x1153.jpg 1536w, https:\/\/www.greenpeace.org\/static\/planet4-belgium-stateless\/2021\/02\/5f4c80c6-istock-666347212-1820x1366.jpg 1820w, https:\/\/www.greenpeace.org\/static\/planet4-belgium-stateless\/2021\/02\/5f4c80c6-istock-666347212-453x340.jpg 453w, https:\/\/www.greenpeace.org\/static\/planet4-belgium-stateless\/2021\/02\/5f4c80c6-istock-666347212.jpg 1998w\" sizes=\"auto, (max-width: 1024px) 100vw, 1024px\" \/><figcaption class=\"wp-element-caption\">Fast train departing from train station during rush hour<\/figcaption><\/figure>\n\n<p>Les chemins de fer sont un \u00e9l\u00e9ment cl\u00e9 pour l\u2019organisation des transports publics, notamment dans les zones rurales. Cependant, aujourd\u2019hui, le train est souvent source de frustration quotidienne. De nombreux citoyens estiment, \u00e0 juste titre, que les liaisons de transport public sont probl\u00e9matiques pour leurs d\u00e9placements quotidiens.<\/p>\n\n<p>Pourrait-on organiser le trafic ferroviaire de mani\u00e8re plus efficace ? La r\u00e9ponse est oui ! Notre appel de 2019 \u00e9tait principalement fond\u00e9 sur <a href=\"https:\/\/www.greenpeace.org\/belgium\/fr\/blog\/16081\/une-vision-pour-lorganisation-des-trains-de-la-realite-belge-au-modele-suisse\/\">le mod\u00e8le \u00ab suisse \u00bb et les n\u0153uds de correspondance.<\/a> Ce mod\u00e8le permet de meilleures correspondances entre les trains et destemps d\u2019attente plus courts. Les horaires de bus peuvent \u00e9galement \u00eatre coordonn\u00e9s avec ceux des trains. Combin\u00e9 \u00e0 des trams et des m\u00e9tros plus fr\u00e9quents, cela faciliterait la mobilit\u00e9 multimodale de l\u2019utilisateur.<\/p>\n\n<p>Ces derni\u00e8res ann\u00e9es, nous avons travaill\u00e9 en \u00e9troite collaboration avec <a href=\"https:\/\/www.greenpeace.org\/belgium\/fr\/blog\/16313\/mobilite-des-citoyens-appliquent-le-modele-suisse-au-rail-belge\/\">un groupe de<\/a> <a href=\"https:\/\/www.greenpeace.org\/belgium\/fr\/blog\/16313\/mobilite-des-citoyens-appliquent-le-modele-suisse-au-rail-belge\/\">citoyens<\/a> qui a \u00e9tudi\u00e9 comment le syst\u00e8me de train suisse, qui a fait ses preuves, pourrait \u00eatre appliqu\u00e9 au rail belge. La conclusion \u00e9tait sans \u00e9quivoque : ce syst\u00e8me fonctionne et pourrait changer l\u2019avenir des chemins de fer belges !<\/p>\n\n<p>\u00c0 nos c\u00f4t\u00e9s, ils ont partag\u00e9 <a href=\"https:\/\/www.integrato.be\/\">cette vision<\/a> avec l\u2019ensemble des parlements de notre pays et les ministres r\u00e9gionaux et f\u00e9d\u00e9raux concern\u00e9s. Ils se sont \u00e9galement entretenus avec des acteurs importants du secteur tels que la SNCB et Infrabel. Cinquante-quatre organisations, des acad\u00e9miciens, <a href=\"https:\/\/lineasintermodal.net\/en\/news\/call-for-national-mobility-pact\">Lineas<\/a> (une entreprise de transport priv\u00e9e) et des milliers de citoyens ont sign\u00e9 notre appel en faveur d\u2019un pacte national de mobilit\u00e9 et d\u2019un renforcement de nos chemins de fer selon le mod\u00e8le suisse.<\/p>\n\n<p>Et cet appel a port\u00e9 ses fruits ! Le ministre f\u00e9d\u00e9ral de la Mobilit\u00e9, Georges Gilkinet, a r\u00e9cemment pr\u00e9sent\u00e9 la vision du rail \u00e0 l\u2019horizon 2040, son plan d\u2019action pour la mobilit\u00e9 qui se concentre sur le mod\u00e8le suisse des n\u0153uds de correspondance. L\u2019objectif d\u2019ici 2040 : un doublement du nombre de passagers et de marchandises transport\u00e9s par le rail, un meilleur service et une coop\u00e9ration plus \u00e9troite avec les bus, trams et m\u00e9tros. Ce plan sera soumis au gouvernement au printemps. Ensuite, il n\u2019y aura plus qu\u2019\u00e0 se mettre au travail !<\/p>\n<div class=\"EmptyMessage\">Block content is empty. Check the block&rsquo;s settings or remove it.<\/div>","protected":false},"excerpt":{"rendered":"<p>\u00c0 l\u2019approche des \u00e9lections de 2019, Greenpeace a lanc\u00e9, en collaboration avec Inter-Environnement Wallonie, Bond Beter Leefmilieu et TreinTramBus, un appel pour un pacte national de mobilit\u00e9.<\/p>\n","protected":false},"author":80,"featured_media":54626,"comment_status":"closed","ping_status":"closed","sticky":false,"template":"","format":"standard","meta":{"ep_exclude_from_search":false,"p4_og_title":"","p4_og_description":"","p4_og_image":"","p4_og_image_id":"","p4_seo_canonical_url":"","p4_campaign_name":"not set","p4_local_project":"not set","p4_basket_name":"not set","p4_department":"","footnotes":""},"categories":[1],"tags":[74],"p4-page-type":[116],"class_list":["post-26351","post","type-post","status-publish","format-standard","has-post-thumbnail","hentry","category-non-classifiee","tag-mobilite","p4-page-type-actualites-blog"],"_links":{"self":[{"href":"https:\/\/www.greenpeace.org\/belgium\/fr\/wp-json\/wp\/v2\/posts\/26351","targetHints":{"allow":["GET"]}}],"collection":[{"href":"https:\/\/www.greenpeace.org\/belgium\/fr\/wp-json\/wp\/v2\/posts"}],"about":[{"href":"https:\/\/www.greenpeace.org\/belgium\/fr\/wp-json\/wp\/v2\/types\/post"}],"author":[{"embeddable":true,"href":"https:\/\/www.greenpeace.org\/belgium\/fr\/wp-json\/wp\/v2\/users\/80"}],"replies":[{"embeddable":true,"href":"https:\/\/www.greenpeace.org\/belgium\/fr\/wp-json\/wp\/v2\/comments?post=26351"}],"version-history":[{"count":5,"href":"https:\/\/www.greenpeace.org\/belgium\/fr\/wp-json\/wp\/v2\/posts\/26351\/revisions"}],"predecessor-version":[{"id":54625,"href":"https:\/\/www.greenpeace.org\/belgium\/fr\/wp-json\/wp\/v2\/posts\/26351\/revisions\/54625"}],"wp:featuredmedia":[{"embeddable":true,"href":"https:\/\/www.greenpeace.org\/belgium\/fr\/wp-json\/wp\/v2\/media\/54626"}],"wp:attachment":[{"href":"https:\/\/www.greenpeace.org\/belgium\/fr\/wp-json\/wp\/v2\/media?parent=26351"}],"wp:term":[{"taxonomy":"category","embeddable":true,"href":"https:\/\/www.greenpeace.org\/belgium\/fr\/wp-json\/wp\/v2\/categories?post=26351"},{"taxonomy":"post_tag","embeddable":true,"href":"https:\/\/www.greenpeace.org\/belgium\/fr\/wp-json\/wp\/v2\/tags?post=26351"},{"taxonomy":"p4-page-type","embeddable":true,"href":"https:\/\/www.greenpeace.org\/belgium\/fr\/wp-json\/wp\/v2\/p4-page-type?post=26351"}],"curies":[{"name":"wp","href":"https:\/\/api.w.org\/{rel}","templated":true}]}}