{"id":26710,"date":"2022-03-16T14:54:05","date_gmt":"2022-03-16T13:54:05","guid":{"rendered":"https:\/\/www.greenpeace.org\/belgium\/?p=26710"},"modified":"2022-03-16T14:55:10","modified_gmt":"2022-03-16T13:55:10","slug":"greenpeace-sengage-dans-la-lutte-contre-le-racisme","status":"publish","type":"post","link":"https:\/\/www.greenpeace.org\/belgium\/fr\/actualites-blog\/26710\/greenpeace-sengage-dans-la-lutte-contre-le-racisme\/","title":{"rendered":"Greenpeace s\u2019engage dans la lutte contre le racisme"},"content":{"rendered":"\n<p><strong>Greenpeace est une organisation ind\u00e9pendante qui prot\u00e8ge l&rsquo;environnement et qui \u0153uvre pour la paix. Or, les discriminations raciales alli\u00e9es \u00e0 la mondialisation des cha\u00eenes de production sont \u00e0 la base, notamment, de l\u2019exploitation des for\u00eats, des d\u00e9p\u00f4ts g\u00e9ants de d\u00e9chets plastiques et \u00e9lectroniques dans les pays du Sud, des conditions de travail lamentables des personnes qui fabriquent nos v\u00eatements et de l\u2019<\/strong><a href=\"http:\/\/geoconfluences.ens-lyon.fr\/glossaire\/extractivisme\" target=\"_blank\" rel=\"noreferrer noopener\"><strong>extractivisme qui d\u00e9truit la plan\u00e8te<\/strong><\/a><strong>. Tout \u00e7a dans le non-respect des droits humains des populations locales. C\u2019est pour cela que Greenpeace s\u2019engage dans la lutte contre le racisme.&nbsp;<\/strong><\/p>\n\n<figure class=\"wp-block-image size-large\"><img loading=\"lazy\" decoding=\"async\" width=\"1024\" height=\"576\" src=\"https:\/\/www.greenpeace.org\/static\/planet4-belgium-stateless\/2022\/03\/831e00e1-163239524_10158851432535239_8410329453643665160_n-1024x576.jpg\" alt=\"\" class=\"wp-image-26715\" srcset=\"https:\/\/www.greenpeace.org\/static\/planet4-belgium-stateless\/2022\/03\/831e00e1-163239524_10158851432535239_8410329453643665160_n-1024x576.jpg 1024w, https:\/\/www.greenpeace.org\/static\/planet4-belgium-stateless\/2022\/03\/831e00e1-163239524_10158851432535239_8410329453643665160_n-300x169.jpg 300w, https:\/\/www.greenpeace.org\/static\/planet4-belgium-stateless\/2022\/03\/831e00e1-163239524_10158851432535239_8410329453643665160_n-768x432.jpg 768w, https:\/\/www.greenpeace.org\/static\/planet4-belgium-stateless\/2022\/03\/831e00e1-163239524_10158851432535239_8410329453643665160_n-1536x864.jpg 1536w, https:\/\/www.greenpeace.org\/static\/planet4-belgium-stateless\/2022\/03\/831e00e1-163239524_10158851432535239_8410329453643665160_n-510x287.jpg 510w, https:\/\/www.greenpeace.org\/static\/planet4-belgium-stateless\/2022\/03\/831e00e1-163239524_10158851432535239_8410329453643665160_n.jpg 1920w\" sizes=\"auto, (max-width: 1024px) 100vw, 1024px\" \/><\/figure>\n\n<h3 class=\"wp-block-heading\"><strong>Pourquoi une Journ\u00e9e internationale de lutte contre les discriminations raciales ?<\/strong><\/h3>\n\n<p>Le 21 mars 1960, lors d&rsquo;une manifestation pacifique contre les lois de l&rsquo;Apartheid \u00e0 Sharpeville en Afrique du Sud, la police ouvre le feu sur les manfiestant.e.s et tue 69 personnes. <a href=\"https:\/\/perspective.usherbrooke.ca\/bilan\/servlet\/BMDictionnaire?iddictionnaire=1617\" target=\"_blank\" rel=\"noreferrer noopener\">L\u2019apartheid \u00e9tait une politique discriminatoire<\/a> s\u00e9parant les Sud-Africains et leur octroyant des droits diff\u00e9rents en fonction de leur appartenance raciale. Elle fut mise en place en 1948. \u00c0 la suite du drame de Sharpeville, l&rsquo;Assembl\u00e9e g\u00e9n\u00e9rale des Nations unies proclama le 21 mars Journ\u00e9e internationale pour l&rsquo;\u00e9limination de la discrimination raciale.<\/p>\n\n<p>Depuis Sharperville, de nombreux autres crimes raciaux ont \u00e9t\u00e9 perp\u00e9tr\u00e9s. R\u00e9cemment, en mai 2020, c\u2019est l\u2019<a href=\"https:\/\/www.lapresse.ca\/international\/etats-unis\/2021-05-23\/minneapolis-se-souvient-de-george-floyd-un-an-apres-sa-mort.php\" target=\"_blank\" rel=\"noreferrer noopener\">assassinat de George Floyd<\/a> qui secoua de plein fouet l\u2019opinion mondiale. Des dizaines de milliers de personnes se sont rassembl\u00e9es dans toutes les grandes villes du monde pour manifester contre ce crime atroce. Ce n\u2019est malheureusement pas le seul cas de crime racial. Il serait d\u2019ailleurs impossible d\u2019en faire une liste exhaustive.<\/p>\n\n<h3 class=\"wp-block-heading\"><strong>Mais \u00e7a vient d\u2019o\u00f9 le racisme?<\/strong><\/h3>\n\n<p>Pour comprendre son lien avec l\u2019exploitation et la d\u00e9gradation de l&rsquo;environnement, int\u00e9ressons-nous \u00e0 la d\u00e9finition du racisme et \u00e0 son origine. Les premi\u00e8res formes recens\u00e9es de racisme datent du XVIe si\u00e8cle lors de la conqu\u00eate espagnole de l\u2019Am\u00e9rique. Les Espagnols ont violent\u00e9 les populations indig\u00e8nes car elles \u00e9taient soi-disant \u00ab inf\u00e9rieures naturellement \u00bb et \u00ab perverses \u00bb. Il \u00e9tait donc l\u00e9gitime, pour les conquistadors, d\u2019envahir l\u2019Am\u00e9rique et d\u2019imposer la culture europ\u00e9enne.&nbsp;<\/p>\n\n<p>Le racisme, c\u2019\u00e9tait donc avant tout le discours des colons pour justifier l&rsquo;agression et la domination sur un groupe, pr\u00e9sent\u00e9 comme biologiquement inf\u00e9rieur, par un autre groupe, jug\u00e9 sup\u00e9rieur.<\/p>\n\n<h3 class=\"wp-block-heading\"><strong>Que se passe-t-il en Belgique ?<\/strong><\/h3>\n\n<p>Dans notre pays, ces discriminations raciales se traduisent par des violences (polici\u00e8res) ou encore par des in\u00e9galit\u00e9s d\u2019acc\u00e8s au logement, <a href=\"https:\/\/www.unia.be\/fr\/articles\/malgre-un-diplome-de-lenseignement-superieur-les-jeunes-dorigine-etrangere\" data-type=\"URL\" data-id=\"https:\/\/www.unia.be\/fr\/articles\/malgre-un-diplome-de-lenseignement-superieur-les-jeunes-dorigine-etrangere\" target=\"_blank\" rel=\"noreferrer noopener\">\u00e0 l\u2019emploi<\/a> et \u00e0 l\u2019\u00e9ducation. Le racisme a d\u2019abord \u00e9t\u00e9 utilis\u00e9 pour justifier l\u2019esclavagisme et la colonisation. Il est maintenant pr\u00e9sent dans notre soci\u00e9t\u00e9, que ce soit au niveau des institutions publiques que priv\u00e9es. On parle alors de <a rel=\"noreferrer noopener\" href=\"https:\/\/www.observatoiredesinegalites.com\/fr\/blogue\/quest-ce-que-le-racisme-systemique\" target=\"_blank\">racisme syst\u00e9mique<\/a>. Les personnes racis\u00e9es, aussi bien ici en Belgique que dans le reste du monde, subissent des discriminations dans leurs conditions de vie et chances de survie bas\u00e9es uniquement sur leur couleur de peau, leur culture ou leur origine ethnique.<\/p>\n\n<p>Les crimes raciaux et les discriminations sont \u00e0 la base du syst\u00e8me capitaliste et extractiviste dans lequel nous vivons. Syst\u00e8me que nous connaissons destructeur pour l\u2019environnement et les \u00eatres vivants de notre plan\u00e8te. Greenpeace s\u2019est engag\u00e9 pour une transition verte et juste, incluant protection de l\u2019environnement et justice sociale. Tout le monde a droit aux m\u00eames chances sur une plan\u00e8te plus verte. C\u2019est pourquoi nous serons pr\u00e9sent.e.s aux c\u00f4t\u00e9s des personnes racis\u00e9es le 20 mars prochain (le dimanche avant la date officielle). Rejoignez-nous !<\/p>\n\n<div class=\"wp-block-buttons is-layout-flex wp-block-buttons-is-layout-flex\">\n<div class=\"wp-block-button is-style-cta\"><a class=\"wp-block-button__link\" href=\"https:\/\/fb.me\/e\/2ead4EA8f\" target=\"_blank\" rel=\"noreferrer noopener\">Je participe \u00e0 la marche pour la Journ\u00e9e mondiale de lutte contre le racisme<\/a><\/div>\n<\/div>\n\n<span class=\"shareSocialArea\">\n<a class=\"shareFacebook\" href=\"https:\/\/www.facebook.com\/sharer\/sharer.php?u=https%3A%2F%2Fwww.greenpeace.org%2Fbelgium%2Ffr%2Fblog%2F26710%2Fgreenpeace-sengage-dans-la-lutte-contre-le-racisme%2F%3Futm_medium%3Dshare%26utm_content%3Dpostid-26710%26utm_source%3Dfacebook\" target=\"_blank\" rel=\"noopener noreferrer\">Je partage sur Facebook<\/a>\n<a class=\"shareTwitter\" href=\"https:\/\/twitter.com\/intent\/tweet?related=greenpeace_be&amp;text=Greenpeace%20s%E2%80%99engage%20dans%20la%20lutte%20contre%20le%20racisme,%20via%20@greenpeace_be&amp;url=https%3A%2F%2Fwww.greenpeace.org%2Fbelgium%2Ffr%2Fblog%2F26710%2Fgreenpeace-sengage-dans-la-lutte-contre-le-racisme%2F%3Futm_medium%3Dshare%26utm_content%3Dpostid-26710%26utm_source%3Dtwitter\" target=\"_blank\" rel=\"noopener noreferrer\">Je partage sur Twitter<\/a>\n<a class=\"shareWhatsapp\" href=\"https:\/\/wa.me\/?text=https%3A%2F%2Fwww.greenpeace.org%2Fbelgium%2Ffr%2Fblog%2F26710%2Fgreenpeace-sengage-dans-la-lutte-contre-le-racisme%2F%3Futm_medium%3Dshare%26utm_content%3Dpostid-26710%26utm_source%3Dwhatsapp\" target=\"_blank\" rel=\"noopener noreferrer\">Je partage sur Whatsapp<\/a>\n<\/span>\n","protected":false},"excerpt":{"rendered":"<p>Greenpeace est une organisation ind\u00e9pendante qui prot\u00e8ge l&rsquo;environnement et qui \u0153uvre pour la paix. Or, les discriminations raciales alli\u00e9es \u00e0 la mondialisation des cha\u00eenes de production sont \u00e0 la base, notamment, de l\u2019exploitation des for\u00eats, des d\u00e9p\u00f4ts g\u00e9ants de d\u00e9chets plastiques et \u00e9lectroniques dans les pays du Sud, des conditions de travail lamentables des personnes qui fabriquent nos v\u00eatements et de l\u2019extractivisme qui d\u00e9truit la plan\u00e8te.<\/p>\n","protected":false},"author":105,"featured_media":26715,"comment_status":"closed","ping_status":"closed","sticky":false,"template":"","format":"standard","meta":{"ep_exclude_from_search":false,"p4_og_title":"","p4_og_description":"","p4_og_image":"","p4_og_image_id":"","p4_seo_canonical_url":"","p4_campaign_name":"not set","p4_local_project":"not set","p4_basket_name":"not set","p4_department":"","footnotes":""},"categories":[107],"tags":[86,84,83],"p4-page-type":[116],"class_list":["post-26710","post","type-post","status-publish","format-standard","has-post-thumbnail","hentry","category-ensemble-nous-sommes-la-solution","tag-climat","tag-paix","tag-politique","p4-page-type-actualites-blog"],"_links":{"self":[{"href":"https:\/\/www.greenpeace.org\/belgium\/fr\/wp-json\/wp\/v2\/posts\/26710","targetHints":{"allow":["GET"]}}],"collection":[{"href":"https:\/\/www.greenpeace.org\/belgium\/fr\/wp-json\/wp\/v2\/posts"}],"about":[{"href":"https:\/\/www.greenpeace.org\/belgium\/fr\/wp-json\/wp\/v2\/types\/post"}],"author":[{"embeddable":true,"href":"https:\/\/www.greenpeace.org\/belgium\/fr\/wp-json\/wp\/v2\/users\/105"}],"replies":[{"embeddable":true,"href":"https:\/\/www.greenpeace.org\/belgium\/fr\/wp-json\/wp\/v2\/comments?post=26710"}],"version-history":[{"count":4,"href":"https:\/\/www.greenpeace.org\/belgium\/fr\/wp-json\/wp\/v2\/posts\/26710\/revisions"}],"predecessor-version":[{"id":26721,"href":"https:\/\/www.greenpeace.org\/belgium\/fr\/wp-json\/wp\/v2\/posts\/26710\/revisions\/26721"}],"wp:featuredmedia":[{"embeddable":true,"href":"https:\/\/www.greenpeace.org\/belgium\/fr\/wp-json\/wp\/v2\/media\/26715"}],"wp:attachment":[{"href":"https:\/\/www.greenpeace.org\/belgium\/fr\/wp-json\/wp\/v2\/media?parent=26710"}],"wp:term":[{"taxonomy":"category","embeddable":true,"href":"https:\/\/www.greenpeace.org\/belgium\/fr\/wp-json\/wp\/v2\/categories?post=26710"},{"taxonomy":"post_tag","embeddable":true,"href":"https:\/\/www.greenpeace.org\/belgium\/fr\/wp-json\/wp\/v2\/tags?post=26710"},{"taxonomy":"p4-page-type","embeddable":true,"href":"https:\/\/www.greenpeace.org\/belgium\/fr\/wp-json\/wp\/v2\/p4-page-type?post=26710"}],"curies":[{"name":"wp","href":"https:\/\/api.w.org\/{rel}","templated":true}]}}