{"id":26725,"date":"2022-03-17T13:36:42","date_gmt":"2022-03-17T12:36:42","guid":{"rendered":"https:\/\/www.greenpeace.org\/belgium\/?p=26725"},"modified":"2022-03-17T13:42:53","modified_gmt":"2022-03-17T12:42:53","slug":"pendant-que-les-ministres-discutent-de-la-legislation-forestiere-europeenne-cest-une-foret-de-la-taille-de-bruxelles-qui-disparait","status":"publish","type":"post","link":"https:\/\/www.greenpeace.org\/belgium\/fr\/communique-de-presse\/26725\/pendant-que-les-ministres-discutent-de-la-legislation-forestiere-europeenne-cest-une-foret-de-la-taille-de-bruxelles-qui-disparait\/","title":{"rendered":"Pendant que les ministres discutent de la l\u00e9gislation foresti\u00e8re europ\u00e9enne, c\u2019est une for\u00eat de la taille de Bruxelles qui dispara\u00eet"},"content":{"rendered":"\n<p><strong>Ce matin \u00e0 Bruxelles, des activistes de Greenpeace Belgique ont escalad\u00e9 la fa\u00e7ade du si\u00e8ge du Conseil de l\u2019Union europ\u00e9enne. \u00c0 l\u2019aide d\u2019un compteur, ils indiquent la superficie de for\u00eats perdue dans le monde pendant que les ministres de l\u2019Environnement discutent d\u2019un projet de loi visant \u00e0 lutter contre la \u2018d\u00e9forestation import\u00e9e\u2019. En trois heures de r\u00e9union, c\u2019est une superficie \u00e9quivalant \u00e0 la taille de la ville de Bruxelles qui a disparu (1).<\/strong><\/p>\n\n<figure class=\"wp-block-image size-large\"><img loading=\"lazy\" decoding=\"async\" width=\"1024\" height=\"683\" src=\"https:\/\/www.greenpeace.org\/static\/planet4-belgium-stateless\/2022\/03\/74e343de-2h7a4926-1024x683.jpg\" title=\"Activists install live deforestation counter on EU Council building while ministers meet\" alt=\"Activists install live deforestation counter on EU Council building while ministers meet\" class=\"wp-image-26726\" srcset=\"https:\/\/www.greenpeace.org\/static\/planet4-belgium-stateless\/2022\/03\/74e343de-2h7a4926-1024x683.jpg 1024w, https:\/\/www.greenpeace.org\/static\/planet4-belgium-stateless\/2022\/03\/74e343de-2h7a4926-300x200.jpg 300w, https:\/\/www.greenpeace.org\/static\/planet4-belgium-stateless\/2022\/03\/74e343de-2h7a4926-768x512.jpg 768w, https:\/\/www.greenpeace.org\/static\/planet4-belgium-stateless\/2022\/03\/74e343de-2h7a4926-1536x1024.jpg 1536w, https:\/\/www.greenpeace.org\/static\/planet4-belgium-stateless\/2022\/03\/74e343de-2h7a4926-2048x1366.jpg 2048w, https:\/\/www.greenpeace.org\/static\/planet4-belgium-stateless\/2022\/03\/74e343de-2h7a4926-510x340.jpg 510w\" sizes=\"auto, (max-width: 1024px) 100vw, 1024px\" \/><figcaption>Activists install live deforestation counter on EU Council building while ministers meet\n\u00a9 Johanna de Tessi\u00e8res \/ Greenpeace<\/figcaption><\/figure>\n\n<p>Les ministres de l\u2019Environnement des \u00c9tats membres de l\u2019UE examinent aujourd\u2019hui le projet de l\u00e9gislation de la Commission europ\u00e9enne visant \u00e0 limiter la contribution de l\u2019UE \u00e0 cette destruction mondiale de la nature. La proposition de la Commission est critiqu\u00e9e parce qu\u2019elle ne prot\u00e8ge pas suffisamment les droits humains, ne prot\u00e8ge pas les \u00e9cosyst\u00e8mes autres que les for\u00eats et exclut de nombreux produits ayant un impact \u00e9lev\u00e9 sur la nature, comme la viande de porc, le poulet et le caoutchouc. (2)<\/p>\n\n<p>&nbsp;<em>\u00ab Des \u00e9cosyst\u00e8mes pr\u00e9cieux sont d\u00e9truits \u00e0 un rythme alarmant pour alimenter les march\u00e9s mondiaux en mati\u00e8res premi\u00e8res \u00bb<\/em>, explique Carine Thibaut, porte-parole de Greenpeace Belgique. <em>\u00ab Nous avons la possibilit\u00e9 de mettre fin \u00e0 la complicit\u00e9 de l\u2019Europe dans ce domaine et de donner aux gens la garantie que rien de ce qu\u2019ils ach\u00e8tent n\u2019a de lien avec la destruction de la nature ou les violations des droits humains. \u00bb<\/em><\/p>\n\n<p>Entre 2015 et 2020, on estime que 10,2 millions d&rsquo;hectares de for\u00eats ont disparu chaque ann\u00e9e dans le monde, soit l&rsquo;\u00e9quivalent d&rsquo;un terrain de football toutes les deux secondes. Principalement en cause, l&rsquo;expansion de l&rsquo;agriculture industrielle, dont de nombreux produits sont \u00e9galement consomm\u00e9s en Europe.&nbsp;<\/p>\n\n<p>Greenpeace appelle les ministres \u00e0 combler les lacunes du projet de loi au lieu de l\u2019affaiblir davantage, et \u00e0 faire en sorte que tous les \u00e9cosyst\u00e8mes soient prot\u00e9g\u00e9s, que tous les produits soient vis\u00e9s et que les droits humains soient respect\u00e9s.<\/p>\n\n<p><strong>Prochaines \u00e9tapes<\/strong><\/p>\n\n<p>La pr\u00e9sidence fran\u00e7aise va maintenant travailler \u00e0 un accord entre les ministres de l\u2019Environnement&nbsp; sur la loi sur les for\u00eats avant leur prochaine r\u00e9union du 28 juin. Le Parlement europ\u00e9en affine \u00e9galement sa position, et le vote au sein de la commission de l\u2019environnement est attendu le 11 juillet.<\/p>\n\n<p>Pour rappel, la Commission europ\u00e9enne a organis\u00e9 en 2020 une consultation publique sur la d\u00e9forestation \u00ab import\u00e9e \u00bb. Gr\u00e2ce \u00e0 la campagne #Together4Forests men\u00e9e, entre autres, par le WWF, BOS+ et Greenpeace, 1,2 million de citoyens europ\u00e9ens ont exig\u00e9 une nouvelle l\u00e9gislation foresti\u00e8re europ\u00e9enne forte.<\/p>\n\n<p><strong>Notes :<\/strong><\/p>\n\n<p>(1) Selon le dernier rapport de la FAO (FRA 2020), la d\u00e9forestation au cours de la p\u00e9riode 2015-2020 s\u2019est \u00e9lev\u00e9e en moyenne \u00e0 10,2 millions d\u2019hectares par an, ce qui \u00e9quivaut \u00e0 pr\u00e8s d\u2019un terrain de football (de 0,73 ha) toutes les 2 secondes. Pendant une discussion d\u2019une heure et demie sur la loi sur la d\u00e9forestation, 1747 ha sont d\u00e9bois\u00e9s dans le monde, soit un peu plus de la moiti\u00e9 de la superficie de la ville de Bruxelles (qui couvre 3260 ha).<br><br>(2) <a href=\"https:\/\/www.greenpeace.org\/eu-unit\/issues\/nature-food\/46045\/analysis-eu-commissions-proposed-anti-deforestation-law\/\">https:\/\/www.greenpeace.org\/eu-unit\/issues\/nature-food\/46045\/analysis-eu-commissions-proposed-anti-deforestation-law\/<\/a>&nbsp;<\/p>\n","protected":false},"excerpt":{"rendered":"<p>Ce matin \u00e0 Bruxelles, des activistes de Greenpeace Belgique ont escalad\u00e9 la fa\u00e7ade du si\u00e8ge du Conseil de l\u2019Union europ\u00e9enne. \u00c0 l\u2019aide d\u2019un compteur, ils indiquent la superficie de for\u00eats&hellip;<\/p>\n","protected":false},"author":80,"featured_media":26726,"comment_status":"closed","ping_status":"closed","sticky":false,"template":"","format":"standard","meta":{"ep_exclude_from_search":false,"p4_og_title":"","p4_og_description":"","p4_og_image":"","p4_og_image_id":"","p4_seo_canonical_url":"","p4_campaign_name":"not set","p4_local_project":"not set","p4_basket_name":"not set","p4_department":"","footnotes":""},"categories":[1],"tags":[80],"p4-page-type":[117],"class_list":["post-26725","post","type-post","status-publish","format-standard","has-post-thumbnail","hentry","category-non-classifiee","tag-forets","p4-page-type-communique-de-presse"],"_links":{"self":[{"href":"https:\/\/www.greenpeace.org\/belgium\/fr\/wp-json\/wp\/v2\/posts\/26725","targetHints":{"allow":["GET"]}}],"collection":[{"href":"https:\/\/www.greenpeace.org\/belgium\/fr\/wp-json\/wp\/v2\/posts"}],"about":[{"href":"https:\/\/www.greenpeace.org\/belgium\/fr\/wp-json\/wp\/v2\/types\/post"}],"author":[{"embeddable":true,"href":"https:\/\/www.greenpeace.org\/belgium\/fr\/wp-json\/wp\/v2\/users\/80"}],"replies":[{"embeddable":true,"href":"https:\/\/www.greenpeace.org\/belgium\/fr\/wp-json\/wp\/v2\/comments?post=26725"}],"version-history":[{"count":3,"href":"https:\/\/www.greenpeace.org\/belgium\/fr\/wp-json\/wp\/v2\/posts\/26725\/revisions"}],"predecessor-version":[{"id":26733,"href":"https:\/\/www.greenpeace.org\/belgium\/fr\/wp-json\/wp\/v2\/posts\/26725\/revisions\/26733"}],"wp:featuredmedia":[{"embeddable":true,"href":"https:\/\/www.greenpeace.org\/belgium\/fr\/wp-json\/wp\/v2\/media\/26726"}],"wp:attachment":[{"href":"https:\/\/www.greenpeace.org\/belgium\/fr\/wp-json\/wp\/v2\/media?parent=26725"}],"wp:term":[{"taxonomy":"category","embeddable":true,"href":"https:\/\/www.greenpeace.org\/belgium\/fr\/wp-json\/wp\/v2\/categories?post=26725"},{"taxonomy":"post_tag","embeddable":true,"href":"https:\/\/www.greenpeace.org\/belgium\/fr\/wp-json\/wp\/v2\/tags?post=26725"},{"taxonomy":"p4-page-type","embeddable":true,"href":"https:\/\/www.greenpeace.org\/belgium\/fr\/wp-json\/wp\/v2\/p4-page-type?post=26725"}],"curies":[{"name":"wp","href":"https:\/\/api.w.org\/{rel}","templated":true}]}}