{"id":26864,"date":"2022-03-21T11:22:00","date_gmt":"2022-03-21T10:22:00","guid":{"rendered":"https:\/\/www.greenpeace.org\/belgium\/?p=26864"},"modified":"2023-09-27T19:21:37","modified_gmt":"2023-09-27T18:21:37","slug":"evaluation-de-la-politique-belge-dincorporation-dagrocarburants","status":"publish","type":"post","link":"https:\/\/www.greenpeace.org\/belgium\/fr\/rapport\/26864\/evaluation-de-la-politique-belge-dincorporation-dagrocarburants\/","title":{"rendered":"Evaluation de la politique belge d\u2019incorporation d\u2019agrocarburants"},"content":{"rendered":"\n<p>Une coalition d\u2019ONG publie une analyse d\u00e9taill\u00e9e de la consommation de biocarburants en Belgique. Les chiffres montrent que les mati\u00e8res premi\u00e8res alimentaires et agricoles sont pr\u00e9dominantes et consomm\u00e9es \u00e0 une \u00e9chelle massive dans les biocarburants. Cette pratique a des impacts n\u00e9gatifs sur le climat et la biodiversit\u00e9, sur notre souverainet\u00e9 alimentaire, ainsi que sur les droits humains dans les pays du Sud. Elle cause \u00e9galement un surco\u00fbt inutile pour le consommateur.&nbsp;&nbsp;Dans ce contexte, les ONG demandent au Gouvernement d\u2019acc\u00e9l\u00e9rer la r\u00e9duction de l\u2019usage des biocarburants produits \u00e0 partir de mati\u00e8res premi\u00e8res alimentaires dans les carburants en Belgique.<\/p>\n\n<div class=\"wp-block-buttons is-layout-flex wp-block-buttons-is-layout-flex\">\n<div class=\"wp-block-button has-custom-width wp-block-button__width-25 is-style-cta\"><a class=\"wp-block-button__link wp-element-button\" href=\"https:\/\/www.greenpeace.org\/static\/planet4-belgium-stateless\/2022\/03\/a3f549e6-pub-2022-03-evaluation-de-la-politique-belge-dincorporation-dagrocarburants-no-4.pdf\">Download<\/a><\/div>\n<\/div>\n\n<p><\/p>\n","protected":false},"excerpt":{"rendered":"<p>Une coalition d\u2019ONG publie une analyse d\u00e9taill\u00e9e de la consommation de biocarburants en Belgique. Les chiffres montrent que les mati\u00e8res premi\u00e8res alimentaires et agricoles sont pr\u00e9dominantes et consomm\u00e9es \u00e0 une&hellip;<\/p>\n","protected":false},"author":49,"featured_media":54603,"comment_status":"closed","ping_status":"closed","sticky":false,"template":"","format":"standard","meta":{"ep_exclude_from_search":false,"p4_og_title":"","p4_og_description":"","p4_og_image":"","p4_og_image_id":"","p4_seo_canonical_url":"","p4_campaign_name":"not set","p4_local_project":"not set","p4_basket_name":"not set","p4_department":"","footnotes":""},"categories":[106],"tags":[],"p4-page-type":[119],"class_list":["post-26864","post","type-post","status-publish","format-standard","has-post-thumbnail","hentry","category-il-est-encore-temps","p4-page-type-rapport"],"_links":{"self":[{"href":"https:\/\/www.greenpeace.org\/belgium\/fr\/wp-json\/wp\/v2\/posts\/26864","targetHints":{"allow":["GET"]}}],"collection":[{"href":"https:\/\/www.greenpeace.org\/belgium\/fr\/wp-json\/wp\/v2\/posts"}],"about":[{"href":"https:\/\/www.greenpeace.org\/belgium\/fr\/wp-json\/wp\/v2\/types\/post"}],"author":[{"embeddable":true,"href":"https:\/\/www.greenpeace.org\/belgium\/fr\/wp-json\/wp\/v2\/users\/49"}],"replies":[{"embeddable":true,"href":"https:\/\/www.greenpeace.org\/belgium\/fr\/wp-json\/wp\/v2\/comments?post=26864"}],"version-history":[{"count":2,"href":"https:\/\/www.greenpeace.org\/belgium\/fr\/wp-json\/wp\/v2\/posts\/26864\/revisions"}],"predecessor-version":[{"id":54605,"href":"https:\/\/www.greenpeace.org\/belgium\/fr\/wp-json\/wp\/v2\/posts\/26864\/revisions\/54605"}],"wp:featuredmedia":[{"embeddable":true,"href":"https:\/\/www.greenpeace.org\/belgium\/fr\/wp-json\/wp\/v2\/media\/54603"}],"wp:attachment":[{"href":"https:\/\/www.greenpeace.org\/belgium\/fr\/wp-json\/wp\/v2\/media?parent=26864"}],"wp:term":[{"taxonomy":"category","embeddable":true,"href":"https:\/\/www.greenpeace.org\/belgium\/fr\/wp-json\/wp\/v2\/categories?post=26864"},{"taxonomy":"post_tag","embeddable":true,"href":"https:\/\/www.greenpeace.org\/belgium\/fr\/wp-json\/wp\/v2\/tags?post=26864"},{"taxonomy":"p4-page-type","embeddable":true,"href":"https:\/\/www.greenpeace.org\/belgium\/fr\/wp-json\/wp\/v2\/p4-page-type?post=26864"}],"curies":[{"name":"wp","href":"https:\/\/api.w.org\/{rel}","templated":true}]}}