{"id":27699,"date":"2022-06-29T11:06:21","date_gmt":"2022-06-29T10:06:21","guid":{"rendered":"https:\/\/www.greenpeace.org\/belgium\/?p=27699"},"modified":"2022-06-29T11:15:44","modified_gmt":"2022-06-29T10:15:44","slug":"linterdiction-des-voitures-a-essence-diesel-et-hybrides-en-2035-est-trop-tardive-pour-lobjectif-climatique-de-15c%ef%bf%bc","status":"publish","type":"post","link":"https:\/\/www.greenpeace.org\/belgium\/fr\/communique-de-presse\/27699\/linterdiction-des-voitures-a-essence-diesel-et-hybrides-en-2035-est-trop-tardive-pour-lobjectif-climatique-de-15c%ef%bf%bc\/","title":{"rendered":"L&rsquo;interdiction des voitures \u00e0 essence, diesel et hybrides en 2035 est trop tardive pour l&rsquo;objectif climatique de 1,5\u00b0C"},"content":{"rendered":"\n<p><strong>Bruxelles, le 29 juin 2022 &#8211; Victoire pour la soci\u00e9t\u00e9 et la lutte contre la pollution: les gouvernements de l&rsquo;UE ont conclu un accord pour mettre fin \u00e0 la vente de nouvelles voitures \u00e0 moteur \u00e0 combustion. Mais si l&rsquo;UE veut respecter ses engagements de l&rsquo;accord de Paris, les ventes de voitures neuves \u00e0 essence, diesel et hybrides doivent en fait cesser d&rsquo;ici \u00e0 2028.<\/strong><\/p>\n\n<p>Une \u00e9limination progressive des <a href=\"https:\/\/www.greenpeace.org\/belgium\/fr\/rapports\/874\/2028-fin-de-parcours-pour-les-moteurs-a-combustion\/\">ventes de voitures fonctionnant au p\u00e9trole d&rsquo;ici 2028<\/a> et des objectifs interm\u00e9diaires plus stricts permettraient aux conducteurs europ\u00e9ens d&rsquo;\u00e9conomiser 635 milliards d&rsquo;euros en carburant et de r\u00e9duire les \u00e9missions de CO2 de 1,7 gigatonne d&rsquo;ici 2050, selon <a href=\"https:\/\/www.greenpeace.de\/publikationen\/DrivingChange_Analysis_Greenpeace%20Germany.pdf?utm_campaign=verkehr&amp;utm_source=greenpeace.de&amp;utm_medium=referral&amp;utm_content=press-release&amp;utm_term=drivingchange\">une nouvelle analyse de Greenpeace Allemagne<\/a>. Les transports sont responsables de <a href=\"https:\/\/www.eea.europa.eu\/data-and-maps\/data\/data-viewers\/greenhouse-gases-viewer\">30 % des \u00e9missions totales de gaz \u00e0 effet de serre de l&rsquo;UE<\/a> et de pr\u00e8s de <a href=\"https:\/\/ec.europa.eu\/eurostat\/statistics-explained\/index.php?title=File:Consumption_of_oil_in_selected_sectors,_EU-27,_2018_(%25).png\">deux tiers de la consommation de p\u00e9trole<\/a> de l&rsquo;UE.<\/p>\n\n<p>Carine Thibaut, porte-parole Greenpeace Belgique : <em>\u00ab\u00a0L&rsquo;Europe doit de toute urgence d\u00e9carboner les transports mais avec la date butoir trop tardive de 2035, elle manque une opportunit\u00e9 de limiter le r\u00e9chauffement climatique \u00e0 1,5\u00b0C et nous maintient dans notre d\u00e9pendance au p\u00e9trole, qui finance les guerres et fait mal aux portefeuilles des gens \u00e0 la pompe. Il incombe d\u00e9sormais aux gouvernements nationaux de, d\u00e8s \u00e0 pr\u00e9sent, r\u00e9duire l&rsquo;utilisation de la voiture, renforcer les transports publics et de cr\u00e9er des villes plus vivables o\u00f9 davantage de personnes peuvent se d\u00e9placer \u00e0 pied ou \u00e0 v\u00e9lo.\u201d<\/em><\/p>\n\n<p>Les \u00e9missions de gaz \u00e0 effet de serre dues aux transports dans l&rsquo;UE ont augment\u00e9 de <a href=\"https:\/\/www.eea.europa.eu\/data-and-maps\/data\/data-viewers\/greenhouse-gases-viewer\">plus de 25 % depuis 1990<\/a>. Le transport est le seul secteur de l&rsquo;UE o\u00f9 les \u00e9missions de CO2 ont augment\u00e9 depuis 1990 alors qu&rsquo;elles auraient d\u00fb diminuer rapidement. <em>\u201cCette baisse de l\u2019utilisation des voitures \u00e0 combustible doit absolument s\u2019accompagner de mesures sociales et structurelles afin de soutenir et encadrer toutes les citoyennes et tous les citoyens sur ce chemin. Le signal envoy\u00e9 aux pouvoirs publics et aux entreprises est d\u00e9sormais clair, la procrastination n\u2019est plus possible\u201d<\/em>, conclut Carine Thibaut.<\/p>\n\n<p><strong>Contact<\/strong><br>Bureau de presse de Greenpeace : 0496\/26.31.91 &#8211; <a href=\"mailto:bpress@greenpeace.org\">bpress@greenpeace.org<\/a><\/p>\n","protected":false},"excerpt":{"rendered":"<p>Bruxelles, le 29 juin 2022 &#8211; Victoire pour la soci\u00e9t\u00e9 et la lutte contre la pollution: les gouvernements de l&rsquo;UE ont conclu un accord pour mettre fin \u00e0 la vente de nouvelles voitures \u00e0 moteur \u00e0 combustion. Mais si l&rsquo;UE veut respecter ses engagements de l&rsquo;accord de Paris, les ventes de voitures neuves \u00e0 essence, diesel et hybrides doivent en fait cesser d&rsquo;ici \u00e0 2028.<\/p>\n","protected":false},"author":50,"featured_media":27700,"comment_status":"closed","ping_status":"closed","sticky":false,"template":"","format":"standard","meta":{"ep_exclude_from_search":false,"p4_og_title":"","p4_og_description":"","p4_og_image":"","p4_og_image_id":"","p4_seo_canonical_url":"","p4_campaign_name":"not set","p4_local_project":"not set","p4_basket_name":"not set","p4_department":"","footnotes":""},"categories":[151],"tags":[74],"p4-page-type":[117],"class_list":["post-27699","post","type-post","status-publish","format-standard","has-post-thumbnail","hentry","category-presse","tag-mobilite","p4-page-type-communique-de-presse"],"_links":{"self":[{"href":"https:\/\/www.greenpeace.org\/belgium\/fr\/wp-json\/wp\/v2\/posts\/27699","targetHints":{"allow":["GET"]}}],"collection":[{"href":"https:\/\/www.greenpeace.org\/belgium\/fr\/wp-json\/wp\/v2\/posts"}],"about":[{"href":"https:\/\/www.greenpeace.org\/belgium\/fr\/wp-json\/wp\/v2\/types\/post"}],"author":[{"embeddable":true,"href":"https:\/\/www.greenpeace.org\/belgium\/fr\/wp-json\/wp\/v2\/users\/50"}],"replies":[{"embeddable":true,"href":"https:\/\/www.greenpeace.org\/belgium\/fr\/wp-json\/wp\/v2\/comments?post=27699"}],"version-history":[{"count":2,"href":"https:\/\/www.greenpeace.org\/belgium\/fr\/wp-json\/wp\/v2\/posts\/27699\/revisions"}],"predecessor-version":[{"id":27712,"href":"https:\/\/www.greenpeace.org\/belgium\/fr\/wp-json\/wp\/v2\/posts\/27699\/revisions\/27712"}],"wp:featuredmedia":[{"embeddable":true,"href":"https:\/\/www.greenpeace.org\/belgium\/fr\/wp-json\/wp\/v2\/media\/27700"}],"wp:attachment":[{"href":"https:\/\/www.greenpeace.org\/belgium\/fr\/wp-json\/wp\/v2\/media?parent=27699"}],"wp:term":[{"taxonomy":"category","embeddable":true,"href":"https:\/\/www.greenpeace.org\/belgium\/fr\/wp-json\/wp\/v2\/categories?post=27699"},{"taxonomy":"post_tag","embeddable":true,"href":"https:\/\/www.greenpeace.org\/belgium\/fr\/wp-json\/wp\/v2\/tags?post=27699"},{"taxonomy":"p4-page-type","embeddable":true,"href":"https:\/\/www.greenpeace.org\/belgium\/fr\/wp-json\/wp\/v2\/p4-page-type?post=27699"}],"curies":[{"name":"wp","href":"https:\/\/api.w.org\/{rel}","templated":true}]}}