{"id":27828,"date":"2022-07-13T10:09:19","date_gmt":"2022-07-13T09:09:19","guid":{"rendered":"https:\/\/www.greenpeace.org\/belgium\/?p=27828"},"modified":"2022-07-13T10:09:22","modified_gmt":"2022-07-13T09:09:22","slug":"la-politique-flamande-du-lisier-tombe-a-leau-le-mouvement-ecologiste-envoie-une-citation-a-comparaitre","status":"publish","type":"post","link":"https:\/\/www.greenpeace.org\/belgium\/fr\/communique-de-presse\/27828\/la-politique-flamande-du-lisier-tombe-a-leau-le-mouvement-ecologiste-envoie-une-citation-a-comparaitre\/","title":{"rendered":"La politique flamande du lisier tombe \u00e0 l&rsquo;eau : le mouvement \u00e9cologiste envoie une citation \u00e0 compara\u00eetre"},"content":{"rendered":"\n<p><strong><strong><strong>Une coalition d&rsquo;organisations environnementales (BBL, Dryade, Greenpeace Natuurpunt et WWF) cite la ministre de l\u2019environnement Zuhal Demir \u00e0 compara\u00eetre apr\u00e8s qu\u2019une mise en demeure datant d&rsquo;avril 2022 concernant la politique de lisier d\u00e9faillante soit rest\u00e9e sans r\u00e9ponse. L&rsquo;approche plus stricte que la ministre avait promis auparavant pour lutter contre l&rsquo;un de nos probl\u00e8mes environnemental et climatique le plus urgent risque de ne pas aboutir.\u00a0<\/strong><\/strong><\/strong><\/p>\n\n<figure class=\"wp-block-image size-full\"><img loading=\"lazy\" decoding=\"async\" width=\"800\" height=\"533\" src=\"https:\/\/www.greenpeace.org\/static\/planet4-belgium-stateless\/2022\/07\/35378f54-gp1su5zq_web_size1.jpg\" alt=\"\" class=\"wp-image-27936\" srcset=\"https:\/\/www.greenpeace.org\/static\/planet4-belgium-stateless\/2022\/07\/35378f54-gp1su5zq_web_size1.jpg 800w, https:\/\/www.greenpeace.org\/static\/planet4-belgium-stateless\/2022\/07\/35378f54-gp1su5zq_web_size1-300x200.jpg 300w, https:\/\/www.greenpeace.org\/static\/planet4-belgium-stateless\/2022\/07\/35378f54-gp1su5zq_web_size1-768x512.jpg 768w, https:\/\/www.greenpeace.org\/static\/planet4-belgium-stateless\/2022\/07\/35378f54-gp1su5zq_web_size1-510x340.jpg 510w\" sizes=\"auto, (max-width: 800px) 100vw, 800px\" \/><\/figure>\n\n<p>Le rapport sur le lisier 2021 a \u00e9tabli une claire mise au point en d\u00e9cembre : <em>\u00ab\u00a0Un meilleur respect de la l\u00e9gislation sur le lisier, l&rsquo;application de techniques de fertilisation correctes et des mesures orient\u00e9es \u00e0 la source sont n\u00e9cessaires afin d\u2019am\u00e9liorer la qualit\u00e9 de l&rsquo;eau et atteindre les objectifs europ\u00e9ens\u00a0\u00bb<\/em>, a \u00e9crit l\u2019Agence des terres flamandes (VLM). La Commission europ\u00e9enne a d\u00e9j\u00e0 indiqu\u00e9 que la Flandre est l&rsquo;un des plus mauvais \u00e9l\u00e8ves de la classe en termes de qualit\u00e9 de l\u2019eau.<\/p>\n\n<p>Des plans d&rsquo;am\u00e9lioration ont \u00e9t\u00e9 annonc\u00e9s \u00e0 plusieurs reprises par la ministre de l&rsquo;environnement, Zuhal Demir, sous la forme d&rsquo;un amendement au sixi\u00e8me plan d&rsquo;action sur le lisier (MAP 6+). Cela ne s\u2019est jamais concr\u00e9tis\u00e9 et l\u2019accent est d\u00e9sormais mis sur le septi\u00e8me plan d\u2019action (MAP 7), dont m\u00eame une version pr\u00e9liminaire n&rsquo;est pas encore sur la table. L&rsquo;approche promise pour la saison de fertilisation actuelle s\u2019est traduite jusqu\u2019\u00e0 pr\u00e9sent par un \u00e9chec &#8211; et entre-temps, le temps s\u2019\u00e9coule impitoyablement. En effet, cette mauvaise qualit\u00e9 de l&rsquo;eau menace &#8211; par analogie avec la crise de l&rsquo;azote &#8211; d&rsquo;entra\u00eener un gel des permis. Le plan d&rsquo;action sur le lisier est \u00e9galement important pour le caract\u00e8re abordable de notre eau potable et pour la lutte contre le changement climatique. Le protoxyde d&rsquo;azote et le m\u00e9thane sont de puissants gaz \u00e0 effet de serre fortement li\u00e9s au stockage du fumier.\u00a0<\/p>\n\n<h2 class=\"wp-block-heading\">Le mouvement environnemental augmente la pression<\/h2>\n\n<p>Avec cette assignation (et des astreintes pouvant atteindre 10 000 euros par jour de retard), les organisations environnementales veulent accro\u00eetre la pression sur le gouvernement flamand. Il est urgent de le faire. Selon la directive contraignante sur les nitrates, le seuil de 50 mg de nitrate\/litre dans les eaux de surface doit \u00eatre respect\u00e9 dans toute la Flandre. Aujourd&rsquo;hui, ce seuil est d\u00e9pass\u00e9 pour 31% des points de mesure. De plus, la situation s&rsquo;est d\u00e9t\u00e9rior\u00e9e ces derni\u00e8res ann\u00e9es.<\/p>\n\n<p>La mauvaise qualit\u00e9 de l&rsquo;eau caus\u00e9e par la fertilisation signifie que les objectifs de la directive-cadre sur l&rsquo;eau ne sont pas atteints. Cette directive exige que les 195 masses d&rsquo;eau flamandes soient en bon \u00e9tat d&rsquo;ici 2027. Cependant, c\u2019est seulement pour moins de 10 % des cours d&rsquo;eau flamands (15 sur 195) qu\u2019une \u00ab\u00a0bonne\u00a0\u00bb qualit\u00e9 de l&rsquo;eau d&rsquo;ici 2027 est actuellement envisag\u00e9e. Plus cette \u00e9ch\u00e9ance approche sans am\u00e9lioration substantielle, plus les cons\u00e9quences juridiques pourraient \u00eatre importantes pour la Flandre. En plus de la crise de l&rsquo;azote, une crise de l&rsquo;eau risque de se profiler avec le gel des permis qui l&rsquo;accompagne.<\/p>\n\n<p>Les cons\u00e9quences pour la biodiversit\u00e9 sont tout aussi inqui\u00e9tantes : les cours d&rsquo;eau pollu\u00e9s et eutrophis\u00e9s traversent des habitats vuln\u00e9rables, o\u00f9 l&rsquo;exc\u00e8s d&rsquo;azote et de phosphore perturbe l&rsquo;\u00e9quilibre \u00e9cologique.<\/p>\n\n<p>De nombreuses parties prenantes, y compris le mouvement environnemental, ont d\u00e9j\u00e0 donn\u00e9 leur avis sur le MAP6+ et sur le futur MAP7. Le mouvement \u00e9cologiste a pr\u00e9conis\u00e9 une transition vers une agriculture bas\u00e9e sur la terre, o\u00f9 l&rsquo;\u00e9levage s&rsquo;inscrit \u00e0 nouveau dans un cycle impliquant un nombre r\u00e9duit d&rsquo;animaux et o\u00f9 les principes de l\u2019agro-\u00e9cologie sont respect\u00e9s. Des exemples de ces principes sont la stimulation de la vie du sol, la fermeture des cycles des nutriments et la r\u00e9duction des intrants externes tels que les pesticides et les engrais artificiels. Les organisations environnementales voient \u00e9galement l&rsquo;int\u00e9r\u00eat de l&rsquo;utilisation d&rsquo;un atlas des cultures ainsi que d&rsquo;un passeport p\u00e9dologique qui donne un aper\u00e7u de la qualit\u00e9 du sol et de la r\u00e9sistance \u00e0 l&rsquo;\u00e9rosion et aux al\u00e9as climatiques des parcelles agricoles flamandes. Le mouvement environnemental souligne que l\u2019ensemble de la cha\u00eene porte une responsabilit\u00e9.<\/p>\n\n<h2 class=\"wp-block-heading\">Momentum pour le futur du secteur agricole<\/h2>\n\n<p>L&rsquo;\u00e9lan donn\u00e9 par l&rsquo;approche programmatique de l&rsquo;azote (PAS) doit maintenant \u00eatre pleinement exploit\u00e9 pour ramener l&rsquo;agriculture dans les limites de l&rsquo;environnement. La Flandre ne doit pas uniquement se concentrer sur les \u00e9missions d&rsquo;azote, mais d\u00e9velopper une vision int\u00e9grale et \u00e9tablir des liens avec d&rsquo;autres probl\u00e8mes : la qualit\u00e9 de l\u2019eau et l&rsquo;approvisionnement de celle-ci, les probl\u00e8mes d&rsquo;\u00e9rosion, la biodiversit\u00e9 et les impacts sur la sant\u00e9 publique. C&rsquo;est le seul moyen de garantir que l&rsquo;approche fond\u00e9e sur l&rsquo;azote utilise les fonds publics de mani\u00e8re efficace. En outre, elle fournira un cadre plus solide pour le secteur agricole, qui b\u00e9n\u00e9ficiera d&rsquo;une s\u00e9curit\u00e9 juridique \u00e0 long terme. Les ministres Brouns et Demir saisiront-ils cette opportunit\u00e9 de l&rsquo;eau pour mettre en place une vision int\u00e9grale de durabilit\u00e9 pour le futur du secteur agricole ?<\/p>\n\n<p><strong>Contact<\/strong><br>Bureau de presse de Greenpeace : 0496\/26.31.91 &#8211; <a href=\"mailto:bpress@greenpeace.org\">bpress@greenpeace.org<\/a><\/p>\n","protected":false},"excerpt":{"rendered":"<p>Une coalition d&rsquo;organisations environnementales (BBL, Dryade, Greenpeace Natuurpunt et WWF) cite la ministre de l\u2019environnement Zuhal Demir \u00e0 compara\u00eetre apr\u00e8s qu\u2019une mise en demeure datant d&rsquo;avril 2022 concernant la politique de lisier d\u00e9faillante soit rest\u00e9e sans r\u00e9ponse. L&rsquo;approche plus stricte que la ministre avait promis auparavant pour lutter contre l&rsquo;un de nos probl\u00e8mes environnemental et climatique le plus urgent risque de ne pas aboutir. <\/p>\n","protected":false},"author":105,"featured_media":27936,"comment_status":"closed","ping_status":"closed","sticky":false,"template":"","format":"standard","meta":{"ep_exclude_from_search":false,"p4_og_title":"","p4_og_description":"","p4_og_image":"","p4_og_image_id":"","p4_seo_canonical_url":"","p4_campaign_name":"not set","p4_local_project":"not set","p4_basket_name":"not set","p4_department":"","footnotes":""},"categories":[151],"tags":[85],"p4-page-type":[117],"class_list":["post-27828","post","type-post","status-publish","format-standard","has-post-thumbnail","hentry","category-presse","tag-agriculture","p4-page-type-communique-de-presse"],"_links":{"self":[{"href":"https:\/\/www.greenpeace.org\/belgium\/fr\/wp-json\/wp\/v2\/posts\/27828","targetHints":{"allow":["GET"]}}],"collection":[{"href":"https:\/\/www.greenpeace.org\/belgium\/fr\/wp-json\/wp\/v2\/posts"}],"about":[{"href":"https:\/\/www.greenpeace.org\/belgium\/fr\/wp-json\/wp\/v2\/types\/post"}],"author":[{"embeddable":true,"href":"https:\/\/www.greenpeace.org\/belgium\/fr\/wp-json\/wp\/v2\/users\/105"}],"replies":[{"embeddable":true,"href":"https:\/\/www.greenpeace.org\/belgium\/fr\/wp-json\/wp\/v2\/comments?post=27828"}],"version-history":[{"count":6,"href":"https:\/\/www.greenpeace.org\/belgium\/fr\/wp-json\/wp\/v2\/posts\/27828\/revisions"}],"predecessor-version":[{"id":27940,"href":"https:\/\/www.greenpeace.org\/belgium\/fr\/wp-json\/wp\/v2\/posts\/27828\/revisions\/27940"}],"wp:featuredmedia":[{"embeddable":true,"href":"https:\/\/www.greenpeace.org\/belgium\/fr\/wp-json\/wp\/v2\/media\/27936"}],"wp:attachment":[{"href":"https:\/\/www.greenpeace.org\/belgium\/fr\/wp-json\/wp\/v2\/media?parent=27828"}],"wp:term":[{"taxonomy":"category","embeddable":true,"href":"https:\/\/www.greenpeace.org\/belgium\/fr\/wp-json\/wp\/v2\/categories?post=27828"},{"taxonomy":"post_tag","embeddable":true,"href":"https:\/\/www.greenpeace.org\/belgium\/fr\/wp-json\/wp\/v2\/tags?post=27828"},{"taxonomy":"p4-page-type","embeddable":true,"href":"https:\/\/www.greenpeace.org\/belgium\/fr\/wp-json\/wp\/v2\/p4-page-type?post=27828"}],"curies":[{"name":"wp","href":"https:\/\/api.w.org\/{rel}","templated":true}]}}