{"id":28042,"date":"2022-07-18T13:58:09","date_gmt":"2022-07-18T12:58:09","guid":{"rendered":"https:\/\/www.greenpeace.org\/belgium\/?p=28042"},"modified":"2022-07-18T13:59:22","modified_gmt":"2022-07-18T12:59:22","slug":"greenpeace-etudie-la-radioactivite-a-tchernobyl","status":"publish","type":"post","link":"https:\/\/www.greenpeace.org\/belgium\/fr\/communique-de-presse\/28042\/greenpeace-etudie-la-radioactivite-a-tchernobyl\/","title":{"rendered":"Greenpeace \u00e9tudie la radioactivit\u00e9 \u00e0 Tchernobyl"},"content":{"rendered":"\n<p><strong>Tchernobyl\/Ukraine, le 18 juillet 2022 \u2013 Une \u00e9quipe internationale plac\u00e9e sous la direction de Greenpeace Allemagne, \u00e9tudie en ce moment la radioactivit\u00e9 aux alentours de la centrale nucl\u00e9aire de Tchernobyl, \u00e0 la suite de l\u2019occupation du site par les troupes russes en mars 2022. Cette \u00e9quipe va \u00e9tudier la radioactivit\u00e9 pr\u00e9sente dans les tranch\u00e9es et abris russes abandonn\u00e9s. Ce projet de recherche est men\u00e9 avec l\u2019accord du gouvernement ukrainien et en coop\u00e9ration avec l\u2019Agence d\u2019\u00c9tat ukrainienne pour la gestion de la zone d\u2019exclusion (SAUEZM).<\/strong><\/p>\n\n<p>Environ 600 soldats ont \u00e9t\u00e9 d\u00e9ploy\u00e9s sur le site lors de l\u2019occupation de la centrale nucl\u00e9aire de Tchernobyl par l\u2019arm\u00e9e russe, en mars 2022. Pour la premi\u00e8re fois depuis le d\u00e9but de l\u2019invasion russe, des mesures ind\u00e9pendantes vont donc \u00eatre effectu\u00e9es et il sera possible d&rsquo;\u00e9valuer l&rsquo;affirmation de l\u2019Agence internationale de l\u2019\u00e9nergie atomique (AIEA) selon laquelle il y a bien eu une augmentation de la radioactivit\u00e9, mais suffisamment mod\u00e9r\u00e9e pour ne pas repr\u00e9senter un danger significatif pour l\u2019environnement ou les personnes. Il se fait que le directeur adjoint de l\u2019AIEA est Mikhail Chudakov, qui a longtemps travaill\u00e9 pour l\u2019entreprise nucl\u00e9aire russe Rosatom.<\/p>\n\n<p>\u201cNous voulons savoir ce qui s\u2019est pass\u00e9 sur le terrain. Les informations de l\u2019AIEA restent insuffisantes\u2009\u201d, d\u00e9clare Jan Vande Putte, expert en nucl\u00e9aire pour Greenpeace Belgique, pr\u00e9sent \u00e0 Tchernobyl. \u201cLes autorit\u00e9s ukrainiennes donnent \u00e0 Greenpeace Allemagne la possibilit\u00e9 de travailler \u00e0 l\u2019obtention d\u2019informations ind\u00e9pendantes sur la s\u00e9curit\u00e9 radiologique dans la r\u00e9gion. Nos recherches portent notamment sur les particules radioactives. Lorsque le r\u00e9acteur de Tchernobyl a explos\u00e9, en 1986, de minuscules particules de combustible nucl\u00e9aire sont retomb\u00e9es dans les zones touch\u00e9es. Entre sept et neuf tonnes de combustible nucl\u00e9aire ont \u00e9t\u00e9 pulv\u00e9ris\u00e9es et rejet\u00e9es dans l\u2019atmosph\u00e8re. Aujourd&rsquo;hui, autour de Chornobyl, plus on creuse, plus les particules radioactives sont perturb\u00e9es. En creusant ses tranch\u00e9es, l&rsquo;arm\u00e9e russe a en fait labour\u00e9 un site de d\u00e9chets nucl\u00e9aires.\u201d<\/p>\n\n<p>Pendant l\u2019occupation russe de la r\u00e9gion, les experts de Greenpeace ont mis en garde contre le risque d\u2019une contamination radioactive accrue. Fin avril, l\u2019AIEA a annonc\u00e9 que la situation \u00e9tait s\u00fbre. N\u00e9anmoins, jusqu\u2019\u00e0 pr\u00e9sent, l\u2019agence nucl\u00e9aire b\u00e9n\u00e9ficie d\u2019un mandat de l\u2019ONU pour promouvoir la diffusion de l\u2019\u00e9nergie nucl\u00e9aire, et elle est peu encline \u00e0 la critiquer.<\/p>\n\n<p>Jan Vande Putte : \u00ab\u00a0Alors qu&rsquo;ici \u00e0 Chornobyl nous voyons si clairement les risques persistants de l&rsquo;\u00e9nergie nucl\u00e9aire &#8211; et tandis que les Russes occupent toujours la centrale nucl\u00e9aire de Zaporizja -, des n\u00e9gociations ont lieu en Belgique sur la poursuite de l&rsquo;extension du parc nucl\u00e9aire. C&rsquo;est totalement irresponsable : continuer \u00e0 s&rsquo;accrocher \u00e0 l&rsquo;\u00e9nergie nucl\u00e9aire est diam\u00e9tralement oppos\u00e9 au d\u00e9veloppement d&rsquo;un avenir \u00e9nerg\u00e9tique s\u00fbr et durable.\u00a0\u00bb<\/p>\n\n<p>Greenpeace Allemagne pr\u00e9sentera les r\u00e9sultats de l\u2019\u00e9tude de six jours en anglais, lors d\u2019une conf\u00e9rence de presse qui se tiendra \u00e0 Kyiv le 20 juillet \u00e0 9 heures, heure d\u2019\u00e9t\u00e9 d\u2019Europe centrale[2] . Vous pourrez suivre la conf\u00e9rence de presse gr\u00e2ce \u00e0 ce lien: <a href=\"https:\/\/t1p.de\/dzbks\" target=\"_blank\" rel=\"noreferrer noopener\">https:\/\/t1p.de\/dzbks<\/a>.<\/p>\n\n<p>Contact (sur place) : Bj\u00f6rn Jettka, attach\u00e9 de presse, Greenpeace Allemagne : bjettka@greenpeace.org, +491718780778<\/p>\n\n<p>Des photos sont disponibles \u00e0 l\u2019adresse <a href=\"https:\/\/t1p.de\/8halw\" target=\"_blank\" rel=\"noreferrer noopener\">https:\/\/t1p.de\/8halw<\/a>, et une vid\u00e9o \u00e0 l\u2019adresse <a href=\"https:\/\/t1p.de\/d0zww\" target=\"_blank\" rel=\"noreferrer noopener\">https:\/\/t1p.de\/d0zww<\/a>.<\/p>\n","protected":false},"excerpt":{"rendered":"<p>Une \u00e9quipe internationale plac\u00e9e sous la direction de Greenpeace Allemagne, \u00e9tudie en ce moment la radioactivit\u00e9 aux alentours de la centrale nucl\u00e9aire de Tchernobyl, \u00e0 la suite de l\u2019occupation du site par les troupes russes en mars 2022.<\/p>\n","protected":false},"author":49,"featured_media":24353,"comment_status":"closed","ping_status":"closed","sticky":false,"template":"","format":"standard","meta":{"ep_exclude_from_search":false,"p4_og_title":"","p4_og_description":"","p4_og_image":"","p4_og_image_id":"","p4_seo_canonical_url":"","p4_campaign_name":"not set","p4_local_project":"not set","p4_basket_name":"not set","p4_department":"","footnotes":""},"categories":[151],"tags":[70],"p4-page-type":[117],"class_list":["post-28042","post","type-post","status-publish","format-standard","has-post-thumbnail","hentry","category-presse","tag-energie","p4-page-type-communique-de-presse"],"_links":{"self":[{"href":"https:\/\/www.greenpeace.org\/belgium\/fr\/wp-json\/wp\/v2\/posts\/28042","targetHints":{"allow":["GET"]}}],"collection":[{"href":"https:\/\/www.greenpeace.org\/belgium\/fr\/wp-json\/wp\/v2\/posts"}],"about":[{"href":"https:\/\/www.greenpeace.org\/belgium\/fr\/wp-json\/wp\/v2\/types\/post"}],"author":[{"embeddable":true,"href":"https:\/\/www.greenpeace.org\/belgium\/fr\/wp-json\/wp\/v2\/users\/49"}],"replies":[{"embeddable":true,"href":"https:\/\/www.greenpeace.org\/belgium\/fr\/wp-json\/wp\/v2\/comments?post=28042"}],"version-history":[{"count":2,"href":"https:\/\/www.greenpeace.org\/belgium\/fr\/wp-json\/wp\/v2\/posts\/28042\/revisions"}],"predecessor-version":[{"id":28044,"href":"https:\/\/www.greenpeace.org\/belgium\/fr\/wp-json\/wp\/v2\/posts\/28042\/revisions\/28044"}],"wp:featuredmedia":[{"embeddable":true,"href":"https:\/\/www.greenpeace.org\/belgium\/fr\/wp-json\/wp\/v2\/media\/24353"}],"wp:attachment":[{"href":"https:\/\/www.greenpeace.org\/belgium\/fr\/wp-json\/wp\/v2\/media?parent=28042"}],"wp:term":[{"taxonomy":"category","embeddable":true,"href":"https:\/\/www.greenpeace.org\/belgium\/fr\/wp-json\/wp\/v2\/categories?post=28042"},{"taxonomy":"post_tag","embeddable":true,"href":"https:\/\/www.greenpeace.org\/belgium\/fr\/wp-json\/wp\/v2\/tags?post=28042"},{"taxonomy":"p4-page-type","embeddable":true,"href":"https:\/\/www.greenpeace.org\/belgium\/fr\/wp-json\/wp\/v2\/p4-page-type?post=28042"}],"curies":[{"name":"wp","href":"https:\/\/api.w.org\/{rel}","templated":true}]}}