{"id":28299,"date":"2022-08-31T09:25:31","date_gmt":"2022-08-31T08:25:31","guid":{"rendered":"https:\/\/www.greenpeace.org\/belgium\/?p=28299"},"modified":"2022-08-31T09:25:35","modified_gmt":"2022-08-31T08:25:35","slug":"un-plan-daction-credible-de-reduction-de-la-consommation-denergie-doit-etre-la-priorite-du-codeco","status":"publish","type":"post","link":"https:\/\/www.greenpeace.org\/belgium\/fr\/communique-de-presse\/28299\/un-plan-daction-credible-de-reduction-de-la-consommation-denergie-doit-etre-la-priorite-du-codeco\/","title":{"rendered":"Un plan d\u2019action cr\u00e9dible de r\u00e9duction de la consommation d\u2019\u00e9nergie doit \u00eatre la priorit\u00e9 du CODECO"},"content":{"rendered":"\n<p><strong>Ce mercredi 31 ao\u00fbt, les gouvernements f\u00e9d\u00e9ral et r\u00e9gionaux se r\u00e9uniront en CODECO centr\u00e9 sur les prix de l\u2019\u00e9nergie. Le levier essentiel pour effectivement r\u00e9duire les factures et nous lib\u00e9rer progressivement des \u00e9nergies fossiles est un plan d\u2019action pour diminuer la consommation d\u2019\u00e9nergie cet hiver. Il est d\u00e9plorable que cette priorit\u00e9 ne semble pas encore sur la table en Belgique, alors que nos pays voisins commencent \u00e0 agir, et que l\u2019AIE et de nombreux experts plaident en ce sens depuis des mois. [1]<\/strong><\/p>\n\n<p><strong>Focus sur l\u2019efficacit\u00e9 et la sobri\u00e9t\u00e9<\/strong><\/p>\n\n<p><em>\u00ab\u00a0Ces derniers mois, une grande attention a \u00e9t\u00e9 accord\u00e9e \u00e0 la recherche de nouveaux fournisseurs de gaz, \u00e0 la baisse des prix ou au maintien de l&rsquo;ouverture des centrales nucl\u00e9aires pour faire face \u00e0 la crise \u00e9nerg\u00e9tique\u00a0\u00bb<\/em>, d\u00e9clare Mathieu Soete de Greenpeace. <em>\u00ab\u00a0Mais la solution la plus importante et la plus durable est trop souvent n\u00e9glig\u00e9e : la consommation de gaz et de p\u00e9trole doit \u00eatre r\u00e9duite, \u00e0 la maison, sur la route et dans l&rsquo;industrie.<\/em>\u00a0\u00bb&nbsp;<\/p>\n\n<p>Arnaud Collignon de Canopea ajoute : <em>\u201cDe nombreuses mesures peuvent \u00eatre prises \u00e0 court terme mais ces mesures requi\u00e8rent un engagement clair des gouvernements pour la r\u00e9duction de la consommation \u00e9nerg\u00e9tique d\u00e8s ce mercredi en CODECO, et doit se traduire par un plan d\u2019action et des objectifs clairs<\/em>.\u201d<\/p>\n\n<p>Il s\u2019agit notamment d\u2019interdire de chauffer ou de conditionner un espace ouvert sur l\u2019ext\u00e9rieur (terrasses chauff\u00e9es, magasins qui laissent la porte ouverte, etc.), r\u00e9duire la temp\u00e9rature des b\u00e2timents de 1 degr\u00e9, interdire l\u2019\u00e9clairage des magasins et bureaux apr\u00e8s les heures d\u2019ouverture, \u00e9teindre les panneaux publicitaires et r\u00e9duire l\u2019\u00e9clairage urbain, limiter la vitesse automobile (\u00e0 100 km\/h sur autoroute, 70 km\/h sur route r\u00e9gionale), etc.<\/p>\n\n<p>R\u00e9duire la consommation d\u2019\u00e9nergie agira \u00e0 double titre. Baisser le nombre de kWh consomm\u00e9 a \u00e9videmment un impact sur la facture de l\u2019usager. Mais au-del\u00e0, il est crucial que les \u00c9tats europ\u00e9ens envoient un signal d\u2019apaisement sur le march\u00e9 europ\u00e9en de l\u2019\u00e9nergie avant l&rsquo;hiver. Certains \u00c9tats ont d\u00e9j\u00e0 fait le pas. En juillet, le gouvernement fran\u00e7ais annon\u00e7ait sa volont\u00e9 de r\u00e9duire la consommation d\u2019\u00e9nergie de 10% sur 2 ans. L\u2019Allemagne a annonc\u00e9 des mesures de r\u00e9duction de la temp\u00e9rature et des lumi\u00e8res dans les b\u00e2timents publics.<\/p>\n\n<p><strong>Soutien aux familles aussi sur le plus long terme<\/strong><\/p>\n\n<p><em>\u00ab\u00a0Il est de la responsabilit\u00e9 de nos gouvernements de soutenir de mani\u00e8re efficace et effective tous ceux qui en ont besoin\u00a0\u00bb<\/em>, rajoute Mathieu Soete. <em>\u00ab\u00a0Cette aide doit \u00eatre aussi cibl\u00e9e et automatique que possible, afin que personne ne soit laiss\u00e9 pour compte cet hiver et d\u2019aider en priorit\u00e9 ceux qui en ont le plus besoin.\u201d<\/em><\/p>\n\n<p>L\u2019enjeu doit rester de d\u00e9gager des moyens publics notamment pour l&rsquo;isolation ou aider les populations pr\u00e9caris\u00e9es \u00e0 investir dans la r\u00e9novation et le renouvelable. Les fonds n\u00e9cessaires \u00e0 cet effet peuvent \u00eatre obtenus, entre autres, gr\u00e2ce \u00e0 une taxe sur les b\u00e9n\u00e9fices exc\u00e9dentaires des entreprises \u00e9nerg\u00e9tiques, qui r\u00e9alisent des profits records trimestre apr\u00e8s trimestre gr\u00e2ce aux prix \u00e9lev\u00e9s du p\u00e9trole et du gaz.<\/p>\n\n<p>Arnaud Collignon conclut : <em>\u201cIl n\u2019est pas trop tard pour activer le levier de l\u2019efficacit\u00e9 et de la sobri\u00e9t\u00e9 \u00e9nerg\u00e9tique, beaucoup de d\u00e9marches positives peuvent encore \u00eatre r\u00e9alis\u00e9es si on s\u2019y prend maintenant. Mais cela passe par un positionnement fort de nos dirigeants ce mercredi.\u201d<\/em><\/p>\n\n<p><strong>Notes<\/strong><\/p>\n\n<p>[1] Notamment le <a href=\"https:\/\/www.nbb.be\/en\/about-national-bank\/missions-and-strategy\/other-tasks\/advice-and-expertise\/expert-group-purchasing\">groupe d\u2019experts nomm\u00e9 par le Gouvernement f\u00e9d\u00e9ral<\/a>. L\u2019<a href=\"https:\/\/www.iea.org\/news\/iea-key-statements-and-communications-on-the-natural-gas-crisis-in-europe\">AIE<\/a> est l\u2019agence internationale de l\u2019\u00e9nergie.[2] En avril de cette ann\u00e9e, Greenpeace a rassembl\u00e9 18 mesures permettant de r\u00e9duire \u00e0 court terme la consommation d\u2019\u00e9nergie et ainsi r\u00e9duire notre d\u00e9pendence aux importations de gaz et de p\u00e9trole : <a href=\"https:\/\/www.greenpeace.org\/static\/planet4-belgium-stateless\/2022\/04\/219f6ba8-fr-reco.pdf\">https:\/\/www.greenpeace.org\/static\/planet4-belgium-stateless\/2022\/04\/219f6ba8-fr-reco.pdf<\/a><\/p>\n","protected":false},"excerpt":{"rendered":"<p>Ce mercredi 31 ao\u00fbt, les gouvernements f\u00e9d\u00e9ral et r\u00e9gionaux se r\u00e9uniront en CODECO centr\u00e9 sur les prix de l\u2019\u00e9nergie. Le levier essentiel pour effectivement r\u00e9duire les factures et nous lib\u00e9rer&hellip;<\/p>\n","protected":false},"author":80,"featured_media":16769,"comment_status":"closed","ping_status":"closed","sticky":false,"template":"","format":"standard","meta":{"ep_exclude_from_search":false,"p4_og_title":"","p4_og_description":"","p4_og_image":"","p4_og_image_id":"","p4_seo_canonical_url":"","p4_campaign_name":"not set","p4_local_project":"not set","p4_basket_name":"not set","p4_department":"","footnotes":""},"categories":[1],"tags":[70],"p4-page-type":[117],"class_list":["post-28299","post","type-post","status-publish","format-standard","has-post-thumbnail","hentry","category-non-classifiee","tag-energie","p4-page-type-communique-de-presse"],"_links":{"self":[{"href":"https:\/\/www.greenpeace.org\/belgium\/fr\/wp-json\/wp\/v2\/posts\/28299","targetHints":{"allow":["GET"]}}],"collection":[{"href":"https:\/\/www.greenpeace.org\/belgium\/fr\/wp-json\/wp\/v2\/posts"}],"about":[{"href":"https:\/\/www.greenpeace.org\/belgium\/fr\/wp-json\/wp\/v2\/types\/post"}],"author":[{"embeddable":true,"href":"https:\/\/www.greenpeace.org\/belgium\/fr\/wp-json\/wp\/v2\/users\/80"}],"replies":[{"embeddable":true,"href":"https:\/\/www.greenpeace.org\/belgium\/fr\/wp-json\/wp\/v2\/comments?post=28299"}],"version-history":[{"count":1,"href":"https:\/\/www.greenpeace.org\/belgium\/fr\/wp-json\/wp\/v2\/posts\/28299\/revisions"}],"predecessor-version":[{"id":28300,"href":"https:\/\/www.greenpeace.org\/belgium\/fr\/wp-json\/wp\/v2\/posts\/28299\/revisions\/28300"}],"wp:featuredmedia":[{"embeddable":true,"href":"https:\/\/www.greenpeace.org\/belgium\/fr\/wp-json\/wp\/v2\/media\/16769"}],"wp:attachment":[{"href":"https:\/\/www.greenpeace.org\/belgium\/fr\/wp-json\/wp\/v2\/media?parent=28299"}],"wp:term":[{"taxonomy":"category","embeddable":true,"href":"https:\/\/www.greenpeace.org\/belgium\/fr\/wp-json\/wp\/v2\/categories?post=28299"},{"taxonomy":"post_tag","embeddable":true,"href":"https:\/\/www.greenpeace.org\/belgium\/fr\/wp-json\/wp\/v2\/tags?post=28299"},{"taxonomy":"p4-page-type","embeddable":true,"href":"https:\/\/www.greenpeace.org\/belgium\/fr\/wp-json\/wp\/v2\/p4-page-type?post=28299"}],"curies":[{"name":"wp","href":"https:\/\/api.w.org\/{rel}","templated":true}]}}