{"id":2904,"date":"2018-12-18T15:00:49","date_gmt":"2018-12-18T14:00:49","guid":{"rendered":"https:\/\/www.greenpeace.org\/belgium\/?p=2904"},"modified":"2019-11-06T10:23:16","modified_gmt":"2019-11-06T08:23:16","slug":"sommet-sur-le-climat-de-katowice-un-flop","status":"publish","type":"post","link":"https:\/\/www.greenpeace.org\/belgium\/fr\/actualites-blog\/2904\/sommet-sur-le-climat-de-katowice-un-flop\/","title":{"rendered":"Sommet sur le climat de Katowice: un flop"},"content":{"rendered":"<p><strong>La COP24 s\u2019est termin\u00e9e ce week-end \u00e0 Katowice apr\u00e8s de nombreux reports. S\u2019il y a quelques progr\u00e8s partiels en termes de proc\u00e9dure, la d\u00e9claration finale est loin d\u2019\u00eatre une r\u00e9ponse satisfaisante aux d\u00e9fis auxquels notre monde est confront\u00e9. Juliette Boulet, notre porte-parole, \u00e9tait sur place. Elle nous raconte son p\u00e9riple de 6 jours. <\/strong><\/p>\n<p><img loading=\"lazy\" decoding=\"async\" class=\"alignnone wp-image-1679 size-full\" src=\"https:\/\/www.greenpeace.org\/static\/planet4-belgium-stateless\/2019\/02\/a8eae141-cop1.jpg\" alt=\"\" width=\"999\" height=\"664\" srcset=\"https:\/\/www.greenpeace.org\/static\/planet4-belgium-stateless\/2019\/02\/a8eae141-cop1.jpg 999w, https:\/\/www.greenpeace.org\/static\/planet4-belgium-stateless\/2019\/02\/a8eae141-cop1-300x199.jpg 300w, https:\/\/www.greenpeace.org\/static\/planet4-belgium-stateless\/2019\/02\/a8eae141-cop1-768x510.jpg 768w, https:\/\/www.greenpeace.org\/static\/planet4-belgium-stateless\/2019\/02\/a8eae141-cop1-510x340.jpg 510w\" sizes=\"auto, (max-width: 999px) 100vw, 999px\" \/><\/p>\n<p>Apr\u00e8s un voyage en train de 24 heures, marqu\u00e9 par 5 connections et la travers\u00e9e de 5 pays, je suis arriv\u00e9e \u00e0 Katowice le 12 d\u00e9cembre, \u00e0 temps donc pour suivre le dernier round de n\u00e9gociations de cette 24\u00e8me conf\u00e9rence des parties sur le changement climatique ; bref la grand-messe climatique annuelle organis\u00e9e par les Nations unies.<\/p>\n<h3>Aucun engagement collectif<\/h3>\n<p>Si la COP24 a abouti \u00e0 un accord sur le mode d\u2019emploi qui doit fixer le chemin pour respecter l\u2019accord de Paris, nous d\u00e9plorons qu\u2019aucun engagement collectif \u00e0 rehausser les ambitions climatiques n\u2019ait \u00e9t\u00e9 trouv\u00e9. Ce qui est d\u00e9solant et tr\u00e8s inqui\u00e9tant. Parce que si nous voulons limiter le r\u00e9chauffement climatique \u00e0 1,5\u00b0 C, comme convenu dans l\u2019accord de Paris sur le climat, il est essentiel que chaque pays \u00e9labore un plan climat plus ambitieux. \u00c7a devait \u00eatre le grand engagement de ce Sommet mais malheureusement \u00e0 Katowice, on a plus respir\u00e9 du charbon qu\u2019une grande bouff\u00e9e d\u2019oxyg\u00e8ne !<\/p>\n<p><img loading=\"lazy\" decoding=\"async\" class=\"alignnone wp-image-1681 size-full\" src=\"https:\/\/www.greenpeace.org\/static\/planet4-belgium-stateless\/2019\/02\/eb2fc76d-cop2.jpg\" alt=\"\" width=\"999\" height=\"664\" srcset=\"https:\/\/www.greenpeace.org\/static\/planet4-belgium-stateless\/2019\/02\/eb2fc76d-cop2.jpg 999w, https:\/\/www.greenpeace.org\/static\/planet4-belgium-stateless\/2019\/02\/eb2fc76d-cop2-300x199.jpg 300w, https:\/\/www.greenpeace.org\/static\/planet4-belgium-stateless\/2019\/02\/eb2fc76d-cop2-768x510.jpg 768w, https:\/\/www.greenpeace.org\/static\/planet4-belgium-stateless\/2019\/02\/eb2fc76d-cop2-510x340.jpg 510w\" sizes=\"auto, (max-width: 999px) 100vw, 999px\" \/><\/p>\n<p>Pourtant, apr\u00e8s une nouvelle ann\u00e9e de catastrophes climatiques et \u00e0 peine deux mois apr\u00e8s que les experts climatiques du GIEC aient averti que les 12 prochaines ann\u00e9es seraient cruciales pour emp\u00eacher l\u2019irr\u00e9versibilit\u00e9 du r\u00e9chauffement global, le Sommet sur le climat \u00e9tait le rendez-vous qui devait montrer combien les parties avaient pris la mesure de l\u2019urgence. C\u2019est plut\u00f4t au \u201cback to business\u201d auquel on a assist\u00e9, avec une pr\u00e9sidence bien peu pr\u00e9par\u00e9e \u00e0 g\u00e9rer ces tensions et plut\u00f4t d\u00e9termin\u00e9e \u00e0 ne rien faire avancer !<\/p>\n<p><img loading=\"lazy\" decoding=\"async\" class=\"alignnone wp-image-1683 size-full\" src=\"https:\/\/www.greenpeace.org\/static\/planet4-belgium-stateless\/2019\/02\/69456e13-cop3.jpg\" alt=\"\" width=\"999\" height=\"664\" srcset=\"https:\/\/www.greenpeace.org\/static\/planet4-belgium-stateless\/2019\/02\/69456e13-cop3.jpg 999w, https:\/\/www.greenpeace.org\/static\/planet4-belgium-stateless\/2019\/02\/69456e13-cop3-300x199.jpg 300w, https:\/\/www.greenpeace.org\/static\/planet4-belgium-stateless\/2019\/02\/69456e13-cop3-768x510.jpg 768w, https:\/\/www.greenpeace.org\/static\/planet4-belgium-stateless\/2019\/02\/69456e13-cop3-510x340.jpg 510w\" sizes=\"auto, (max-width: 999px) 100vw, 999px\" \/><\/p>\n<h3>La Belgique co-responsable du flop climatique<\/h3>\n<p>La Belgique a aussi brill\u00e9 par son manque d\u2019ambition climatique \u00e0 Katowice. Elle porte ainsi une responsabilit\u00e9 historique \u00e9crasante avec les autres pays qui bloquent toute avanc\u00e9e. Une fois de plus, la Belgique a refus\u00e9 de soutenir une large coalition de pays qui souhaitent des plans climat plus ambitieux. La diff\u00e9rence entre ce que certains de nos ministres disent devant la cam\u00e9ra et leurs actions est maintenant cruellement visible.<\/p>\n<p>Pour nous, les ministres belges en charge du climat n\u2019ont rien \u00e0 faire \u00e0 ce genre de conf\u00e9rence mondiale s\u2019ils s\u2019opposent \u00e0 toute ambition accrue en Europe et dans le monde et s\u2019ils sont incapables d\u2019\u00e9laborer un plan national s\u00e9rieux. Leur comportement insens\u00e9 est un coup dur pour les citoyens belges qui attendent massivement et \u00e9nergiquement une action climatique de la part de la politique. 75.000 personnes ont march\u00e9 dans la rue pour demander plus d\u2019ambitions climatiques, il faut que les gouvernements apportent des r\u00e9ponses. Nous ne laisserons pas les gouvernements abandonner les hommes et la plan\u00e8te.<\/p>\n<p><img loading=\"lazy\" decoding=\"async\" class=\"alignnone wp-image-1673 size-full\" src=\"https:\/\/www.greenpeace.org\/static\/planet4-belgium-stateless\/2019\/02\/e3aac829-climat-5.jpg\" alt=\"\" width=\"999\" height=\"666\" srcset=\"https:\/\/www.greenpeace.org\/static\/planet4-belgium-stateless\/2019\/02\/e3aac829-climat-5.jpg 999w, https:\/\/www.greenpeace.org\/static\/planet4-belgium-stateless\/2019\/02\/e3aac829-climat-5-300x200.jpg 300w, https:\/\/www.greenpeace.org\/static\/planet4-belgium-stateless\/2019\/02\/e3aac829-climat-5-768x512.jpg 768w, https:\/\/www.greenpeace.org\/static\/planet4-belgium-stateless\/2019\/02\/e3aac829-climat-5-510x340.jpg 510w\" sizes=\"auto, (max-width: 999px) 100vw, 999px\" \/><\/p>\n<h3>Plus d\u00e9termin\u00e9e que jamais<\/h3>\n<p>Ce fut donc une bien grosse d\u00e9ception. Je suis rentr\u00e9e en Belgique fatigu\u00e9e, mais aussi pleine de d\u00e9termination pour poursuivre le combat. J\u2019\u00e9tais certes heureuse de pouvoir retrouver mes enfants mais aussi, tr\u00e8s inqui\u00e8te pour leur avenir.<\/p>\n<h3>A vous d\u2019agir<\/h3>\n<p>Face \u00e0 l\u2019incapacit\u00e9 du gouvernement d\u2019agir pour le climat, nous avons d\u00e9cid\u00e9 d\u2019adresser notre requ\u00eate directement au Roi. Car son r\u00f4le est celui d\u2019assurer la continuit\u00e9 et la poursuite des objectifs \u00e0 long terme.<\/p>\n","protected":false},"excerpt":{"rendered":"<p>La COP24 s\u2019est termin\u00e9e ce week-end \u00e0 Katowice apr\u00e8s de nombreux reports. S\u2019il y a quelques progr\u00e8s partiels en termes de proc\u00e9dure, la d\u00e9claration finale est loin d\u2019\u00eatre une r\u00e9ponse&hellip;<\/p>\n","protected":false},"author":49,"featured_media":1673,"comment_status":"closed","ping_status":"closed","sticky":false,"template":"","format":"standard","meta":{"ep_exclude_from_search":false,"p4_og_title":"","p4_og_description":"","p4_og_image":"","p4_og_image_id":"","p4_seo_canonical_url":"","p4_campaign_name":"","p4_local_project":"","p4_basket_name":"","p4_department":"","footnotes":""},"categories":[106],"tags":[86],"p4-page-type":[116],"class_list":["post-2904","post","type-post","status-publish","format-standard","has-post-thumbnail","hentry","category-il-est-encore-temps","tag-climat","p4-page-type-actualites-blog"],"_links":{"self":[{"href":"https:\/\/www.greenpeace.org\/belgium\/fr\/wp-json\/wp\/v2\/posts\/2904","targetHints":{"allow":["GET"]}}],"collection":[{"href":"https:\/\/www.greenpeace.org\/belgium\/fr\/wp-json\/wp\/v2\/posts"}],"about":[{"href":"https:\/\/www.greenpeace.org\/belgium\/fr\/wp-json\/wp\/v2\/types\/post"}],"author":[{"embeddable":true,"href":"https:\/\/www.greenpeace.org\/belgium\/fr\/wp-json\/wp\/v2\/users\/49"}],"replies":[{"embeddable":true,"href":"https:\/\/www.greenpeace.org\/belgium\/fr\/wp-json\/wp\/v2\/comments?post=2904"}],"version-history":[{"count":2,"href":"https:\/\/www.greenpeace.org\/belgium\/fr\/wp-json\/wp\/v2\/posts\/2904\/revisions"}],"predecessor-version":[{"id":2906,"href":"https:\/\/www.greenpeace.org\/belgium\/fr\/wp-json\/wp\/v2\/posts\/2904\/revisions\/2906"}],"wp:featuredmedia":[{"embeddable":true,"href":"https:\/\/www.greenpeace.org\/belgium\/fr\/wp-json\/wp\/v2\/media\/1673"}],"wp:attachment":[{"href":"https:\/\/www.greenpeace.org\/belgium\/fr\/wp-json\/wp\/v2\/media?parent=2904"}],"wp:term":[{"taxonomy":"category","embeddable":true,"href":"https:\/\/www.greenpeace.org\/belgium\/fr\/wp-json\/wp\/v2\/categories?post=2904"},{"taxonomy":"post_tag","embeddable":true,"href":"https:\/\/www.greenpeace.org\/belgium\/fr\/wp-json\/wp\/v2\/tags?post=2904"},{"taxonomy":"p4-page-type","embeddable":true,"href":"https:\/\/www.greenpeace.org\/belgium\/fr\/wp-json\/wp\/v2\/p4-page-type?post=2904"}],"curies":[{"name":"wp","href":"https:\/\/api.w.org\/{rel}","templated":true}]}}