{"id":29062,"date":"2022-11-03T10:45:36","date_gmt":"2022-11-03T08:45:36","guid":{"rendered":"https:\/\/www.greenpeace.org\/belgium\/?p=29062"},"modified":"2022-11-03T10:45:39","modified_gmt":"2022-11-03T08:45:39","slug":"cop27-une-occasion-dassurer-un-avenir-equitable-et-sur-pour-tous%c2%b7tes","status":"publish","type":"post","link":"https:\/\/www.greenpeace.org\/belgium\/fr\/communique-de-presse\/29062\/cop27-une-occasion-dassurer-un-avenir-equitable-et-sur-pour-tous%c2%b7tes\/","title":{"rendered":"COP27 : une occasion d\u2019assurer un avenir \u00e9quitable et s\u00fbr pour tous\u00b7tes"},"content":{"rendered":"\n<p><strong>Une question br\u00fblante se posera lors de la COP27 : les pays les plus riches, pollueurs historiques, paieront-ils pour les pertes et les dommages subis en raison de la crise climatique? Pour Greenpeace, ce sommet peut d\u00e9boucher sur des progr\u00e8s significatifs en mati\u00e8re d&rsquo;\u00e9quit\u00e9 et de soutien aux pays les plus durement touch\u00e9s par les catastrophes climatiques. Greenpeace attend de la Belgique qu\u2019elle fasse preuve de plus d\u2019ambition et de solidarit\u00e9.<\/strong><\/p>\n\n<p>Voici la <strong>liste des priorit\u00e9s de Greenpeace<\/strong> lors de ce Sommet des Nations Unies sur le climat:&nbsp;<\/p>\n\n<ul class=\"wp-block-list\"><li>La <strong>mise en place d&rsquo;un m\u00e9canisme de financement des pertes et dommages<\/strong> : un soutien financier aux pays et communaut\u00e9s les plus vuln\u00e9rables au changement climatique pour compenser les pertes et dommages caus\u00e9s par les catastrophes climatiques pass\u00e9es, pr\u00e9sentes et futures.<\/li><li>La <strong>mise \u00e0 ex\u00e9cution de l\u2019engagement de donner 100 milliards de dollars par an aux pays \u00e0 faibles revenus pour les aider \u00e0 s&rsquo;adapter aux impacts du changement climatique.<\/strong> L&rsquo;engagement pris par les pays riches lors de la COP26 l&rsquo;ann\u00e9e derni\u00e8re de doubler le financement de l&rsquo;adaptation d&rsquo;ici 2025 doit \u00eatre honor\u00e9.&nbsp;<\/li><li>Tous les pays doivent adopter une approche permettant une<strong> transition juste, avec une sortie rapide des \u00e9nergies fossiles<\/strong>. Cela passe entre autres par l&rsquo;arr\u00eat imm\u00e9diat de tous les nouveaux projets de combustibles fossiles.<\/li><li>La clarification sans \u00e9quivoque que la limitation de l&rsquo;augmentation de la temp\u00e9rature \u00e0 1,5\u00b0C d&rsquo;ici 2100 est la seule interpr\u00e9tation possible de l&rsquo;accord de Paris. Un agenda align\u00e9 \u00e0 cet objectif doit \u00eatre fix\u00e9, pr\u00e9voyant l&rsquo;abandon de la production et la consommation du charbon, du gaz et du p\u00e9trole.&nbsp;<\/li><li>La <strong>reconnaissance du<\/strong> <strong>r\u00f4le crucial de la nature dans l&rsquo;att\u00e9nuation de la crise climatique et dans notre adaptation \u00e0 celle-ci. La nature en tant que symbole culturel et spirituel et en tant qu&rsquo;habitat d&rsquo;une flore et d&rsquo;une faune diversifi\u00e9es<\/strong>. La protection et la restauration de la nature doivent se faire avec la participation active des populations autochtones et des communaut\u00e9s locales.<\/li><\/ul>\n\n<p>Un briefing d\u00e9taill\u00e9 sur les demandes de Greenpeace pour la COP27 est \u00e0 retrouver <a href=\"https:\/\/www.greenpeace.org\/static\/planet4-international-stateless\/2022\/10\/64268292-greenpeace-cop27-expectations-paper-oct-2022-.pdf\" target=\"_blank\" rel=\"noreferrer noopener\">ici<\/a>. Il est \u00e9galement en pi\u00e8ce-jointe de ce communiqu\u00e9.&nbsp;<\/p>\n\n<p><em>\u00ab\u00a0Se sentir reconnu et en s\u00e9curit\u00e9 est essentiel \u00e0 notre bien-\u00eatre \u00e0 tous\u00b7tes et \u00e0 celui de la plan\u00e8te\u201d<\/em> explique Yeb Sano, chef de la d\u00e9l\u00e9gation internationale de Greenpeace \u00e0 la COP27. <em>\u201cLa COP27 devrait se focaliser l\u00e0-dessus. L&rsquo;\u00e9quit\u00e9 et le financement pour les pays les plus durement touch\u00e9s par la crise climatique dans le pass\u00e9, le pr\u00e9sent et l&rsquo;avenir sont des \u00e9l\u00e9ments cl\u00e9s de la r\u00e9ussite de ce sommet. Non seulement pendant les discussions, mais aussi dans les actions qui suivront. Les solutions et la sagesse abondent parmi les peuples, les communaut\u00e9s et les jeunes autochtones. Ce qui manque, c&rsquo;est la volont\u00e9 des gouvernements et des entreprises riches et polluantes de passer \u00e0 l&rsquo;action.\u00a0\u00bb<\/em><\/p>\n\n<p><strong>La Belgique doit faire preuve d\u2019ambition et de solidarit\u00e9<\/strong><\/p>\n\n<p>L&rsquo;Union Europ\u00e9enne n\u00e9gocie d\u2019une seule voix \u00e0 la COP27. Notre pays a n\u00e9anmoins un r\u00f4le non n\u00e9gligeable \u00e0 jouer en mati\u00e8re de solidarit\u00e9 et d&rsquo;ambition. Il se doit ainsi de rejoindre la High Ambition Coalition qui r\u00e9affirme l&rsquo;objectif de limitation du r\u00e9chauffement terrestre \u00e0 1,5 degr\u00e9s et le principe de sortie des \u00e9nergies fossiles. Comme \u00e9metteur historique de gaz \u00e0 effet de serre, la Belgique doit \u00e9galement prendre ses responsabilit\u00e9s et soutenir les communaut\u00e9s qui souffrent le plus de la crise climatique.<\/p>\n\n<p><em>\u00ab\u00a0La Belgique et ses 4 ministres du climat ne peuvent fuir leurs responsabilit\u00e9s\u201d <\/em>affirme Carine Thibaut, porte-parole pour Greenpeace Belgique<em>. \u201cNotre pays a un devoir face \u00e0 celles et ceux qui sont les plus durement touch\u00e9s par le d\u00e9r\u00e8glement climatique. Elle doit \u00e0 la fois s\u2019engager \u00e0 sortir des \u00e9nergies fossiles et soutenir un nouveau fonds pour compenser les pertes et dommages\u00a0\u00bb.<\/em><\/p>\n","protected":false},"excerpt":{"rendered":"<p>Une question br\u00fblante se posera lors de la COP27 : les pays les plus riches, pollueurs historiques, paieront-ils pour les pertes et les dommages subis en raison de la crise&hellip;<\/p>\n","protected":false},"author":80,"featured_media":28897,"comment_status":"closed","ping_status":"closed","sticky":false,"template":"","format":"standard","meta":{"ep_exclude_from_search":false,"p4_og_title":"","p4_og_description":"","p4_og_image":"","p4_og_image_id":"","p4_seo_canonical_url":"","p4_campaign_name":"not set","p4_local_project":"not set","p4_basket_name":"not set","p4_department":"","footnotes":""},"categories":[1],"tags":[86],"p4-page-type":[117],"class_list":["post-29062","post","type-post","status-publish","format-standard","has-post-thumbnail","hentry","category-non-classifiee","tag-climat","p4-page-type-communique-de-presse"],"_links":{"self":[{"href":"https:\/\/www.greenpeace.org\/belgium\/fr\/wp-json\/wp\/v2\/posts\/29062","targetHints":{"allow":["GET"]}}],"collection":[{"href":"https:\/\/www.greenpeace.org\/belgium\/fr\/wp-json\/wp\/v2\/posts"}],"about":[{"href":"https:\/\/www.greenpeace.org\/belgium\/fr\/wp-json\/wp\/v2\/types\/post"}],"author":[{"embeddable":true,"href":"https:\/\/www.greenpeace.org\/belgium\/fr\/wp-json\/wp\/v2\/users\/80"}],"replies":[{"embeddable":true,"href":"https:\/\/www.greenpeace.org\/belgium\/fr\/wp-json\/wp\/v2\/comments?post=29062"}],"version-history":[{"count":1,"href":"https:\/\/www.greenpeace.org\/belgium\/fr\/wp-json\/wp\/v2\/posts\/29062\/revisions"}],"predecessor-version":[{"id":29063,"href":"https:\/\/www.greenpeace.org\/belgium\/fr\/wp-json\/wp\/v2\/posts\/29062\/revisions\/29063"}],"wp:featuredmedia":[{"embeddable":true,"href":"https:\/\/www.greenpeace.org\/belgium\/fr\/wp-json\/wp\/v2\/media\/28897"}],"wp:attachment":[{"href":"https:\/\/www.greenpeace.org\/belgium\/fr\/wp-json\/wp\/v2\/media?parent=29062"}],"wp:term":[{"taxonomy":"category","embeddable":true,"href":"https:\/\/www.greenpeace.org\/belgium\/fr\/wp-json\/wp\/v2\/categories?post=29062"},{"taxonomy":"post_tag","embeddable":true,"href":"https:\/\/www.greenpeace.org\/belgium\/fr\/wp-json\/wp\/v2\/tags?post=29062"},{"taxonomy":"p4-page-type","embeddable":true,"href":"https:\/\/www.greenpeace.org\/belgium\/fr\/wp-json\/wp\/v2\/p4-page-type?post=29062"}],"curies":[{"name":"wp","href":"https:\/\/api.w.org\/{rel}","templated":true}]}}