{"id":2910,"date":"2018-12-20T15:00:40","date_gmt":"2018-12-20T14:00:40","guid":{"rendered":"https:\/\/www.greenpeace.org\/belgium\/?p=2910"},"modified":"2019-11-06T10:23:16","modified_gmt":"2019-11-06T08:23:16","slug":"greenpeace-recue-au-palais-royal","status":"publish","type":"post","link":"https:\/\/www.greenpeace.org\/belgium\/fr\/actualites-blog\/2910\/greenpeace-recue-au-palais-royal\/","title":{"rendered":"Greenpeace re\u00e7ue au Palais royal!"},"content":{"rendered":"<p>Aujourd\u2019hui, une d\u00e9l\u00e9gation Greenpeace a franchi les grilles du Palais Royal de Bruxelles pour y remettre une lettre au Roi, sign\u00e9e par quelque 70.000 personnes. Dans cette lettre, nous lui demandons d\u2019interpeller les politiciens pour qu\u2019ils prennent, enfin, des d\u00e9cisions ambitieuses, \u00e0 la hauteur de l\u2019urgence climatique.<\/p>\n<p><img loading=\"lazy\" decoding=\"async\" class=\"alignnone wp-image-1721 size-full\" src=\"https:\/\/www.greenpeace.org\/static\/planet4-belgium-stateless\/2019\/02\/ec5ea1ca-king.jpg\" alt=\"\" width=\"999\" height=\"663\" srcset=\"https:\/\/www.greenpeace.org\/static\/planet4-belgium-stateless\/2019\/02\/ec5ea1ca-king.jpg 999w, https:\/\/www.greenpeace.org\/static\/planet4-belgium-stateless\/2019\/02\/ec5ea1ca-king-300x199.jpg 300w, https:\/\/www.greenpeace.org\/static\/planet4-belgium-stateless\/2019\/02\/ec5ea1ca-king-768x510.jpg 768w, https:\/\/www.greenpeace.org\/static\/planet4-belgium-stateless\/2019\/02\/ec5ea1ca-king-510x338.jpg 510w\" sizes=\"auto, (max-width: 999px) 100vw, 999px\" \/><\/p>\n<h3>Pourquoi le Roi ?<\/h3>\n<p>Vous vous demandez peut-\u00eatre pourquoi nous nous sommes adress\u00e9s au Roi ? C\u2019est simple :\u00a0 les politiciens ne semblent pas vouloir r\u00e9agir \u00e0 notre appel pour des mesures climatiques ambitieuses; or, en temps de crise, c\u2019est au Roi d\u2019assurer la continuit\u00e9 et la poursuite des objectifs \u00e0 long terme pour le pays. La situation politique de ces derni\u00e8res semaines a d\u00e9\u00e7u beaucoup de citoyens car nos d\u00e9cideurs politiques se sont enferm\u00e9s dans des jeux de poker qui nous font perdre un temps pr\u00e9cieux.<\/p>\n<p>Il y a un peu plus de 48 heures maintenant, le Premier Ministre est all\u00e9 remettre sa d\u00e9mission entre les mains du Roi. Celui-ci, comme le veut la tradition, suspend sa d\u00e9cision et entreprend des consultations. Ces moments sont importants car ils doivent servir \u00e0 d\u00e9finir l\u2019horizon politique de notre pays pour les prochains mois. C\u2019est pour cela que nous nous adressons au Roi et lui demandons de porter la voix de 70.000 personnes aupr\u00e8s des acteurs politiques pour qu\u2019ils prennent enfin, des d\u00e9cisions \u00e0 la hauteur de l\u2019urgence climatique.<\/p>\n<h3>Au Palais<\/h3>\n<p>Au Palais, nous avons \u00e9t\u00e9 re\u00e7us par le Secr\u00e9taire g\u00e9n\u00e9ral de la Maison de Sa Majest\u00e9 le Roi, le plus haut repr\u00e9sentant du Roi. Une des signataires de la p\u00e9tition et Valerie Del Re, directrice de Greenpeace, lui ont remis la lettre. De son c\u00f4t\u00e9, le Secr\u00e9taire g\u00e9n\u00e9ral a insist\u00e9 sur le fait que le climat est une th\u00e9matique importante pour le Roi et a r\u00e9agi positivement \u00e0 la main tendue par Greenpeace.<\/p>\n<h3>It\u2019s not too late<\/h3>\n<p>Greenpeace a fait part de sa disponibilit\u00e9 en tant qu\u2019organisation dot\u00e9e d\u2019une longue exp\u00e9rience en mati\u00e8re de lutte contre le changement climatique, pour apporter son expertise et ses connaissances en vue d\u2019un \u00e9ventuel cycle de consultation et afin de parvenir \u00e0 un ambitieux plan national sur le climat. Ce processus doit \u00eatre rapide et efficace. La lutte pour inverser le r\u00e9chauffement plan\u00e9taire ne peut se permettre de perdre encore des ann\u00e9es.<\/p>\n<p>Forts de notre expertise, nous lui avons remis plusieurs rapports sur certains enjeux directement li\u00e9s au r\u00e9chauffement plan\u00e9taire. Nous avons aussi profit\u00e9 de l\u2019occasion pour faire un petit cadeau aux enfants du couple royal : 4 t-shirts avec le logo \u201cIt\u2019s not too late\u201d.<\/p>\n","protected":false},"excerpt":{"rendered":"<p>Aujourd\u2019hui, une d\u00e9l\u00e9gation Greenpeace a franchi les grilles du Palais Royal de Bruxelles pour y remettre une lettre au Roi, sign\u00e9e par quelque 70.000 personnes. Dans cette lettre, nous lui&hellip;<\/p>\n","protected":false},"author":49,"featured_media":1721,"comment_status":"closed","ping_status":"closed","sticky":false,"template":"","format":"standard","meta":{"ep_exclude_from_search":false,"p4_og_title":"","p4_og_description":"","p4_og_image":"","p4_og_image_id":"","p4_seo_canonical_url":"","p4_campaign_name":"","p4_local_project":"","p4_basket_name":"","p4_department":"","footnotes":""},"categories":[106],"tags":[86],"p4-page-type":[116],"class_list":["post-2910","post","type-post","status-publish","format-standard","has-post-thumbnail","hentry","category-il-est-encore-temps","tag-climat","p4-page-type-actualites-blog"],"_links":{"self":[{"href":"https:\/\/www.greenpeace.org\/belgium\/fr\/wp-json\/wp\/v2\/posts\/2910","targetHints":{"allow":["GET"]}}],"collection":[{"href":"https:\/\/www.greenpeace.org\/belgium\/fr\/wp-json\/wp\/v2\/posts"}],"about":[{"href":"https:\/\/www.greenpeace.org\/belgium\/fr\/wp-json\/wp\/v2\/types\/post"}],"author":[{"embeddable":true,"href":"https:\/\/www.greenpeace.org\/belgium\/fr\/wp-json\/wp\/v2\/users\/49"}],"replies":[{"embeddable":true,"href":"https:\/\/www.greenpeace.org\/belgium\/fr\/wp-json\/wp\/v2\/comments?post=2910"}],"version-history":[{"count":2,"href":"https:\/\/www.greenpeace.org\/belgium\/fr\/wp-json\/wp\/v2\/posts\/2910\/revisions"}],"predecessor-version":[{"id":2912,"href":"https:\/\/www.greenpeace.org\/belgium\/fr\/wp-json\/wp\/v2\/posts\/2910\/revisions\/2912"}],"wp:featuredmedia":[{"embeddable":true,"href":"https:\/\/www.greenpeace.org\/belgium\/fr\/wp-json\/wp\/v2\/media\/1721"}],"wp:attachment":[{"href":"https:\/\/www.greenpeace.org\/belgium\/fr\/wp-json\/wp\/v2\/media?parent=2910"}],"wp:term":[{"taxonomy":"category","embeddable":true,"href":"https:\/\/www.greenpeace.org\/belgium\/fr\/wp-json\/wp\/v2\/categories?post=2910"},{"taxonomy":"post_tag","embeddable":true,"href":"https:\/\/www.greenpeace.org\/belgium\/fr\/wp-json\/wp\/v2\/tags?post=2910"},{"taxonomy":"p4-page-type","embeddable":true,"href":"https:\/\/www.greenpeace.org\/belgium\/fr\/wp-json\/wp\/v2\/p4-page-type?post=2910"}],"curies":[{"name":"wp","href":"https:\/\/api.w.org\/{rel}","templated":true}]}}