{"id":29200,"date":"2022-11-16T13:40:11","date_gmt":"2022-11-16T12:40:11","guid":{"rendered":"https:\/\/www.greenpeace.org\/belgium\/?p=29200"},"modified":"2022-11-17T10:28:16","modified_gmt":"2022-11-17T09:28:16","slug":"greenpeace-invite-a-se-bouger-pour-la-planete-avec-un-nouveau-challenge-sportif-le-greenpeace-triathlon","status":"publish","type":"post","link":"https:\/\/www.greenpeace.org\/belgium\/fr\/communique-de-presse\/29200\/greenpeace-invite-a-se-bouger-pour-la-planete-avec-un-nouveau-challenge-sportif-le-greenpeace-triathlon\/","title":{"rendered":"Greenpeace invite \u00e0 se bouger pour la plan\u00e8te avec un nouveau challenge sportif : le Greenpeace Triathlon"},"content":{"rendered":"\n<p><strong>Greenpeace organisera le 13 mai 2023 pr\u00e8s de Malines la premi\u00e8re \u00e9dition d\u2019un challenge sportif et caritatif : le Greenpeace Triathlon. Un triathlon revisit\u00e9 car le d\u00e9fi est une course relais en \u00e9quipe avec trois disciplines diff\u00e9rentes : course \u00e0 pied, escalade, kayak. Des sports embl\u00e9matiques des actions r\u00e9alis\u00e9es par Greenpeace. Chaque \u00e9quipe aura la mission de collecter un minimum de 900 euros de dons avant l\u2019\u00e9v\u00e9nement. Les inscriptions sont ouvertes.<\/strong><\/p>\n\n<p>Le Greenpeace Triathlon n\u2019est pas un triathlon classique. Pas question ici de natation, de cyclisme et de course \u00e0 pied \u00e0 r\u00e9aliser successivement et en solo. Le d\u00e9fi sportif pr\u00e9par\u00e9 par Greenpeace est une course relais \u00e0 r\u00e9aliser par \u00e9quipe de trois personnes (chacun\u00b7e pratiquant exclusivement un des trois sports du d\u00e9fi). L\u2019objectif est de r\u00e9aliser un maximum de tours complets compos\u00e9s de 2,4 km de course \u00e0 pied, d\u2019une \u00e9preuve d\u2019escalade et d\u20191 km de kayak, et cela durant 4 heures. Cette course relais offre un temps de repos \u00e0 chaque participant\u00b7e entre deux efforts, rendant le challenge accessible \u00e0 tout le monde, quelle que soit sa condition physique.&nbsp;<\/p>\n\n<p>L\u2019\u00e9v\u00e9nement est sportif mais \u00e9galement caritatif. Inspir\u00e9 d\u2019autres challenges du m\u00eame genre, le concept repose donc sur l\u2019engagement de chaque \u00e9quipe \u00e0 collecter avant le triathlon un minimum de 900 euros via une plateforme en ligne. Ces dons contribueront au financement de diff\u00e9rents projets de Greenpeace Belgique pour la protection de l\u2019environnement et la lutte contre la crise climatique.&nbsp;<\/p>\n\n<p><em>\u201cLors de cet \u00e9v\u00e9nement sportif in\u00e9dit, nous voulons f\u00e9d\u00e9rer les gens dans leur volont\u00e9 commune de lutter contre la crise climatique\u201d<\/em> explique<strong> Carine Thibaut, porte-parole de Greenpeace<\/strong><em>. \u201cNous tenions \u00e0 organiser un concept convivial, bas\u00e9 sur des sports propres aux actions de Greenpeace, et qui permettra \u00e0 chacun\u00b7e de se d\u00e9passer et de se bouger pour notre plan\u00e8te !\u201d<\/em><\/p>\n\n<p>Le Greenpeace Triathlon se d\u00e9roulera le samedi 13 mai 2023 au domaine d\u2019Hofstade, pr\u00e8s de Malines (commune de Zemst). Il est possible de s\u2019inscrire via <a href=\"http:\/\/www.greenpeace-triathlon.org\/\" target=\"_blank\" rel=\"noreferrer noopener\">www.greenpeace-triathlon.org<\/a>.<\/p>\n","protected":false},"excerpt":{"rendered":"<p>Greenpeace organisera le 13 mai 2023 pr\u00e8s de Malines la premi\u00e8re \u00e9dition d\u2019un challenge sportif et caritatif : le Greenpeace Triathlon. Un triathlon revisit\u00e9 car le d\u00e9fi est une course&hellip;<\/p>\n","protected":false},"author":80,"featured_media":29279,"comment_status":"closed","ping_status":"closed","sticky":false,"template":"","format":"standard","meta":{"ep_exclude_from_search":false,"p4_og_title":"","p4_og_description":"","p4_og_image":"","p4_og_image_id":"","p4_seo_canonical_url":"","p4_campaign_name":"not set","p4_local_project":"not set","p4_basket_name":"not set","p4_department":"","footnotes":""},"categories":[1,151],"tags":[],"p4-page-type":[117],"class_list":["post-29200","post","type-post","status-publish","format-standard","has-post-thumbnail","hentry","category-non-classifiee","category-presse","p4-page-type-communique-de-presse"],"_links":{"self":[{"href":"https:\/\/www.greenpeace.org\/belgium\/fr\/wp-json\/wp\/v2\/posts\/29200","targetHints":{"allow":["GET"]}}],"collection":[{"href":"https:\/\/www.greenpeace.org\/belgium\/fr\/wp-json\/wp\/v2\/posts"}],"about":[{"href":"https:\/\/www.greenpeace.org\/belgium\/fr\/wp-json\/wp\/v2\/types\/post"}],"author":[{"embeddable":true,"href":"https:\/\/www.greenpeace.org\/belgium\/fr\/wp-json\/wp\/v2\/users\/80"}],"replies":[{"embeddable":true,"href":"https:\/\/www.greenpeace.org\/belgium\/fr\/wp-json\/wp\/v2\/comments?post=29200"}],"version-history":[{"count":3,"href":"https:\/\/www.greenpeace.org\/belgium\/fr\/wp-json\/wp\/v2\/posts\/29200\/revisions"}],"predecessor-version":[{"id":29276,"href":"https:\/\/www.greenpeace.org\/belgium\/fr\/wp-json\/wp\/v2\/posts\/29200\/revisions\/29276"}],"wp:featuredmedia":[{"embeddable":true,"href":"https:\/\/www.greenpeace.org\/belgium\/fr\/wp-json\/wp\/v2\/media\/29279"}],"wp:attachment":[{"href":"https:\/\/www.greenpeace.org\/belgium\/fr\/wp-json\/wp\/v2\/media?parent=29200"}],"wp:term":[{"taxonomy":"category","embeddable":true,"href":"https:\/\/www.greenpeace.org\/belgium\/fr\/wp-json\/wp\/v2\/categories?post=29200"},{"taxonomy":"post_tag","embeddable":true,"href":"https:\/\/www.greenpeace.org\/belgium\/fr\/wp-json\/wp\/v2\/tags?post=29200"},{"taxonomy":"p4-page-type","embeddable":true,"href":"https:\/\/www.greenpeace.org\/belgium\/fr\/wp-json\/wp\/v2\/p4-page-type?post=29200"}],"curies":[{"name":"wp","href":"https:\/\/api.w.org\/{rel}","templated":true}]}}