{"id":29355,"date":"2023-02-03T10:07:57","date_gmt":"2023-02-03T09:07:57","guid":{"rendered":"https:\/\/www.greenpeace.org\/belgium\/?p=29355"},"modified":"2023-02-03T15:09:41","modified_gmt":"2023-02-03T14:09:41","slug":"participez-a-notre-evenement-sportif","status":"publish","type":"post","link":"https:\/\/www.greenpeace.org\/belgium\/fr\/actualites-blog\/29355\/participez-a-notre-evenement-sportif\/","title":{"rendered":"Participez \u00e0 notre \u00e9v\u00e9nement sportif"},"content":{"rendered":"\n<p><strong>Greenpeace organisera le 13 mai 2023 \u00e0 Hofstade la premi\u00e8re \u00e9dition d\u2019un challenge sportif et solidaire en \u00e9quipe : le Greenpeace Triathlon. Un Triathlon qui n\u2019a en r\u00e9alit\u00e9 \u2026 rien d\u2019un triathlon classique ! Si la course \u00e0 pied, l\u2019escalade ou le kayak vous motive ou si vous avez envie de bouger pour la plan\u00e8te, lisez la suite, on vous explique tout \u00e7a en 5 questions.<\/strong><\/p>\n\n<div class=\"wp-block-buttons is-layout-flex wp-block-buttons-is-layout-flex\">\n<div class=\"wp-block-button\"><a class=\"wp-block-button__link wp-element-button\" href=\"https:\/\/www.greenpeace-triathlon.org\/fr-FR\/\" target=\"_blank\" rel=\"noreferrer noopener\">J&rsquo;inscris mon \u00e9quipe<\/a><\/div>\n<\/div>\n\n<div style=\"height:11px\" aria-hidden=\"true\" class=\"wp-block-spacer\"><\/div>\n\n<figure class=\"wp-block-image size-large\"><img loading=\"lazy\" decoding=\"async\" width=\"1024\" height=\"627\" src=\"https:\/\/www.greenpeace.org\/static\/planet4-belgium-stateless\/2022\/12\/0e2260a1-finaaaaal-1024x627.jpg\" alt=\"\" class=\"wp-image-29493\" srcset=\"https:\/\/www.greenpeace.org\/static\/planet4-belgium-stateless\/2022\/12\/0e2260a1-finaaaaal-1024x627.jpg 1024w, https:\/\/www.greenpeace.org\/static\/planet4-belgium-stateless\/2022\/12\/0e2260a1-finaaaaal-300x184.jpg 300w, https:\/\/www.greenpeace.org\/static\/planet4-belgium-stateless\/2022\/12\/0e2260a1-finaaaaal-768x470.jpg 768w, https:\/\/www.greenpeace.org\/static\/planet4-belgium-stateless\/2022\/12\/0e2260a1-finaaaaal-1536x941.jpg 1536w, https:\/\/www.greenpeace.org\/static\/planet4-belgium-stateless\/2022\/12\/0e2260a1-finaaaaal-2048x1255.jpg 2048w, https:\/\/www.greenpeace.org\/static\/planet4-belgium-stateless\/2022\/12\/0e2260a1-finaaaaal-510x312.jpg 510w\" sizes=\"auto, (max-width: 1024px) 100vw, 1024px\" \/><\/figure>\n\n<h2 class=\"wp-block-heading\">En quoi \u00e7a consiste ?<\/h2>\n\n<p>Le Greenpeace Triathlon n\u2019est pas un triathlon comme les autres. Mais alors, pas du tout ! Vous nous connaissez, nous n\u2019avons pas r\u00e9sist\u00e9 \u00e0 l\u2019envie de tout changer, m\u00eame le concept du triathlon ! Il n\u2019est donc pas question ici de natation, de cyclisme et de course \u00e0 pied \u00e0 r\u00e9aliser successivement et en solo. C\u2019est plus fun et c\u2019est en \u00e9quipe !<\/p>\n\n<p>Le d\u00e9fi sportif que nous vous avons concoct\u00e9 est une course relais \u00e0 r\u00e9aliser en \u00e9quipe de trois personnes. Une \u00e9quipe doit r\u00e9aliser un <strong>maximum de boucles en 4 heures, en sachant qu\u2019une boucle est compos\u00e9e de 2,4 km de course \u00e0 pied, d\u2019une \u00e9preuve d\u2019escalade (accrocube) et d\u20191 km de kayak.<\/strong> Petite pr\u00e9cision qui a son importance : chaque membre de l\u2019\u00e9quipe pratiquera exclusivement un des trois sports du d\u00e9fi, durant les 4 heures. Autrement dit, chaque \u00e9quipe doit compter : 1 personne motiv\u00e9e par la course \u00e0 pied, 1 personne pr\u00eate \u00e0 enfiler le baudrier pour l\u2019escalade, et 1 personne qui maniera la pagaie en kayak. \u00c0 savoir \u00e9galement : personne n&rsquo;encha\u00eene les 3 disciplines. C&rsquo;est une course relais avec un temps de repos entre chaque effort. Pendant qu\u00b4un membre de l\u2019\u00e9quipe court\/escalade ou fait du kayak, les 2 autres membres r\u00e9cup\u00e8rent !\u00a0\u00a0<\/p>\n\n<figure class=\"wp-block-image size-large\"><img loading=\"lazy\" decoding=\"async\" width=\"1024\" height=\"725\" src=\"https:\/\/www.greenpeace.org\/static\/planet4-belgium-stateless\/2023\/02\/464fcd0f-328740746_5765733140130925_5163015681167291166_n-1024x725.jpg\" alt=\"\" class=\"wp-image-29979\" srcset=\"https:\/\/www.greenpeace.org\/static\/planet4-belgium-stateless\/2023\/02\/464fcd0f-328740746_5765733140130925_5163015681167291166_n-1024x725.jpg 1024w, https:\/\/www.greenpeace.org\/static\/planet4-belgium-stateless\/2023\/02\/464fcd0f-328740746_5765733140130925_5163015681167291166_n-300x212.jpg 300w, https:\/\/www.greenpeace.org\/static\/planet4-belgium-stateless\/2023\/02\/464fcd0f-328740746_5765733140130925_5163015681167291166_n-768x543.jpg 768w, https:\/\/www.greenpeace.org\/static\/planet4-belgium-stateless\/2023\/02\/464fcd0f-328740746_5765733140130925_5163015681167291166_n-1536x1087.jpg 1536w, https:\/\/www.greenpeace.org\/static\/planet4-belgium-stateless\/2023\/02\/464fcd0f-328740746_5765733140130925_5163015681167291166_n-481x340.jpg 481w, https:\/\/www.greenpeace.org\/static\/planet4-belgium-stateless\/2023\/02\/464fcd0f-328740746_5765733140130925_5163015681167291166_n.jpg 1754w\" sizes=\"auto, (max-width: 1024px) 100vw, 1024px\" \/><\/figure>\n\n<h2 class=\"wp-block-heading\">Pourquoi ces 3 disciplines ?<\/h2>\n\n<p>La course \u00e0 pied, l\u2019escalade et le kayak font partie de l\u2019histoire de Greenpeace. Ce n\u2019est donc clairement pas un hasard si le Greenpeace Triathlon est compos\u00e9 de ces 3 disciplines. Les activistes de Greenpeace se d\u00e9ploient en courant lors d\u2019action de masse directe non violente, escaladent des b\u00e2timents, approchent leurs cibles en kayak et grimpent sur des ponts. L\u2019objectif: adresser un message fort pour d\u00e9noncer des situations inacceptables ou pour alerter le grand public sur une probl\u00e9matique.\u00a0<\/p>\n\n<h2 class=\"wp-block-heading\">Pourquoi ce Triathlon ?<\/h2>\n\n<p>En participant au Greenpeace Triathlon, on bouge et on se bouge pour la plan\u00e8te ! Car le challenge est sportif mais aussi solidaire. Avant de participer \u00e0 l&rsquo;\u00e9preuve sportive du 13 mai, chaque \u00e9quipe doit collecter un minimum de 900 euros de dons (300 euros par personne) pour la cause climatique. Ces dons contribueront au financement de diff\u00e9rents projets de Greenpeace Belgique pour la protection de l&rsquo;environnement et de la biodiversit\u00e9. Participer \u00e0 cette aventure, c\u2019est donc rejoindre Greenpeace dans sa lutte contre la crise climatique et contribuer \u00e0 construire un monde plus vert et plus juste pour les g\u00e9n\u00e9rations d\u2019aujourd\u2019hui et de demain. &nbsp;&nbsp;<\/p>\n\n<h2 class=\"wp-block-heading\">Comment r\u00e9unir des dons ?<\/h2>\n\n<p>Chaque \u00e9quipe participante poss\u00e8de sa propre page sur le site du <a rel=\"noreferrer noopener\" href=\"https:\/\/www.greenpeace-triathlon.org\/fr-FR\/equipes\" target=\"_blank\">Triathlon<\/a>. C\u2019est via cette page que vous pourrez r\u00e9unir des dons. Les premiers euros sont les plus compliqu\u00e9s \u00e0 collecter mais une fois que c\u2019est lanc\u00e9, ce sera beaucoup plus facile. La premi\u00e8re chose \u00e0 faire est de contacter son entourage proche (amis, famille, coll\u00e8gues) car ils accepteront plus facilement de vous soutenir. L\u2019id\u00e9e est de toujours bien expliquer quel est l\u2019objectif et de partager le lien vers votre page d\u2019\u00e9quipe afin que les donateurs\u00b7rices puissent vous aider. Un conseil : r\u00e9unissez-vous en \u00e9quipe pour discuter de vos strat\u00e9gies et actions le plus t\u00f4t possible et jetez un \u0153il \u00e0 nos <a rel=\"noreferrer noopener\" href=\"http:\/\/www.greenpeace-triathlon.org\/fr-FR\/collecte-de-dons\" target=\"_blank\">10 conseils pour r\u00e9unir des dons<\/a>. Vous trouverez s\u00fbrement de l\u2019inspiration !&nbsp;&nbsp;<\/p>\n\n<h2 class=\"wp-block-heading\">Comment inscrire mon \u00e9quipe ?<\/h2>\n\n<p>Rendez-vous sur le <a href=\"https:\/\/www.greenpeace-triathlon.org\/fr-FR\" target=\"_blank\" rel=\"noreferrer noopener\">site du Triathlon<\/a> ! Il est possible d\u2019inscrire son \u00e9quipe d\u00e8s maintenant et d\u2019inviter ses 2 co\u00e9quipier\u00b7\u00e8res plus tard. Les frais d\u2019inscription s\u2019\u00e9l\u00e8vent \u00e0 40 euros par personne, soit 120 euros par \u00e9quipe. Le jour J, chaque participant\u00b7e re\u00e7oit un t-shirt, une boisson et une collation. La date limite pour inscrire son \u00e9quipe est le dimanche 30 avril 2023, 23h59, mais n\u2019attendez pas jusque l\u00e0 car \u00e7a ne laisse pas beaucoup de temps pour la collecte de dons ! Bonne chance !&nbsp;<\/p>\n\n<div class=\"wp-block-buttons is-layout-flex wp-block-buttons-is-layout-flex\">\n<div class=\"wp-block-button\"><a class=\"wp-block-button__link wp-element-button\" href=\"https:\/\/www.greenpeace-triathlon.org\/fr-FR\/\" target=\"_blank\" rel=\"noreferrer noopener\">J&rsquo;inscris mon \u00e9quipe<\/a><\/div>\n<\/div>\n\n<span class=\"shareSocialArea\">\n<a class=\"shareFacebook\" href=\"https:\/\/www.facebook.com\/sharer\/sharer.php?u=https%3A%2F%2Fwww.greenpeace.org%2Fbelgium%2Ffr%2Fblog%2F29355%2Fle-greenpeace-triathlon-en-5-questions%2F%3Futm_medium%3Dshare%26utm_content%3Dpostid-29355%26utm_source%3Dfacebook\" target=\"_blank\" rel=\"noopener noreferrer\">Je partage sur Facebook<\/a>\n<a class=\"shareTwitter\" href=\"https:\/\/twitter.com\/intent\/tweet?related=greenpeace_be&amp;text=%3Cstrong%3ELe%20Greenpeace%20Triathlon%20en%205%20questions%3C%2Fstrong%3E,%20via%20@greenpeace_be&amp;url=https%3A%2F%2Fwww.greenpeace.org%2Fbelgium%2Ffr%2Fblog%2F29355%2Fle-greenpeace-triathlon-en-5-questions%2F%3Futm_medium%3Dshare%26utm_content%3Dpostid-29355%26utm_source%3Dtwitter\" target=\"_blank\" rel=\"noopener noreferrer\">Je partage sur Twitter<\/a>\n<a class=\"shareWhatsapp\" href=\"https:\/\/wa.me\/?text=https%3A%2F%2Fwww.greenpeace.org%2Fbelgium%2Ffr%2Fblog%2F29355%2Fle-greenpeace-triathlon-en-5-questions%2F%3Futm_medium%3Dshare%26utm_content%3Dpostid-29355%26utm_source%3Dwhatsapp\" target=\"_blank\" rel=\"noopener noreferrer\">Je partage sur Whatsapp<\/a>\n<\/span>\n","protected":false},"excerpt":{"rendered":"<p>Greenpeace organisera le 13 mai 2023 \u00e0 Hofstade la premi\u00e8re \u00e9dition d\u2019un challenge sportif et solidaire en \u00e9quipe : le Greenpeace Triathlon. Un Triathlon qui n\u2019a en r\u00e9alit\u00e9 \u2026 rien d\u2019un triathlon classique ! On vous explique tout \u00e7a en 5 questions.<\/p>\n","protected":false},"author":105,"featured_media":29493,"comment_status":"closed","ping_status":"closed","sticky":false,"template":"","format":"standard","meta":{"ep_exclude_from_search":false,"p4_og_title":"Participez \u00e0 notre \u00e9v\u00e9nement sportif","p4_og_description":"","p4_og_image":"","p4_og_image_id":"","p4_seo_canonical_url":"","p4_campaign_name":"not set","p4_local_project":"not set","p4_basket_name":"not set","p4_department":"","footnotes":""},"categories":[150],"tags":[86],"p4-page-type":[116],"class_list":["post-29355","post","type-post","status-publish","format-standard","has-post-thumbnail","hentry","category-actualites","tag-climat","p4-page-type-actualites-blog"],"_links":{"self":[{"href":"https:\/\/www.greenpeace.org\/belgium\/fr\/wp-json\/wp\/v2\/posts\/29355","targetHints":{"allow":["GET"]}}],"collection":[{"href":"https:\/\/www.greenpeace.org\/belgium\/fr\/wp-json\/wp\/v2\/posts"}],"about":[{"href":"https:\/\/www.greenpeace.org\/belgium\/fr\/wp-json\/wp\/v2\/types\/post"}],"author":[{"embeddable":true,"href":"https:\/\/www.greenpeace.org\/belgium\/fr\/wp-json\/wp\/v2\/users\/105"}],"replies":[{"embeddable":true,"href":"https:\/\/www.greenpeace.org\/belgium\/fr\/wp-json\/wp\/v2\/comments?post=29355"}],"version-history":[{"count":11,"href":"https:\/\/www.greenpeace.org\/belgium\/fr\/wp-json\/wp\/v2\/posts\/29355\/revisions"}],"predecessor-version":[{"id":29982,"href":"https:\/\/www.greenpeace.org\/belgium\/fr\/wp-json\/wp\/v2\/posts\/29355\/revisions\/29982"}],"wp:featuredmedia":[{"embeddable":true,"href":"https:\/\/www.greenpeace.org\/belgium\/fr\/wp-json\/wp\/v2\/media\/29493"}],"wp:attachment":[{"href":"https:\/\/www.greenpeace.org\/belgium\/fr\/wp-json\/wp\/v2\/media?parent=29355"}],"wp:term":[{"taxonomy":"category","embeddable":true,"href":"https:\/\/www.greenpeace.org\/belgium\/fr\/wp-json\/wp\/v2\/categories?post=29355"},{"taxonomy":"post_tag","embeddable":true,"href":"https:\/\/www.greenpeace.org\/belgium\/fr\/wp-json\/wp\/v2\/tags?post=29355"},{"taxonomy":"p4-page-type","embeddable":true,"href":"https:\/\/www.greenpeace.org\/belgium\/fr\/wp-json\/wp\/v2\/p4-page-type?post=29355"}],"curies":[{"name":"wp","href":"https:\/\/api.w.org\/{rel}","templated":true}]}}