{"id":29442,"date":"2022-12-06T10:27:05","date_gmt":"2022-12-06T09:27:05","guid":{"rendered":"https:\/\/www.greenpeace.org\/belgium\/?p=29442"},"modified":"2022-12-06T10:28:56","modified_gmt":"2022-12-06T09:28:56","slug":"lue-adopte-une-loi-luttant-contre-la-deforestation","status":"publish","type":"post","link":"https:\/\/www.greenpeace.org\/belgium\/fr\/communique-de-presse\/29442\/lue-adopte-une-loi-luttant-contre-la-deforestation\/","title":{"rendered":"<strong>L&rsquo;UE adopte une loi luttant contre la d\u00e9forestation<\/strong>"},"content":{"rendered":"\n<p><strong>Une \u00e9tape historique pour la protection internationale des for\u00eats a \u00e9t\u00e9 franchie ce matin : les n\u00e9gociations sur une loi foresti\u00e8re europ\u00e9enne ont abouti. Finalis\u00e9e ce matin par les repr\u00e9sentant<\/strong><strong>\u00b7e<\/strong><strong>s du Parlement europ\u00e9en et des gouvernements nationaux, <\/strong><a href=\"https:\/\/ec.europa.eu\/commission\/presscorner\/detail\/en\/IP_22_7444\"><strong>la loi<\/strong><\/a><strong> oblige les entreprises \u00e0 prouver qu&rsquo;aucune for\u00eat n&rsquo;a \u00e9t\u00e9 abattue pour leurs produits et leur impose de pouvoir retracer la cha\u00eene d&rsquo;approvisionnement, depuis la parcelle de terre jusqu\u2019au supermarch\u00e9.<\/strong><\/p>\n\n<p>Comme Greenpeace l\u2019avait d\u00e9j\u00e0 signal\u00e9 \u00e0 plusieurs reprises lors du processus l\u00e9gislatif, la loi comprend des lacunes. Si elle prot\u00e8ge les for\u00eats, elle ne mentionne pas d\u2019autres \u00e9cosyst\u00e8mes comme les savanes et les tourbi\u00e8res. En outre, les droits humains ne sont pas suffisamment&nbsp; prot\u00e9g\u00e9s par ce texte.<\/p>\n\n<p>La loi s&rsquo;applique aux entreprises qui vendent du soja, du b\u0153uf, de l&rsquo;huile de palme, du bois, du caoutchouc, du cacao et du caf\u00e9 et certains produits d\u00e9riv\u00e9s tels que le cuir, le chocolat et les meubles. Pour ces produits, il s\u2019agit d\u2019un progr\u00e8s important. A l\u2019heure actuelle, les r\u00e9sident\u00b7es de l&rsquo;UE n&rsquo;ont aucune garantie que les articles de leur panier n\u2019ont pas contribu\u00e9 \u00e0 la d\u00e9forestation.&nbsp;<\/p>\n\n<p><em>\u00ab\u00a0Il s&rsquo;agit d&rsquo;une avanc\u00e9e importante pour les for\u00eats et pour les personnes qui luttent pour les prot\u00e9ger\u201d<\/em> explique Philippe Verbelen, expert en biodiversit\u00e9 chez Greenpeace Belgique. <em>\u201cCette loi se mettra sur la route de certaines tron\u00e7onneuses. Elle emp\u00eachera les entreprises de tirer profit de la d\u00e9forestation. Mais nous regrettons am\u00e8rement que les gouvernements de l&rsquo;UE aient cr\u00e9\u00e9 des m\u00e9canismes qui permettront \u00e0 l\u2019industrie du bois d\u2019\u00e9chapper \u00e0 certaines r\u00e8gles. En premi\u00e8re ligne face \u00e0 la d\u00e9forestation, les peuples autochtones payent de leur sang la d\u00e9fense de la nature. L\u2019UE devra \u00e9galement \u00e9largir la loi aux autres \u00e9cosyst\u00e8mes, pour prot\u00e9ger la nature dans son ensemble, et pas uniquement les for\u00eats. Enfin, la loi devrait aussi interdire l\u2019acc\u00e8s des entreprises qui d\u00e9truisent la nature aux pr\u00eats de banques europ\u00e9ennes, ce qui n\u2019est pas le cas actuellement.\u00a0\u00bb&nbsp;<\/em><\/p>\n\n<p><strong>Une loie affaiblie<\/strong><\/p>\n\n<p>Sous la pression de l&rsquo;industrie foresti\u00e8re europ\u00e9enne et <a href=\"https:\/\/www.bbc.com\/news\/world-us-canada-63736486\">du gouvernement canadien<\/a>, les gouvernements de l&rsquo;UE ont inscrit dans la loi une d\u00e9finition assez faible de la <em>\u00ab\u00a0d\u00e9gradation des for\u00eats\u00a0\u00bb<\/em>. Cela permettra \u00e0 de nombreuses entreprises de poursuivre l&rsquo;exploitation non durable des for\u00eats naturelles.&nbsp;<\/p>\n\n<p>Le Parlement europ\u00e9en a pouss\u00e9 en vain pour que la loi soit \u00e9largie \u00e0 d&rsquo;autres zones bois\u00e9es, en plus des terres techniquement consid\u00e9r\u00e9es comme des for\u00eats. Cette question sera r\u00e9examin\u00e9e d&rsquo;ici un an, et la protection d&rsquo;autres \u00e9cosyst\u00e8mes tels que les savanes et les zones humides d&rsquo;ici deux ans.<\/p>\n\n<p>Une proposition du Parlement europ\u00e9en visant \u00e0 inclure les institutions financi\u00e8res europ\u00e9ennes dans la nouvelle loi a \u00e9chou\u00e9 elle aussi. Cette proposition obligeait les entreprises d\u00e9sireuses de recevoir un financement aupr\u00e8s des banques bas\u00e9es dans l&rsquo;UE \u00e0 prouver que leurs produits sont exempts de d\u00e9forestation.&nbsp; Cette proposition sera r\u00e9examin\u00e9e lors d&rsquo;une r\u00e9vision de la loi dans un d\u00e9lai de deux ans.&nbsp;<\/p>\n\n<p>Le Parlement europ\u00e9en avait enfin demand\u00e9 que le ma\u00efs &#8211; \u00e9galement li\u00e9 \u00e0 une importante destruction des for\u00eats &#8211; soit inclus dans le champ d&rsquo;application de la loi. L&rsquo;extension de la loi au ma\u00efs et au biodiesel sera elle aussi examin\u00e9e dans le cadre du processus de r\u00e9vision.<\/p>\n\n<p><strong>Prochaines \u00e9tapes<\/strong><\/p>\n\n<p>D\u00e9but 2023, le Parlement europ\u00e9en approuvera la nouvelle loi europ\u00e9enne sur la d\u00e9forestation lors d&rsquo;un vote en pl\u00e9ni\u00e8re et les gouvernements nationaux adopteront officiellement la loi lors d&rsquo;une r\u00e9union des ministres. La loi devrait en principe rentr\u00e9e en application dans un an et demi.&nbsp;<\/p>\n","protected":false},"excerpt":{"rendered":"<p>Une \u00e9tape historique pour la protection internationale des for\u00eats a \u00e9t\u00e9 franchie ce matin : les n\u00e9gociations sur une loi foresti\u00e8re europ\u00e9enne ont abouti. Finalis\u00e9e ce matin par les repr\u00e9sentant\u00b7es du Parlement europ\u00e9en et des gouvernements nationaux, la loi oblige les entreprises \u00e0 prouver qu&rsquo;aucune for\u00eat n&rsquo;a \u00e9t\u00e9 abattue pour leurs produits et leur impose de pouvoir retracer la cha\u00eene d&rsquo;approvisionnement, depuis la parcelle de terre jusqu\u2019au supermarch\u00e9.<\/p>\n","protected":false},"author":50,"featured_media":22049,"comment_status":"closed","ping_status":"closed","sticky":false,"template":"","format":"standard","meta":{"ep_exclude_from_search":false,"p4_og_title":"","p4_og_description":"","p4_og_image":"","p4_og_image_id":"","p4_seo_canonical_url":"","p4_campaign_name":"not set","p4_local_project":"not set","p4_basket_name":"not set","p4_department":"","footnotes":""},"categories":[1],"tags":[80],"p4-page-type":[117],"class_list":["post-29442","post","type-post","status-publish","format-standard","has-post-thumbnail","hentry","category-non-classifiee","tag-forets","p4-page-type-communique-de-presse"],"_links":{"self":[{"href":"https:\/\/www.greenpeace.org\/belgium\/fr\/wp-json\/wp\/v2\/posts\/29442","targetHints":{"allow":["GET"]}}],"collection":[{"href":"https:\/\/www.greenpeace.org\/belgium\/fr\/wp-json\/wp\/v2\/posts"}],"about":[{"href":"https:\/\/www.greenpeace.org\/belgium\/fr\/wp-json\/wp\/v2\/types\/post"}],"author":[{"embeddable":true,"href":"https:\/\/www.greenpeace.org\/belgium\/fr\/wp-json\/wp\/v2\/users\/50"}],"replies":[{"embeddable":true,"href":"https:\/\/www.greenpeace.org\/belgium\/fr\/wp-json\/wp\/v2\/comments?post=29442"}],"version-history":[{"count":1,"href":"https:\/\/www.greenpeace.org\/belgium\/fr\/wp-json\/wp\/v2\/posts\/29442\/revisions"}],"predecessor-version":[{"id":29443,"href":"https:\/\/www.greenpeace.org\/belgium\/fr\/wp-json\/wp\/v2\/posts\/29442\/revisions\/29443"}],"wp:featuredmedia":[{"embeddable":true,"href":"https:\/\/www.greenpeace.org\/belgium\/fr\/wp-json\/wp\/v2\/media\/22049"}],"wp:attachment":[{"href":"https:\/\/www.greenpeace.org\/belgium\/fr\/wp-json\/wp\/v2\/media?parent=29442"}],"wp:term":[{"taxonomy":"category","embeddable":true,"href":"https:\/\/www.greenpeace.org\/belgium\/fr\/wp-json\/wp\/v2\/categories?post=29442"},{"taxonomy":"post_tag","embeddable":true,"href":"https:\/\/www.greenpeace.org\/belgium\/fr\/wp-json\/wp\/v2\/tags?post=29442"},{"taxonomy":"p4-page-type","embeddable":true,"href":"https:\/\/www.greenpeace.org\/belgium\/fr\/wp-json\/wp\/v2\/p4-page-type?post=29442"}],"curies":[{"name":"wp","href":"https:\/\/api.w.org\/{rel}","templated":true}]}}