{"id":29482,"date":"2022-12-14T08:30:00","date_gmt":"2022-12-14T07:30:00","guid":{"rendered":"https:\/\/www.greenpeace.org\/belgium\/?p=29482"},"modified":"2022-12-13T17:25:46","modified_gmt":"2022-12-13T16:25:46","slug":"fonds-pour-un-air-sain-78-dossiers-deposes","status":"publish","type":"post","link":"https:\/\/www.greenpeace.org\/belgium\/fr\/communique-de-presse\/29482\/fonds-pour-un-air-sain-78-dossiers-deposes\/","title":{"rendered":"Fonds pour un Air Sain: 78 dossiers d\u00e9pos\u00e9s"},"content":{"rendered":"\n<p><strong>Le premier appel \u00e0 projets du Fonds pour un Air Sain s\u2019est clotur\u00e9 avec succ\u00e8s. Pas moins de 78 associations ou organisations ont soumis un projet pour travailler \u00e0 un cadre de vie sain et une meilleure qualit\u00e9 de l&rsquo;air en Flandre. Le fonds est une initiative de Greenpeace, aliment\u00e9e par les <\/strong><a href=\"https:\/\/www.greenpeace.org\/belgium\/fr\/communique-de-presse\/27814\/le-gouvernement-flamand-doit-payer-850-000-euros-dastreintes-pour-sa-politique-defaillante-en-matiere-de-qualite-de-lair\/\"><strong>astreintes<\/strong><\/a><strong> que le gouvernement flamand doit payer dans le cadre du proc\u00e8s &#8211; toujours en cours &#8211; sur la pollution atmosph\u00e9rique.<\/strong><\/p>\n\n<p>En septembre 2022, le Fonds pour un Air Sain (<a href=\"https:\/\/www.fondsgezondelucht.be\/\">Fonds Gezonde Lucht<\/a>) &#8211; g\u00e9r\u00e9 par la fondation <a href=\"https:\/\/www.beplanet.org\/nl\/\">Be Planet<\/a> &#8211; a lanc\u00e9 son premier <a href=\"https:\/\/www.fondsgezondelucht.be\/projectoproep\/\">appel \u00e0 projets<\/a>. Une somme de 250 000 \u20ac a \u00e9t\u00e9 mise \u00e0 disposition. Les citoyen\u00b7nes, associations, groupes d&rsquo;action ou organisations avaient jusque d\u00e9but d\u00e9cembre pour rentrer un dossier. Ils pouvaient y demander un soutien allant jusqu&rsquo;\u00e0 25 000 \u20ac, afin de r\u00e9aliser des projets en faveur d&rsquo;une meilleure qualit\u00e9 de l&rsquo;air et d&rsquo;un cadre de vie plus sain.&nbsp;<\/p>\n\n<p>On retrouve une grande vari\u00e9t\u00e9 et beaucoup de cr\u00e9ativit\u00e9 au sein des projets soumis : am\u00e9lioration de plaines de jeux ou d\u2019espaces publics, formation \u00e0 la lutte contre la pollution de l&rsquo;air et \u00e0 d&rsquo;autres formes de pollution, sensibilisation \u00e0 des actions plus radicales de pr\u00e9servation de la nature locale, etc.<\/p>\n\n<p><em>\u00ab\u00a0Les citoyen\u00b7nes Flamand\u00b7es semblent bien plus pr\u00e9occup\u00e9\u00b7es par la pollution de l&rsquo;air et par la n\u00e9cessit\u00e9 d\u2019un environnement de vie sain que leur propre gouvernement\u201d<\/em>, s\u2019indigne Joeri Thijs, porte-parole de Greenpeace. <em>\u00ab\u00a0Les p\u00e9nalit\u00e9s, que nous avons re\u00e7ues parce que le gouvernement m\u00e8ne des politiques trop laxistes en la mati\u00e8re, nous permettent de soutenir les citoyen\u00b7nes et les organisations qui agissent.\u201d<\/em><\/p>\n\n<p>Les dossiers des projets sont maintenant analys\u00e9s par un jury ind\u00e9pendant compos\u00e9 d&rsquo;expert\u00b7es, d&rsquo;universitaires et de repr\u00e9sentant\u00b7es de la soci\u00e9t\u00e9 civile. Les laur\u00e9at\u00b7es seront annonc\u00e9s en f\u00e9vrier 2023.&nbsp;<\/p>\n\n<p><strong>Un plan de politique a\u00e9rienne toujours pas conforme&nbsp;<\/strong><\/p>\n\n<p>L&rsquo;action en justice de Greenpeace contre le gouvernement flamand pour des politiques d\u00e9fectueuses en mati\u00e8re de pollution atmosph\u00e9rique se poursuit par ailleurs. Le 11 mars 2022, le gouvernement flamand a approuv\u00e9 un <a href=\"https:\/\/www.vmm.be\/lucht\/evolutie-luchtkwaliteit\/beleidsplannen\/luchtbeleidsplan-2030\/vr20221103-addendum_tw.pdf\">avenant<\/a> \u00e0 son plan de politique a\u00e9rienne 2030, qui, selon lui, rem\u00e9dierait aux d\u00e9fauts du plan originel. Greenpeace conteste cet \u00e9tat de fait. L\u2019addendum n&rsquo;apporte en effet toujours aucune clart\u00e9 sur la mani\u00e8re dont le gouvernement va se conformer aux normes NO2 et ainsi respecter la d\u00e9cision initiale de 2018 (qui porte sur la r\u00e9glementation europ\u00e9enne).&nbsp;<\/p>\n\n<p>En septembre 2022, Greenpeace a de nouveau envoy\u00e9 une mise en demeure au cabinet Demir, pour lui signifier que ses obligations n\u2019\u00e9taient toujours pas remplies. Le gouvernement flamand a fait opposition \u00e0 la poursuite du paiement des astreintes, ce qui a amen\u00e9 l&rsquo;affaire \u00e0 nouveau devant le tribunal de saisie.&nbsp;<\/p>\n\n<p>Actuellement, le gouvernement flamand travaille enfin \u00e0 une mise \u00e0 jour de son plan de politique a\u00e9rienne 2030.&nbsp;<\/p>\n\n<p><em>\u00ab\u00a0Il est particuli\u00e8rement douloureux de constater qu\u2019il faille s\u2019acharner de la sorte pour que notre gouvernement respecte des r\u00e9glementations auxquelles il est pourtant soumis, et qui visent \u00e0 prot\u00e9ger notre sant\u00e9 et notre environnement<\/em>\u201d, poursuit Joeri Thijs. <em>\u00ab\u00a0Notre proc\u00e8s et une mani\u00e8re de maintenir la pression : l\u2019ambition pour garantir un air sain pour toutes et tous doit \u00eatre beaucoup plus \u00e9lev\u00e9e. Cette ambition devra de facto aussi nous conduire \u00e0 r\u00e9duire imm\u00e9diatement nos \u00e9missions de gaz \u00e0 effet de serre.\u00a0\u00bb<\/em>Pour rappel, Greenpeace a \u00e9galement une proc\u00e9dure judiciaire en cours contre la r\u00e9gion wallonne et sa gestion de la pollution de l\u2019air. Greenpeace a introduit <a href=\"https:\/\/www.greenpeace.org\/belgium\/fr\/communique-de-presse\/21673\/pollution-de-lair-greenpeace-va-en-appel-contre-la-region-wallonne\/\">un appel en avril 2021<\/a> et un arr\u00eat est attendu en janvier prochain.<\/p>\n","protected":false},"excerpt":{"rendered":"<p>Le premier appel \u00e0 projets du Fonds pour un Air Sain s\u2019est clotur\u00e9 avec succ\u00e8s. Pas moins de 78 associations ou organisations ont soumis un projet pour travailler<\/p>\n","protected":false},"author":50,"featured_media":18208,"comment_status":"closed","ping_status":"closed","sticky":false,"template":"","format":"standard","meta":{"ep_exclude_from_search":false,"p4_og_title":"","p4_og_description":"","p4_og_image":"","p4_og_image_id":"","p4_seo_canonical_url":"","p4_campaign_name":"not set","p4_local_project":"not set","p4_basket_name":"not set","p4_department":"","footnotes":""},"categories":[1],"tags":[],"p4-page-type":[117],"class_list":["post-29482","post","type-post","status-publish","format-standard","has-post-thumbnail","hentry","category-non-classifiee","p4-page-type-communique-de-presse"],"_links":{"self":[{"href":"https:\/\/www.greenpeace.org\/belgium\/fr\/wp-json\/wp\/v2\/posts\/29482","targetHints":{"allow":["GET"]}}],"collection":[{"href":"https:\/\/www.greenpeace.org\/belgium\/fr\/wp-json\/wp\/v2\/posts"}],"about":[{"href":"https:\/\/www.greenpeace.org\/belgium\/fr\/wp-json\/wp\/v2\/types\/post"}],"author":[{"embeddable":true,"href":"https:\/\/www.greenpeace.org\/belgium\/fr\/wp-json\/wp\/v2\/users\/50"}],"replies":[{"embeddable":true,"href":"https:\/\/www.greenpeace.org\/belgium\/fr\/wp-json\/wp\/v2\/comments?post=29482"}],"version-history":[{"count":1,"href":"https:\/\/www.greenpeace.org\/belgium\/fr\/wp-json\/wp\/v2\/posts\/29482\/revisions"}],"predecessor-version":[{"id":29483,"href":"https:\/\/www.greenpeace.org\/belgium\/fr\/wp-json\/wp\/v2\/posts\/29482\/revisions\/29483"}],"wp:featuredmedia":[{"embeddable":true,"href":"https:\/\/www.greenpeace.org\/belgium\/fr\/wp-json\/wp\/v2\/media\/18208"}],"wp:attachment":[{"href":"https:\/\/www.greenpeace.org\/belgium\/fr\/wp-json\/wp\/v2\/media?parent=29482"}],"wp:term":[{"taxonomy":"category","embeddable":true,"href":"https:\/\/www.greenpeace.org\/belgium\/fr\/wp-json\/wp\/v2\/categories?post=29482"},{"taxonomy":"post_tag","embeddable":true,"href":"https:\/\/www.greenpeace.org\/belgium\/fr\/wp-json\/wp\/v2\/tags?post=29482"},{"taxonomy":"p4-page-type","embeddable":true,"href":"https:\/\/www.greenpeace.org\/belgium\/fr\/wp-json\/wp\/v2\/p4-page-type?post=29482"}],"curies":[{"name":"wp","href":"https:\/\/api.w.org\/{rel}","templated":true}]}}