{"id":29558,"date":"2022-12-19T18:21:25","date_gmt":"2022-12-19T17:21:25","guid":{"rendered":"https:\/\/www.greenpeace.org\/belgium\/?p=29558"},"modified":"2022-12-19T18:21:28","modified_gmt":"2022-12-19T17:21:28","slug":"cop15-un-accord-mondial-a-ete-conclu-pour-mettre-un-terme-a-la-perte-de-la-nature-que-doit-faire-la-belgique","status":"publish","type":"post","link":"https:\/\/www.greenpeace.org\/belgium\/fr\/communique-de-presse\/29558\/cop15-un-accord-mondial-a-ete-conclu-pour-mettre-un-terme-a-la-perte-de-la-nature-que-doit-faire-la-belgique\/","title":{"rendered":"<strong>COP15 : un accord mondial a \u00e9t\u00e9 conclu pour mettre un terme \u00e0 la perte de la nature &#8211; Que doit faire la Belgique ?\u00a0<\/strong>"},"content":{"rendered":"\n<p><strong>Bruxelles, le 19 d\u00e9cembre &#8211; Un nouveau cadre mondial pour faire face \u00e0 la crise de la biodiversit\u00e9 a \u00e9t\u00e9 adopt\u00e9 aujourd&rsquo;hui lors de la COP15 \u00e0 Montr\u00e9al. Cet accord engage le monde \u00e0 stopper et \u00e0 inverser la perte de biodiversit\u00e9 d&rsquo;ici 2030 &#8211; un objectif mondial salu\u00e9 comme l&rsquo;\u00e9quivalent de l&rsquo;objectif de 1,5\u00b0C de l\u2019accord de Paris sur le climat.&nbsp;<\/strong><\/p>\n\n<p>Avec deux ans de retard sur le calendrier pr\u00e9vu, l&rsquo;accord de Kunming-Montr\u00e9al, sign\u00e9 par les 196 pays de la convention des Nations Unies sur la biodiversit\u00e9, est enfin en vigueur. Les organisations de protection de la nature se f\u00e9licitent de l&rsquo;objectif avanc\u00e9 par cet accord : prot\u00e9ger au moins 30 % des terres, des eaux douces et des oc\u00e9ans dans le monde.&nbsp;<\/p>\n\n<p>\u00ab Le fait qu&rsquo;il existe aujourd&rsquo;hui un objectif mondial visant \u00e0 stopper et \u00e0 inverser la perte de la nature d&rsquo;ici \u00e0 2030 est une grande r\u00e9ussite des n\u00e9gociateurs et n\u00e9gociatrices, et une victoire pour l&rsquo;humanit\u00e9 et pour la plan\u00e8te. Cela devrait \u00eatre un signal de d\u00e9part pour les gouvernements, les entreprises et la soci\u00e9t\u00e9 pour commencer des actions cibl\u00e9es afin de lancer la transition vers un avenir avec plus de nature. La procrastination et les excuses ne sont plus acceptables \u00bb, a d\u00e9clar\u00e9 Antoine Lebrun, directeur g\u00e9n\u00e9ral du WWF-Belgique.&nbsp;<\/p>\n\n<p><strong>Les chances de r\u00e9ussite directement li\u00e9es au financement&nbsp;<\/strong><\/p>\n\n<p>Une des questions les plus controvers\u00e9es lors des n\u00e9gociations de la COP15 \u00e9tait li\u00e9e au financement destin\u00e9 \u00e0 soutenir les efforts de conservation dans le monde entier, et en particulier dans les pays en d\u00e9veloppement.&nbsp;<\/p>\n\n<p>\u00ab 20 milliards de dollars par an jusqu&rsquo;en 2025, puis 30 milliards de dollars par an jusqu&rsquo;en 2030, c&rsquo;est un d\u00e9but, mais ce n&rsquo;est pas suffisant. Avec un d\u00e9ficit de financement de 700 milliards de dollars pour la biodiversit\u00e9, on ne sait pas d&rsquo;o\u00f9 viendra le reste de l&rsquo;argent. Le financement n&rsquo;est pas seulement une question de quantit\u00e9, mais aussi de rapidit\u00e9 \u00bb, estime Carine Thibaut de Greenpeace Belgique.&nbsp;<\/p>\n\n<p><strong>La Belgique doit se mettre au travail imm\u00e9diatement&nbsp;&nbsp;<\/strong><\/p>\n\n<p>Il est essentiel que les pays respectent les engagements de l&rsquo;accord de Kunming-Montr\u00e9al en les traduisant en politiques et en plans nationaux. Ils doivent mettre \u00e0 jour leurs strat\u00e9gies en faveur de la biodiversit\u00e9 d&rsquo;ici \u00e0 la COP16 (en 2024) afin de les aligner sur le nouvel objectif mondial. Pour la Belgique, cela signifie qu&rsquo;elle doit imm\u00e9diatement commencer \u00e0 \u00e9laborer une strat\u00e9gie et un plan d&rsquo;action nationaux en mati\u00e8re de biodiversit\u00e9 pour la p\u00e9riode post-2020. Ce plan devrait indiquer clairement comment la Belgique va stopper et inverser la perte de biodiversit\u00e9 chez elle et dans ses r\u00e9gions d&rsquo;approvisionnement d&rsquo;ici 2030.&nbsp;&nbsp;<\/p>\n\n<p>La Coalition belge pour la biodiversit\u00e9, qui regroupe les sept plus grandes organisations travaillant sur la biodiversit\u00e9 dans notre pays, voit trois grandes priorit\u00e9s dans ce plan : la Belgique doit r\u00e9duire l&rsquo;impact de sa consommation et de sa production sur la biodiversit\u00e9 mondiale. Sur son propre sol, elle doit mieux prot\u00e9ger ses zones les plus pr\u00e9cieuses et restaurer radicalement la nature afin que tous les habitant\u00b7es puissent vivre et prosp\u00e9rer dans un environnement sain.&nbsp;<\/p>\n\n<p>\u00ab Ce travail de conservation et de restauration a d\u00e9j\u00e0 \u00e9t\u00e9 entam\u00e9 par le biais de plusieurs strat\u00e9gies et politiques. N\u00e9anmoins, la Coalition biodiversit\u00e9 insiste pour que ce travail soit mis en \u0153uvre afin que les zones de conservation et les zones de restauration forment un r\u00e9seau \u00e9cologique fonctionnel important permettant de favoriser la protection de la biodiversit\u00e9 en Belgique \u00bb, a d\u00e9clar\u00e9 Amaury Fraenkel de Natagora.&nbsp;&nbsp;<\/p>\n\n<p>Lors de la COP15, la Belgique, par l&rsquo;interm\u00e9diaire de la ministre Khattabi, a exprim\u00e9 son engagement \u00e0 d\u00e9truire les barri\u00e8res existantes et \u00e0 int\u00e9grer la biodiversit\u00e9 dans toutes les politiques et tous les secteurs dans la strat\u00e9gie nationale pour la biodiversit\u00e9. Le fait que cela ait \u00e9t\u00e9 explicitement soulign\u00e9 dans la d\u00e9claration belge est positif pour la Coalition.&nbsp;&nbsp;<\/p>\n\n<p>\u00ab La biodiversit\u00e9 doit \u00e9galement \u00eatre int\u00e9gr\u00e9e dans d&rsquo;autres politiques et secteurs. Elle doit \u00eatre une r\u00e9elle pr\u00e9occupation aux diff\u00e9rents \u00e9chelons de pouvoir de notre pays et devenir une mati\u00e8re transversale, \u00e0 l&rsquo;instar du climat, pour laquelle les impacts potentiels de nos politiques publiques doivent \u00eatre \u00e9valu\u00e9es avant d&rsquo;\u00eatre mises en \u0153uvre. Pour la coalition, la biodiversit\u00e9 doit \u00e9galement \u00eatre int\u00e9gr\u00e9e dans d&rsquo;autres politiques et secteurs. Elle n&rsquo;est pas encore assez int\u00e9gr\u00e9e alors qu&rsquo;elle doit \u00eatre une r\u00e9elle pr\u00e9occupation aux diff\u00e9rents \u00e9chelons de pouvoir de notre pays. Elle doit devenir une mati\u00e8re transversale, \u00e0 l&rsquo;instar du climat, et pour laquelle les impacts potentiels de nos politiques publiques doivent \u00eatre \u00e9valu\u00e9s avant d&rsquo;\u00eatre mises en \u0153uvre. \u00bb a annonc\u00e9 Sylvie Meekers, directrice g\u00e9n\u00e9rale de Canopea.&nbsp;<\/p>\n\n<p>Enfin, pour r\u00e9ussir la mise en \u0153uvre d&rsquo;une strat\u00e9gie nationale belge en mati\u00e8re de biodiversit\u00e9, orient\u00e9e vers l&rsquo;action et compl\u00e8te, des ressources financi\u00e8res et humaines suffisantes sont n\u00e9cessaires. La Coalition demande donc explicitement qu&rsquo;un plan financier ambitieux soit annex\u00e9 \u00e0 la strat\u00e9gie nationale.\u00a0<\/p>\n\n<p><strong>\u00c0 propos de la Coalition belge pour la biodiversit\u00e9&nbsp;&nbsp;<\/strong><\/p>\n\n<p>La Coalition belge pour la biodiversit\u00e9 est un partenariat entre le WWF, BOS+, Greenpeace, Natagora, Natuurpunt, CANOPEA et BBL. La mission de la coalition est d&rsquo;arr\u00eater et d&rsquo;inverser la perte de biodiversit\u00e9 en Belgique et dans ses zones d&rsquo;influence par un plaidoyer commun aupr\u00e8s des d\u00e9cideurs politiques f\u00e9d\u00e9raux et r\u00e9gionaux belges.&nbsp;<\/p>\n","protected":false},"excerpt":{"rendered":"<p>Un nouveau cadre mondial pour faire face \u00e0 la crise de la biodiversit\u00e9 a \u00e9t\u00e9 adopt\u00e9 aujourd&rsquo;hui lors de la COP15 \u00e0 Montr\u00e9al. <\/p>\n","protected":false},"author":80,"featured_media":22049,"comment_status":"closed","ping_status":"closed","sticky":false,"template":"","format":"standard","meta":{"ep_exclude_from_search":false,"p4_og_title":"","p4_og_description":"","p4_og_image":"","p4_og_image_id":"","p4_seo_canonical_url":"","p4_campaign_name":"not set","p4_local_project":"not set","p4_basket_name":"not set","p4_department":"","footnotes":""},"categories":[1],"tags":[80,82],"p4-page-type":[117],"class_list":["post-29558","post","type-post","status-publish","format-standard","has-post-thumbnail","hentry","category-non-classifiee","tag-forets","tag-oceans","p4-page-type-communique-de-presse"],"_links":{"self":[{"href":"https:\/\/www.greenpeace.org\/belgium\/fr\/wp-json\/wp\/v2\/posts\/29558","targetHints":{"allow":["GET"]}}],"collection":[{"href":"https:\/\/www.greenpeace.org\/belgium\/fr\/wp-json\/wp\/v2\/posts"}],"about":[{"href":"https:\/\/www.greenpeace.org\/belgium\/fr\/wp-json\/wp\/v2\/types\/post"}],"author":[{"embeddable":true,"href":"https:\/\/www.greenpeace.org\/belgium\/fr\/wp-json\/wp\/v2\/users\/80"}],"replies":[{"embeddable":true,"href":"https:\/\/www.greenpeace.org\/belgium\/fr\/wp-json\/wp\/v2\/comments?post=29558"}],"version-history":[{"count":1,"href":"https:\/\/www.greenpeace.org\/belgium\/fr\/wp-json\/wp\/v2\/posts\/29558\/revisions"}],"predecessor-version":[{"id":29559,"href":"https:\/\/www.greenpeace.org\/belgium\/fr\/wp-json\/wp\/v2\/posts\/29558\/revisions\/29559"}],"wp:featuredmedia":[{"embeddable":true,"href":"https:\/\/www.greenpeace.org\/belgium\/fr\/wp-json\/wp\/v2\/media\/22049"}],"wp:attachment":[{"href":"https:\/\/www.greenpeace.org\/belgium\/fr\/wp-json\/wp\/v2\/media?parent=29558"}],"wp:term":[{"taxonomy":"category","embeddable":true,"href":"https:\/\/www.greenpeace.org\/belgium\/fr\/wp-json\/wp\/v2\/categories?post=29558"},{"taxonomy":"post_tag","embeddable":true,"href":"https:\/\/www.greenpeace.org\/belgium\/fr\/wp-json\/wp\/v2\/tags?post=29558"},{"taxonomy":"p4-page-type","embeddable":true,"href":"https:\/\/www.greenpeace.org\/belgium\/fr\/wp-json\/wp\/v2\/p4-page-type?post=29558"}],"curies":[{"name":"wp","href":"https:\/\/api.w.org\/{rel}","templated":true}]}}