{"id":29580,"date":"2022-12-20T15:41:23","date_gmt":"2022-12-20T14:41:23","guid":{"rendered":"https:\/\/www.greenpeace.org\/belgium\/?p=29580"},"modified":"2022-12-20T15:41:27","modified_gmt":"2022-12-20T14:41:27","slug":"greenpeace-reagit-a-lannonce-de-3m-de-mettre-progressivement-fin-a-sa-production-mondiale-de-pfas-dici-fin-2025","status":"publish","type":"post","link":"https:\/\/www.greenpeace.org\/belgium\/fr\/communique-de-presse\/29580\/greenpeace-reagit-a-lannonce-de-3m-de-mettre-progressivement-fin-a-sa-production-mondiale-de-pfas-dici-fin-2025\/","title":{"rendered":"Greenpeace r\u00e9agit \u00e0 l&rsquo;annonce de 3M de mettre progressivement fin \u00e0 sa production mondiale de PFAS d&rsquo;ici fin 2025"},"content":{"rendered":"\n<p><em>\u00ab\u00a0C&rsquo;est une excellente nouvelle. C\u2019est en partie le fruit du travail acharn\u00e9 des citoyen\u00b7nes et des organisations environnementales qui ont mis en lumi\u00e8re la pollution par les PFAS dans notre pays\u201d, <\/em>d\u00e9clare Carine Thibaut, porte-parole de Greenpeace Belgique<em>. \u201cLe scandale qui a \u00e9clat\u00e9 a sans aucun doute donn\u00e9 une impulsion suppl\u00e9mentaire \u00e0 3M\u00a0\u00bb<\/em>.<\/p>\n\n<p><em>\u00ab\u00a0Mais cela n&rsquo;exon\u00e8re \u00e9videmment pas 3M de sa responsabilit\u00e9 et de son obligation de r\u00e9parer les dommages que sa production de PFAS a d\u00e9j\u00e0 caus\u00e9s et continue \u00e0 causer, notamment dans notre pays, et qui doivent \u00eatre nettoy\u00e9s. L&rsquo;entreprise ne reconna\u00eet toujours pas officiellement sa responsabilit\u00e9 dans cette affaire, pas m\u00eame dans son annonce de l&rsquo;arr\u00eat de toute production de PFAS. L\u2019entreprise doit \u00e9galement prendre ses responsabilit\u00e9s vis-\u00e0-vis de l\u2019impact de cette d\u00e9cision sur l\u2019avenir de ses travailleuses et travailleurs.\u00a0\u00bb<\/em><\/p>\n","protected":false},"excerpt":{"rendered":"<p>\u00ab\u00a0C&rsquo;est une excellente nouvelle. C\u2019est en partie le fruit du travail acharn\u00e9 des citoyen\u00b7nes et des organisations environnementales qui ont mis en lumi\u00e8re la pollution par les PFAS dans notre&hellip;<\/p>\n","protected":false},"author":80,"featured_media":25972,"comment_status":"closed","ping_status":"closed","sticky":false,"template":"","format":"standard","meta":{"ep_exclude_from_search":false,"p4_og_title":"","p4_og_description":"","p4_og_image":"","p4_og_image_id":"","p4_seo_canonical_url":"","p4_campaign_name":"not set","p4_local_project":"not set","p4_basket_name":"not set","p4_department":"","footnotes":""},"categories":[1],"tags":[77],"p4-page-type":[117],"class_list":["post-29580","post","type-post","status-publish","format-standard","has-post-thumbnail","hentry","category-non-classifiee","tag-substancestoxique","p4-page-type-communique-de-presse"],"_links":{"self":[{"href":"https:\/\/www.greenpeace.org\/belgium\/fr\/wp-json\/wp\/v2\/posts\/29580","targetHints":{"allow":["GET"]}}],"collection":[{"href":"https:\/\/www.greenpeace.org\/belgium\/fr\/wp-json\/wp\/v2\/posts"}],"about":[{"href":"https:\/\/www.greenpeace.org\/belgium\/fr\/wp-json\/wp\/v2\/types\/post"}],"author":[{"embeddable":true,"href":"https:\/\/www.greenpeace.org\/belgium\/fr\/wp-json\/wp\/v2\/users\/80"}],"replies":[{"embeddable":true,"href":"https:\/\/www.greenpeace.org\/belgium\/fr\/wp-json\/wp\/v2\/comments?post=29580"}],"version-history":[{"count":2,"href":"https:\/\/www.greenpeace.org\/belgium\/fr\/wp-json\/wp\/v2\/posts\/29580\/revisions"}],"predecessor-version":[{"id":29582,"href":"https:\/\/www.greenpeace.org\/belgium\/fr\/wp-json\/wp\/v2\/posts\/29580\/revisions\/29582"}],"wp:featuredmedia":[{"embeddable":true,"href":"https:\/\/www.greenpeace.org\/belgium\/fr\/wp-json\/wp\/v2\/media\/25972"}],"wp:attachment":[{"href":"https:\/\/www.greenpeace.org\/belgium\/fr\/wp-json\/wp\/v2\/media?parent=29580"}],"wp:term":[{"taxonomy":"category","embeddable":true,"href":"https:\/\/www.greenpeace.org\/belgium\/fr\/wp-json\/wp\/v2\/categories?post=29580"},{"taxonomy":"post_tag","embeddable":true,"href":"https:\/\/www.greenpeace.org\/belgium\/fr\/wp-json\/wp\/v2\/tags?post=29580"},{"taxonomy":"p4-page-type","embeddable":true,"href":"https:\/\/www.greenpeace.org\/belgium\/fr\/wp-json\/wp\/v2\/p4-page-type?post=29580"}],"curies":[{"name":"wp","href":"https:\/\/api.w.org\/{rel}","templated":true}]}}