{"id":29691,"date":"2023-01-02T11:16:13","date_gmt":"2023-01-02T10:16:13","guid":{"rendered":"https:\/\/www.greenpeace.org\/belgium\/?p=29691"},"modified":"2023-01-09T11:46:11","modified_gmt":"2023-01-09T10:46:11","slug":"pfas-3m-va-mettre-fin-a-sa-production-de-produits-chimiques-eternels","status":"publish","type":"post","link":"https:\/\/www.greenpeace.org\/belgium\/fr\/actualites-blog\/29691\/pfas-3m-va-mettre-fin-a-sa-production-de-produits-chimiques-eternels\/","title":{"rendered":"<strong>PFAS : 3M va mettre fin \u00e0 sa production de \u00ab\u00a0produits chimiques \u00e9ternels\u00a0\u00bb<\/strong>"},"content":{"rendered":"\n<p><strong><strong>Depuis que <\/strong><a rel=\"noreferrer noopener\" href=\"https:\/\/www.greenpeace.org\/belgium\/fr\/blog\/22725\/nouveau-scandale-environnemental-a-zwijndrecht\/\" target=\"_blank\"><strong>le scandale de pollution aux PFAS<\/strong><\/a><strong> a \u00e9clat\u00e9 dans notre pays, Greenpeace, en collaboration avec des collectifs citoyens, demande des comptes \u00e0 la multinationale am\u00e9ricaine 3M. Nous exigeons \u00e9galement une interdiction des produits contenant des PFAS en Europe. Fin d\u00e9cembre 2022, 3M a elle-m\u00eame <\/strong><a rel=\"noreferrer noopener\" href=\"https:\/\/news.3m.com\/3M-announces-exit-from-PFAS-manufacturing\" target=\"_blank\"><strong>annonc\u00e9<\/strong><\/a><strong> qu\u2019elle arr\u00eatera compl\u00e8tement, \u00e0 l\u2019\u00e9chelle mondiale, sa production et son utilisation de PFAS d\u2019ici fin 2025. C\u2019est une excellente nouvelle.<\/strong><\/strong><\/p>\n\n<figure class=\"wp-block-image size-full\"><img loading=\"lazy\" decoding=\"async\" width=\"800\" height=\"533\" src=\"https:\/\/www.greenpeace.org\/static\/planet4-belgium-stateless\/2023\/01\/df766dcd-gp1svhli_web_size.jpg\" alt=\"\" class=\"wp-image-29695\" srcset=\"https:\/\/www.greenpeace.org\/static\/planet4-belgium-stateless\/2023\/01\/df766dcd-gp1svhli_web_size.jpg 800w, https:\/\/www.greenpeace.org\/static\/planet4-belgium-stateless\/2023\/01\/df766dcd-gp1svhli_web_size-300x200.jpg 300w, https:\/\/www.greenpeace.org\/static\/planet4-belgium-stateless\/2023\/01\/df766dcd-gp1svhli_web_size-768x512.jpg 768w, https:\/\/www.greenpeace.org\/static\/planet4-belgium-stateless\/2023\/01\/df766dcd-gp1svhli_web_size-510x340.jpg 510w\" sizes=\"auto, (max-width: 800px) 100vw, 800px\" \/><figcaption class=\"wp-element-caption\">Action at the 3M headquarters, responsible for the PFOS pollution in Zwijndrecht (Antwerp). Greenpeace Belgium activists hang a banner saying &lsquo;Polluter pays&rsquo;.<div class=\"credit icon-left\"> \u00a9 Greenpeace \/ Johanna de Tessi\u00e8res<\/div><\/figcaption><\/figure>\n\n<h2 class=\"wp-block-heading\">Le m\u00e9rite revient aux citoyen\u00b7nes et aux organisations environnementales<\/h2>\n\n<p>L&rsquo;annonce de la multinationale est forc\u00e9ment li\u00e9e \u00e0 la pression publique croissante pour freiner la production des PFAS. Ces produits sont \u00e0 l\u2019origine d\u2019une pollution tr\u00e8s importante partout dans le monde, et <a rel=\"noreferrer noopener\" href=\"https:\/\/www.mddionline.com\/regulations\/3m-hot-water-again-over-pfas-forever-chemicals\" target=\"_blank\">3M est d\u00e9j\u00e0 contraint par la justice de payer d\u2019importants dommages et int\u00e9r\u00eats<\/a> pour cela dans plusieurs pays. <a href=\"https:\/\/www.reuters.com\/business\/environment\/call-phase-out-forever-chemicals-gains-investor-momentum-2022-12-01\/\" target=\"_blank\" rel=\"noreferrer noopener\">Des investisseurs<\/a> ont r\u00e9cemment demand\u00e9 l&rsquo;\u00e9limination progressive des PFAS.\u00a0<\/p>\n\n<p>Dans notre pays, le<a rel=\"noreferrer noopener\" href=\"https:\/\/www.vrt.be\/vrtnws\/nl\/2021\/06\/15\/pfos-activist-thomas-goorden-3m-chanteerde-vlaamse-regering-met\/\" target=\"_blank\"> lanceur d&rsquo;alerte Thomas Goorden<\/a>, le collectif citoyen <a rel=\"noreferrer noopener\" href=\"https:\/\/grondrecht.eu\/\" target=\"_blank\">Grondrech<\/a>t et les organisations environnementales (dont Greenpeace) ont mis en lumi\u00e8re la pollution aux PFAS il y a un an et demi. L\u2019explosion de ce scandale, et son coup de tonnerre m\u00e9diatique, a sans aucun doute \u00e9t\u00e9 d\u00e9terminante dans la d\u00e9cision prise par 3M. La soci\u00e9t\u00e9 fait aussi l&rsquo;objet d&rsquo;une enqu\u00eate criminelle. Nos actions, investigations, notre pression assidue, ensemble, a permis de mettre la question des PFAS en haut de l\u2019agenda des d\u00e9bats publics.\u00a0<\/p>\n\n<h2 class=\"wp-block-heading\">Le pollueur doit payer, encore et toujours<\/h2>\n\n<p><a href=\"https:\/\/www.greenpeace.org\/belgium\/fr\/blog\/23092\/manifeste-au-siege-de-3m\/\" target=\"_blank\" rel=\"noreferrer noopener\">D\u00e8s son action \u00e0 l&rsquo;usine 3M de Zwijndrecht durant l\u2019\u00e9t\u00e9 2021<\/a>, Greenpeace a envoy\u00e9 un message tr\u00e8s clair : les pollueurs doivent payer pour les dommages et les co\u00fbts caus\u00e9s par leur pollution.&nbsp;<\/p>\n\n<p>L\u2019annonce de 3M ne dispense pas l&rsquo;entreprise de sa responsabilit\u00e9 et de son obligation de r\u00e9parer les dommages que sa production de PFAS a d\u00e9j\u00e0 caus\u00e9s et continue de causer, y compris en Belgique. A ce jour, l&rsquo;entreprise ne reconna\u00eet toujours pas officiellement sa responsabilit\u00e9 dans cette affaire. Et cela m\u00eame dans son annonce d\u2019arr\u00eater sa production de PFAS. Cynique.\u00a0<\/p>\n\n<p>L\u2019entreprise doit \u00e9galement prendre ses responsabilit\u00e9s vis-\u00e0-vis de l\u2019impact de sa d\u00e9cision sur l\u2019avenir de ses travailleuses et travailleurs, notamment les 300 qui travaillent \u00e0 son usine de Zwijndrecht.<\/p>\n\n<h2 class=\"wp-block-heading\">Les PFAS c\u2019est quoi?<\/h2>\n\n<p>PFAS est l\u2019acronyme anglais pour <em>per- and polyfluoroalkyl substances<\/em>. Il s\u2019agit de substances per- et polyfluoroalkyl\u00e9es, un groupe important de produits chimiques fortement polluants et toxiques issues de la fluoration. Ce processus consiste \u00e0 ajouter du fluorure \u00e0 de l&rsquo;eau potable ou aux aliments. La substance PFAS la plus probl\u00e9matique dans notre pays jusqu&rsquo;\u00e0 pr\u00e9sent est le PFOS (perfluorooctane sulfonates) : un produit chimique utilis\u00e9 pour rendre des produits (textile par exemple) hydrofuges et anti-salissures. L\u2019usine de 3M en a produit jusqu\u2019en 2002. On en retrouve encore aujourd\u2019hui (20 ans plus tard!), dans l&rsquo;environnement.<\/p>\n\n<p>Les PFAS ne sont pas pr\u00e9sents naturellement dans l&rsquo;environnement. Ils sont utilis\u00e9s parce qu&rsquo;ils repoussent l&rsquo;eau et la graisse, mais surtout parce qu&rsquo;ils sont pratiquement indestructibles. C&rsquo;est pourquoi ils sont \u00e9galement appel\u00e9s \u00ab\u00a0<strong>produits chimiques \u00e9ternels<\/strong>\u00a0\u00bb car ils ne se d\u00e9composent pas par eux-m\u00eames.<\/p>\n\n<h2 class=\"wp-block-heading\">Risques pour la sant\u00e9<\/h2>\n\n<p>Lorsque les PFAS p\u00e9n\u00e8trent dans le corps des humains ou des animaux, il y restent tr\u00e8s longtemps, avec toutes sortes de cons\u00e9quences n\u00e9gatives pour la sant\u00e9. Ils peuvent par perturber l\u2019\u00e9quilibre hormonal, augmenter le taux de cholest\u00e9rol, r\u00e9duire le poids des nouveaux-n\u00e9s, diminuer la fertilit\u00e9, impacter la croissance et le comportement des enfants, etc. L&rsquo;institut international de recherche sur le cancer, le CIRC, consid\u00e8re sp\u00e9cifiquement les PFOS comme un \u00ab\u00a0agent canc\u00e9rig\u00e8ne possible\u00a0\u00bb. Ils affaibliraient le syst\u00e8me immunitaire.<\/p>\n\n<div class=\"wp-block-buttons is-layout-flex wp-block-buttons-is-layout-flex\"><\/div>\n\n<span class=\"shareSocialArea\">\n<a class=\"shareFacebook\" href=\"https:\/\/www.facebook.com\/sharer\/sharer.php?u=https%3A%2F%2Fwww.greenpeace.org%2Fbelgium%2Ffr%2Fblog%2F29691%2Fpfas-3m-va-mettre-fin-a-sa-production-de-produits-chimiques-eternels%2F%3Futm_medium%3Dshare%26utm_content%3Dpostid-29691%26utm_source%3Dfacebook\" target=\"_blank\" rel=\"noopener noreferrer\">Je partage sur Facebook<\/a>\n<a class=\"shareTwitter\" href=\"https:\/\/twitter.com\/intent\/tweet?related=greenpeace_be&amp;text=%3Cstrong%3EPFAS%20%3A%203M%20va%20mettre%20fin%20%C3%A0%20sa%20production%20de%20%22produits%20chimiques%20%C3%A9ternels%22%3C%2Fstrong%3E,%20via%20@greenpeace_be&amp;url=https%3A%2F%2Fwww.greenpeace.org%2Fbelgium%2Ffr%2Fblog%2F29691%2Fpfas-3m-va-mettre-fin-a-sa-production-de-produits-chimiques-eternels%2F%3Futm_medium%3Dshare%26utm_content%3Dpostid-29691%26utm_source%3Dtwitter\" target=\"_blank\" rel=\"noopener noreferrer\">Je partage sur Twitter<\/a>\n<a class=\"shareWhatsapp\" href=\"https:\/\/wa.me\/?text=https%3A%2F%2Fwww.greenpeace.org%2Fbelgium%2Ffr%2Fblog%2F29691%2Fpfas-3m-va-mettre-fin-a-sa-production-de-produits-chimiques-eternels%2F%3Futm_medium%3Dshare%26utm_content%3Dpostid-29691%26utm_source%3Dwhatsapp\" target=\"_blank\" rel=\"noopener noreferrer\">Je partage sur Whatsapp<\/a>\n<\/span>\n","protected":false},"excerpt":{"rendered":"<p>Depuis que le scandale de pollution aux PFAS a \u00e9clat\u00e9 dans notre pays, Greenpeace, en collaboration avec des collectifs citoyens, demande des comptes \u00e0 la multinationale am\u00e9ricaine 3M. Fin d\u00e9cembre 2022, 3M a elle-m\u00eame annonc\u00e9 qu\u2019elle arr\u00eatera compl\u00e8tement, \u00e0 l\u2019\u00e9chelle mondiale, sa production de PFAS d\u2019ici fin 2025. C\u2019est une excellente nouvelle.<\/p>\n","protected":false},"author":44,"featured_media":29695,"comment_status":"closed","ping_status":"closed","sticky":false,"template":"","format":"standard","meta":{"ep_exclude_from_search":false,"p4_og_title":"","p4_og_description":"","p4_og_image":"","p4_og_image_id":"","p4_seo_canonical_url":"","p4_campaign_name":"not set","p4_local_project":"not set","p4_basket_name":"not set","p4_department":"","footnotes":""},"categories":[150],"tags":[77,132],"p4-page-type":[116],"class_list":["post-29691","post","type-post","status-publish","format-standard","has-post-thumbnail","hentry","category-actualites","tag-substancestoxique","tag-investigation","p4-page-type-actualites-blog"],"_links":{"self":[{"href":"https:\/\/www.greenpeace.org\/belgium\/fr\/wp-json\/wp\/v2\/posts\/29691","targetHints":{"allow":["GET"]}}],"collection":[{"href":"https:\/\/www.greenpeace.org\/belgium\/fr\/wp-json\/wp\/v2\/posts"}],"about":[{"href":"https:\/\/www.greenpeace.org\/belgium\/fr\/wp-json\/wp\/v2\/types\/post"}],"author":[{"embeddable":true,"href":"https:\/\/www.greenpeace.org\/belgium\/fr\/wp-json\/wp\/v2\/users\/44"}],"replies":[{"embeddable":true,"href":"https:\/\/www.greenpeace.org\/belgium\/fr\/wp-json\/wp\/v2\/comments?post=29691"}],"version-history":[{"count":7,"href":"https:\/\/www.greenpeace.org\/belgium\/fr\/wp-json\/wp\/v2\/posts\/29691\/revisions"}],"predecessor-version":[{"id":29742,"href":"https:\/\/www.greenpeace.org\/belgium\/fr\/wp-json\/wp\/v2\/posts\/29691\/revisions\/29742"}],"wp:featuredmedia":[{"embeddable":true,"href":"https:\/\/www.greenpeace.org\/belgium\/fr\/wp-json\/wp\/v2\/media\/29695"}],"wp:attachment":[{"href":"https:\/\/www.greenpeace.org\/belgium\/fr\/wp-json\/wp\/v2\/media?parent=29691"}],"wp:term":[{"taxonomy":"category","embeddable":true,"href":"https:\/\/www.greenpeace.org\/belgium\/fr\/wp-json\/wp\/v2\/categories?post=29691"},{"taxonomy":"post_tag","embeddable":true,"href":"https:\/\/www.greenpeace.org\/belgium\/fr\/wp-json\/wp\/v2\/tags?post=29691"},{"taxonomy":"p4-page-type","embeddable":true,"href":"https:\/\/www.greenpeace.org\/belgium\/fr\/wp-json\/wp\/v2\/p4-page-type?post=29691"}],"curies":[{"name":"wp","href":"https:\/\/api.w.org\/{rel}","templated":true}]}}