{"id":29784,"date":"2023-01-18T14:55:39","date_gmt":"2023-01-18T13:55:39","guid":{"rendered":"https:\/\/www.greenpeace.org\/belgium\/?p=29784"},"modified":"2025-07-02T08:22:53","modified_gmt":"2025-07-02T07:22:53","slug":"photos-beau-succes-pour-notre-action-de-plantation-darbres-a-tirlemont","status":"publish","type":"post","link":"https:\/\/www.greenpeace.org\/belgium\/fr\/actualites-blog\/29784\/photos-beau-succes-pour-notre-action-de-plantation-darbres-a-tirlemont\/","title":{"rendered":"PHOTOS : beau succ\u00e8s pour notre action de plantation d&rsquo;arbres \u00e0 Tirlemont"},"content":{"rendered":"\n<p><strong>Pour la deuxi\u00e8me ann\u00e9e cons\u00e9cutive, nous avons retrouss\u00e9 nos manches avec plusieurs centaines de volontaires pour planter pas moins de 3500 arbres dans un champ de Tirlemont. C\u2019est donc avec cette belle plantation que se termine notre action \u201cPlant a tree\u201d gr\u00e2ce \u00e0 laquelle il vous \u00e9tait possible d\u2019offrir \u00ab\u00a0un morceau de for\u00eat\u00a0\u00bb \u00e0 vos ami\u00b7es ou \u00e0 votre famille. On vous laisse (re)vivre cette journ\u00e9e revigorante en images.&nbsp;<\/strong><\/p>\n\n<figure class=\"wp-block-image size-large\"><img loading=\"lazy\" decoding=\"async\" width=\"1024\" height=\"683\" src=\"https:\/\/www.greenpeace.org\/static\/planet4-belgium-stateless\/2023\/01\/b1b7e8af-img_7139-1024x683.jpg\" alt=\"\" class=\"wp-image-29797\" srcset=\"https:\/\/www.greenpeace.org\/static\/planet4-belgium-stateless\/2023\/01\/b1b7e8af-img_7139-1024x683.jpg 1024w, https:\/\/www.greenpeace.org\/static\/planet4-belgium-stateless\/2023\/01\/b1b7e8af-img_7139-300x200.jpg 300w, https:\/\/www.greenpeace.org\/static\/planet4-belgium-stateless\/2023\/01\/b1b7e8af-img_7139-768x512.jpg 768w, https:\/\/www.greenpeace.org\/static\/planet4-belgium-stateless\/2023\/01\/b1b7e8af-img_7139-1536x1024.jpg 1536w, https:\/\/www.greenpeace.org\/static\/planet4-belgium-stateless\/2023\/01\/b1b7e8af-img_7139-2048x1366.jpg 2048w, https:\/\/www.greenpeace.org\/static\/planet4-belgium-stateless\/2023\/01\/b1b7e8af-img_7139-510x340.jpg 510w\" sizes=\"auto, (max-width: 1024px) 100vw, 1024px\" \/><figcaption><div class=\"credit icon-left\"> \u00a9 Greenpeace \/ Jessica Palagro<\/div><\/figcaption><\/figure>\n\n<h2 class=\"wp-block-heading\">\u00ab\u00a0La For\u00eat de Greenpeace\u00a0\u00bb<\/h2>\n\n<p>Un soleil h\u00e9sitant et des coll\u00e8gues enthousiastes de Greenpeace, nos partenaires BOS+ et Bosgroepen ont accueilli les 500 volontaires venus aider \u00e0 planter une nouvelle for\u00eat sur un terrain de la ville de Tirlemont. Toutes les personnes ayant donn\u00e9 ou re\u00e7u un \u00ab\u00a0morceau de for\u00eat\u00a0\u00bb en cadeau lors de l&rsquo;action de fin d&rsquo;ann\u00e9e \u201cLa For\u00eat de Greenpeace\u201d \u00e9taient invit\u00e9es \u00e0 venir planter ces arbres elles-m\u00eames. Parents, grands-parents, (jeunes) enfants&#8230; de nombreuses familles ont saisi cette occasion pour commencer la nouvelle ann\u00e9e de mani\u00e8re originale et durable.\u00a0<\/p>\n<div data-render=\"planet4-blocks\/gallery\" data-attributes=\"{&quot;attributes&quot;:{&quot;multiple_image&quot;:&quot;29811,29803,29809,29805,29807&quot;,&quot;gallery_block_focus_points&quot;:&quot;{\\&quot;29803\\&quot;:\\&quot;50% 50%\\&quot;,\\&quot;29805\\&quot;:\\&quot;50% 50%\\&quot;,\\&quot;29807\\&quot;:\\&quot;53% 43%\\&quot;,\\&quot;29809\\&quot;:\\&quot;50% 50%\\&quot;,\\&quot;29811\\&quot;:\\&quot;50% 50%\\&quot;}&quot;,&quot;image_data&quot;:[{&quot;url&quot;:&quot;https:\\\/\\\/www.greenpeace.org\\\/static\\\/planet4-belgium-stateless\\\/2023\\\/01\\\/bfa6641d-img_7190-scaled.jpg&quot;,&quot;focalPoint&quot;:{&quot;x&quot;:0.5,&quot;y&quot;:0.5},&quot;id&quot;:29811},{&quot;url&quot;:&quot;https:\\\/\\\/www.greenpeace.org\\\/static\\\/planet4-belgium-stateless\\\/2023\\\/01\\\/3e4d1474-img_6923-scaled.jpg&quot;,&quot;focalPoint&quot;:{&quot;x&quot;:0.5,&quot;y&quot;:0.5},&quot;id&quot;:29803},{&quot;url&quot;:&quot;https:\\\/\\\/www.greenpeace.org\\\/static\\\/planet4-belgium-stateless\\\/2023\\\/01\\\/2386e0cb-img_7167-scaled.jpg&quot;,&quot;focalPoint&quot;:{&quot;x&quot;:0.5,&quot;y&quot;:0.5},&quot;id&quot;:29809},{&quot;url&quot;:&quot;https:\\\/\\\/www.greenpeace.org\\\/static\\\/planet4-belgium-stateless\\\/2023\\\/01\\\/3f5419a3-img_7022-scaled.jpg&quot;,&quot;focalPoint&quot;:{&quot;x&quot;:0.5,&quot;y&quot;:0.5},&quot;id&quot;:29805},{&quot;url&quot;:&quot;https:\\\/\\\/www.greenpeace.org\\\/static\\\/planet4-belgium-stateless\\\/2023\\\/01\\\/04df57f4-img_7155-scaled.jpg&quot;,&quot;focalPoint&quot;:{&quot;x&quot;:&quot;0.53&quot;,&quot;y&quot;:&quot;0.43&quot;},&quot;id&quot;:29807}],&quot;gallery_block_style&quot;:0,&quot;gallery_block_title&quot;:&quot;&quot;,&quot;gallery_block_description&quot;:&quot;&quot;,&quot;images&quot;:[{&quot;image_src&quot;:&quot;https:\\\/\\\/www.greenpeace.org\\\/static\\\/planet4-belgium-stateless\\\/2023\\\/01\\\/bfa6641d-img_7190-scaled.jpg&quot;,&quot;image_srcset&quot;:&quot;https:\\\/\\\/www.greenpeace.org\\\/static\\\/planet4-belgium-stateless\\\/2023\\\/01\\\/bfa6641d-img_7190-scaled.jpg 2560w, https:\\\/\\\/www.greenpeace.org\\\/static\\\/planet4-belgium-stateless\\\/2023\\\/01\\\/bfa6641d-img_7190-300x200.jpg 300w, https:\\\/\\\/www.greenpeace.org\\\/static\\\/planet4-belgium-stateless\\\/2023\\\/01\\\/bfa6641d-img_7190-1024x683.jpg 1024w, https:\\\/\\\/www.greenpeace.org\\\/static\\\/planet4-belgium-stateless\\\/2023\\\/01\\\/bfa6641d-img_7190-768x512.jpg 768w, https:\\\/\\\/www.greenpeace.org\\\/static\\\/planet4-belgium-stateless\\\/2023\\\/01\\\/bfa6641d-img_7190-1536x1024.jpg 1536w, https:\\\/\\\/www.greenpeace.org\\\/static\\\/planet4-belgium-stateless\\\/2023\\\/01\\\/bfa6641d-img_7190-2048x1366.jpg 2048w, https:\\\/\\\/www.greenpeace.org\\\/static\\\/planet4-belgium-stateless\\\/2023\\\/01\\\/bfa6641d-img_7190-510x340.jpg 510w&quot;,&quot;image_sizes&quot;:false,&quot;alt_text&quot;:&quot;&quot;,&quot;caption&quot;:&quot;&quot;,&quot;focus_image&quot;:&quot;50% 50%&quot;,&quot;credits&quot;:&quot;\\u00a9 Greenpeace \\\/ Jessica Palagro&quot;},{&quot;image_src&quot;:&quot;https:\\\/\\\/www.greenpeace.org\\\/static\\\/planet4-belgium-stateless\\\/2023\\\/01\\\/3e4d1474-img_6923-scaled.jpg&quot;,&quot;image_srcset&quot;:&quot;https:\\\/\\\/www.greenpeace.org\\\/static\\\/planet4-belgium-stateless\\\/2023\\\/01\\\/3e4d1474-img_6923-scaled.jpg 2560w, https:\\\/\\\/www.greenpeace.org\\\/static\\\/planet4-belgium-stateless\\\/2023\\\/01\\\/3e4d1474-img_6923-300x200.jpg 300w, https:\\\/\\\/www.greenpeace.org\\\/static\\\/planet4-belgium-stateless\\\/2023\\\/01\\\/3e4d1474-img_6923-1024x683.jpg 1024w, https:\\\/\\\/www.greenpeace.org\\\/static\\\/planet4-belgium-stateless\\\/2023\\\/01\\\/3e4d1474-img_6923-768x512.jpg 768w, https:\\\/\\\/www.greenpeace.org\\\/static\\\/planet4-belgium-stateless\\\/2023\\\/01\\\/3e4d1474-img_6923-1536x1024.jpg 1536w, https:\\\/\\\/www.greenpeace.org\\\/static\\\/planet4-belgium-stateless\\\/2023\\\/01\\\/3e4d1474-img_6923-2048x1366.jpg 2048w, https:\\\/\\\/www.greenpeace.org\\\/static\\\/planet4-belgium-stateless\\\/2023\\\/01\\\/3e4d1474-img_6923-510x340.jpg 510w&quot;,&quot;image_sizes&quot;:false,&quot;alt_text&quot;:&quot;&quot;,&quot;caption&quot;:&quot;&quot;,&quot;focus_image&quot;:&quot;50% 50%&quot;,&quot;credits&quot;:&quot;\\u00a9 Greenpeace \\\/ Jessica Palagro&quot;},{&quot;image_src&quot;:&quot;https:\\\/\\\/www.greenpeace.org\\\/static\\\/planet4-belgium-stateless\\\/2023\\\/01\\\/2386e0cb-img_7167-scaled.jpg&quot;,&quot;image_srcset&quot;:&quot;https:\\\/\\\/www.greenpeace.org\\\/static\\\/planet4-belgium-stateless\\\/2023\\\/01\\\/2386e0cb-img_7167-scaled.jpg 2560w, https:\\\/\\\/www.greenpeace.org\\\/static\\\/planet4-belgium-stateless\\\/2023\\\/01\\\/2386e0cb-img_7167-300x200.jpg 300w, https:\\\/\\\/www.greenpeace.org\\\/static\\\/planet4-belgium-stateless\\\/2023\\\/01\\\/2386e0cb-img_7167-1024x683.jpg 1024w, https:\\\/\\\/www.greenpeace.org\\\/static\\\/planet4-belgium-stateless\\\/2023\\\/01\\\/2386e0cb-img_7167-768x512.jpg 768w, https:\\\/\\\/www.greenpeace.org\\\/static\\\/planet4-belgium-stateless\\\/2023\\\/01\\\/2386e0cb-img_7167-1536x1024.jpg 1536w, https:\\\/\\\/www.greenpeace.org\\\/static\\\/planet4-belgium-stateless\\\/2023\\\/01\\\/2386e0cb-img_7167-2048x1366.jpg 2048w, https:\\\/\\\/www.greenpeace.org\\\/static\\\/planet4-belgium-stateless\\\/2023\\\/01\\\/2386e0cb-img_7167-510x340.jpg 510w&quot;,&quot;image_sizes&quot;:false,&quot;alt_text&quot;:&quot;&quot;,&quot;caption&quot;:&quot;&quot;,&quot;focus_image&quot;:&quot;50% 50%&quot;,&quot;credits&quot;:&quot;\\u00a9 Greenpeace \\\/ Jessica Palagro&quot;},{&quot;image_src&quot;:&quot;https:\\\/\\\/www.greenpeace.org\\\/static\\\/planet4-belgium-stateless\\\/2023\\\/01\\\/3f5419a3-img_7022-scaled.jpg&quot;,&quot;image_srcset&quot;:&quot;https:\\\/\\\/www.greenpeace.org\\\/static\\\/planet4-belgium-stateless\\\/2023\\\/01\\\/3f5419a3-img_7022-scaled.jpg 2560w, https:\\\/\\\/www.greenpeace.org\\\/static\\\/planet4-belgium-stateless\\\/2023\\\/01\\\/3f5419a3-img_7022-300x200.jpg 300w, https:\\\/\\\/www.greenpeace.org\\\/static\\\/planet4-belgium-stateless\\\/2023\\\/01\\\/3f5419a3-img_7022-1024x683.jpg 1024w, https:\\\/\\\/www.greenpeace.org\\\/static\\\/planet4-belgium-stateless\\\/2023\\\/01\\\/3f5419a3-img_7022-768x512.jpg 768w, https:\\\/\\\/www.greenpeace.org\\\/static\\\/planet4-belgium-stateless\\\/2023\\\/01\\\/3f5419a3-img_7022-1536x1024.jpg 1536w, https:\\\/\\\/www.greenpeace.org\\\/static\\\/planet4-belgium-stateless\\\/2023\\\/01\\\/3f5419a3-img_7022-2048x1366.jpg 2048w, https:\\\/\\\/www.greenpeace.org\\\/static\\\/planet4-belgium-stateless\\\/2023\\\/01\\\/3f5419a3-img_7022-510x340.jpg 510w&quot;,&quot;image_sizes&quot;:false,&quot;alt_text&quot;:&quot;&quot;,&quot;caption&quot;:&quot;&quot;,&quot;focus_image&quot;:&quot;50% 50%&quot;,&quot;credits&quot;:&quot;\\u00a9 Greenpeace \\\/ Jessica Palagro&quot;},{&quot;image_src&quot;:&quot;https:\\\/\\\/www.greenpeace.org\\\/static\\\/planet4-belgium-stateless\\\/2023\\\/01\\\/04df57f4-img_7155-scaled.jpg&quot;,&quot;image_srcset&quot;:&quot;https:\\\/\\\/www.greenpeace.org\\\/static\\\/planet4-belgium-stateless\\\/2023\\\/01\\\/04df57f4-img_7155-scaled.jpg 1707w, https:\\\/\\\/www.greenpeace.org\\\/static\\\/planet4-belgium-stateless\\\/2023\\\/01\\\/04df57f4-img_7155-200x300.jpg 200w, https:\\\/\\\/www.greenpeace.org\\\/static\\\/planet4-belgium-stateless\\\/2023\\\/01\\\/04df57f4-img_7155-683x1024.jpg 683w, https:\\\/\\\/www.greenpeace.org\\\/static\\\/planet4-belgium-stateless\\\/2023\\\/01\\\/04df57f4-img_7155-768x1152.jpg 768w, https:\\\/\\\/www.greenpeace.org\\\/static\\\/planet4-belgium-stateless\\\/2023\\\/01\\\/04df57f4-img_7155-1024x1536.jpg 1024w, https:\\\/\\\/www.greenpeace.org\\\/static\\\/planet4-belgium-stateless\\\/2023\\\/01\\\/04df57f4-img_7155-1365x2048.jpg 1365w, https:\\\/\\\/www.greenpeace.org\\\/static\\\/planet4-belgium-stateless\\\/2023\\\/01\\\/04df57f4-img_7155-911x1366.jpg 911w, https:\\\/\\\/www.greenpeace.org\\\/static\\\/planet4-belgium-stateless\\\/2023\\\/01\\\/04df57f4-img_7155-227x340.jpg 227w&quot;,&quot;image_sizes&quot;:false,&quot;alt_text&quot;:&quot;&quot;,&quot;caption&quot;:&quot;&quot;,&quot;focus_image&quot;:&quot;53% 43%&quot;,&quot;credits&quot;:&quot;\\u00a9 Greenpeace \\\/ Jessica Palagro&quot;}]}}\"><\/div>\n<p>Ensemble, nous avons plant\u00e9 un total de 3500 arbres sur une superficie d&rsquo;un hectare. Nous avons choisi des arbres indig\u00e8nes de la r\u00e9gion de Tirlemont, tels que l&rsquo;aulne noir, le tilleul sauvage, le myrtillier, le ch\u00eane d&rsquo;Europe, le noisetier, le cerisier d\u2019Europe et l&rsquo;orme lisse.<\/p>\n\n<figure class=\"wp-block-image size-large\"><img loading=\"lazy\" decoding=\"async\" width=\"1024\" height=\"683\" src=\"https:\/\/www.greenpeace.org\/static\/planet4-belgium-stateless\/2023\/01\/7d7f01ad-img_7000-1024x683.jpg\" alt=\"\" class=\"wp-image-29799\" srcset=\"https:\/\/www.greenpeace.org\/static\/planet4-belgium-stateless\/2023\/01\/7d7f01ad-img_7000-1024x683.jpg 1024w, https:\/\/www.greenpeace.org\/static\/planet4-belgium-stateless\/2023\/01\/7d7f01ad-img_7000-300x200.jpg 300w, https:\/\/www.greenpeace.org\/static\/planet4-belgium-stateless\/2023\/01\/7d7f01ad-img_7000-768x512.jpg 768w, https:\/\/www.greenpeace.org\/static\/planet4-belgium-stateless\/2023\/01\/7d7f01ad-img_7000-1536x1024.jpg 1536w, https:\/\/www.greenpeace.org\/static\/planet4-belgium-stateless\/2023\/01\/7d7f01ad-img_7000-2048x1366.jpg 2048w, https:\/\/www.greenpeace.org\/static\/planet4-belgium-stateless\/2023\/01\/7d7f01ad-img_7000-510x340.jpg 510w\" sizes=\"auto, (max-width: 1024px) 100vw, 1024px\" \/><figcaption><div class=\"credit icon-left\"> \u00a9 Greenpeace \/ Jessica Palagro<\/div><\/figcaption><\/figure>\n\n<p>Quelques \u00e9quipes de t\u00e9l\u00e9vision sont \u00e9galement pass\u00e9es. N\u2019h\u00e9sitez pas \u00e0 jeter un oeil aux reportages (en n\u00e9erlandais) de la <a href=\"https:\/\/www.vrt.be\/vrtnws\/nl\/kijk\/2023\/01\/15\/tienen-plant-bomen-aan-arvato_54515478\/\" target=\"_blank\" rel=\"noreferrer noopener\">VRT<\/a> et de <a href=\"https:\/\/www.robtv.be\/nieuws\/in-boutersem-en-tienen-zijn-dit-weekend-in-totaal-5500-extra-bomen-aangeplant-148460\" target=\"_blank\" rel=\"noreferrer noopener\">ROBtv<\/a> pour voir les volontaires et nos coll\u00e8gues de Greenpeace en action.<\/p>\n\n<div class=\"wp-block-buttons is-layout-flex wp-block-buttons-is-layout-flex\">\n<div class=\"wp-block-button\"><a class=\"wp-block-button__link wp-element-button\" href=\"https:\/\/www.greenpeace.org\/belgium\/fr\/agir\/faites-un-don\/\" target=\"_blank\" rel=\"noreferrer noopener\">Je soutiens Greenpeace<\/a><\/div>\n<\/div>\n\n<span class=\"shareSocialArea\">\n<a class=\"shareFacebook\" href=\"https:\/\/www.facebook.com\/sharer\/sharer.php?u=https%3A%2F%2Fwww.greenpeace.org%2Fbelgium%2Ffr%2Fblog%2F29784%2Fphotos-beau-succes-pour-notre-action-de-plantation-darbres-a-tirlemont%2F%3Futm_medium%3Dshare%26utm_content%3Dpostid-29784%26utm_source%3Dfacebook\" target=\"_blank\" rel=\"noopener noreferrer\">Je partage sur Facebook<\/a>\n<a class=\"shareTwitter\" href=\"https:\/\/twitter.com\/intent\/tweet?related=greenpeace_be&amp;text=PHOTOS%20%3A%20beau%20succ%C3%A8s%20pour%20notre%20action%20de%20plantation%20d%27arbres%20%C3%A0%20Tirlemont,%20via%20@greenpeace_be&amp;url=https%3A%2F%2Fwww.greenpeace.org%2Fbelgium%2Ffr%2Fblog%2F29784%2Fphotos-beau-succes-pour-notre-action-de-plantation-darbres-a-tirlemont%2F%3Futm_medium%3Dshare%26utm_content%3Dpostid-29784%26utm_source%3Dtwitter\" target=\"_blank\" rel=\"noopener noreferrer\">Je partage sur Twitter<\/a>\n<a class=\"shareWhatsapp\" href=\"https:\/\/wa.me\/?text=https%3A%2F%2Fwww.greenpeace.org%2Fbelgium%2Ffr%2Fblog%2F29784%2Fphotos-beau-succes-pour-notre-action-de-plantation-darbres-a-tirlemont%2F%3Futm_medium%3Dshare%26utm_content%3Dpostid-29784%26utm_source%3Dwhatsapp\" target=\"_blank\" rel=\"noopener noreferrer\">Je partage sur Whatsapp<\/a>\n<\/span>\n","protected":false},"excerpt":{"rendered":"<p>Nous avons retrouss\u00e9 nos manches avec plusieurs centaines de volontaires dimanche pass\u00e9 pour planter pas moins de 3500 arbres dans un champ de Tirlemont. C\u2019est donc avec cette belle plantation que se termine notre action \u201cPlant a Tree\u201d. On vous laisse (re)vivre cette journ\u00e9e revigorante en images. <\/p>\n","protected":false},"author":50,"featured_media":29797,"comment_status":"closed","ping_status":"closed","sticky":false,"template":"","format":"standard","meta":{"ep_exclude_from_search":false,"p4_og_title":"","p4_og_description":"","p4_og_image":"","p4_og_image_id":"","p4_seo_canonical_url":"","p4_campaign_name":"not set","p4_local_project":"not set","p4_basket_name":"not set","p4_department":"","footnotes":""},"categories":[150],"tags":[80,113],"p4-page-type":[116],"class_list":["post-29784","post","type-post","status-publish","format-standard","has-post-thumbnail","hentry","category-actualites","tag-forets","tag-volontaires","p4-page-type-actualites-blog"],"_links":{"self":[{"href":"https:\/\/www.greenpeace.org\/belgium\/fr\/wp-json\/wp\/v2\/posts\/29784","targetHints":{"allow":["GET"]}}],"collection":[{"href":"https:\/\/www.greenpeace.org\/belgium\/fr\/wp-json\/wp\/v2\/posts"}],"about":[{"href":"https:\/\/www.greenpeace.org\/belgium\/fr\/wp-json\/wp\/v2\/types\/post"}],"author":[{"embeddable":true,"href":"https:\/\/www.greenpeace.org\/belgium\/fr\/wp-json\/wp\/v2\/users\/50"}],"replies":[{"embeddable":true,"href":"https:\/\/www.greenpeace.org\/belgium\/fr\/wp-json\/wp\/v2\/comments?post=29784"}],"version-history":[{"count":15,"href":"https:\/\/www.greenpeace.org\/belgium\/fr\/wp-json\/wp\/v2\/posts\/29784\/revisions"}],"predecessor-version":[{"id":60406,"href":"https:\/\/www.greenpeace.org\/belgium\/fr\/wp-json\/wp\/v2\/posts\/29784\/revisions\/60406"}],"wp:featuredmedia":[{"embeddable":true,"href":"https:\/\/www.greenpeace.org\/belgium\/fr\/wp-json\/wp\/v2\/media\/29797"}],"wp:attachment":[{"href":"https:\/\/www.greenpeace.org\/belgium\/fr\/wp-json\/wp\/v2\/media?parent=29784"}],"wp:term":[{"taxonomy":"category","embeddable":true,"href":"https:\/\/www.greenpeace.org\/belgium\/fr\/wp-json\/wp\/v2\/categories?post=29784"},{"taxonomy":"post_tag","embeddable":true,"href":"https:\/\/www.greenpeace.org\/belgium\/fr\/wp-json\/wp\/v2\/tags?post=29784"},{"taxonomy":"p4-page-type","embeddable":true,"href":"https:\/\/www.greenpeace.org\/belgium\/fr\/wp-json\/wp\/v2\/p4-page-type?post=29784"}],"curies":[{"name":"wp","href":"https:\/\/api.w.org\/{rel}","templated":true}]}}