{"id":29841,"date":"2023-01-24T09:41:38","date_gmt":"2023-01-24T08:41:38","guid":{"rendered":"https:\/\/www.greenpeace.org\/belgium\/?p=29841"},"modified":"2023-01-24T09:41:41","modified_gmt":"2023-01-24T08:41:41","slug":"organisations-environnementales-et-citoyennes-rejoignent-la-procedure-en-justice-contre-3m","status":"publish","type":"post","link":"https:\/\/www.greenpeace.org\/belgium\/fr\/communique-de-presse\/29841\/organisations-environnementales-et-citoyennes-rejoignent-la-procedure-en-justice-contre-3m\/","title":{"rendered":"<strong>Organisations environnementales et citoyennes rejoignent la proc\u00e9dure en justice contre 3M<\/strong>"},"content":{"rendered":"\n<p><strong>La multinationale 3M continue de nier sa responsabilit\u00e9 dans le scandale environnemental de pollution aux PFAS. M\u00eame si l&rsquo;entreprise \u00e0 annonc\u00e9 la fin de sa production de PFAS d&rsquo;ici fin 2025, elle ne reconna\u00eet toujours pas l&rsquo;impact sur la sant\u00e9 de ces \u2018produits chimiques \u00e9ternels\u2019. Elle ne respecte pas non plus ses engagements en mati\u00e8re de nettoyage de sa pollution. Bond Beter Leefmilieu, Greenpeace Belgique et le collectif citoyen Grondrecht se portent partie civile dans la proc\u00e9dure judiciaire contre 3M.&nbsp;<\/strong><\/p>\n\n<p>Dans plusieurs pays, <a href=\"https:\/\/www.bloomberg.com\/news\/articles\/2022-12-13\/3m-faces-dutch-claim-over-forever-chemicals-pollution\">et cela devrait bient\u00f4t \u00eatre le cas aux Pays-Bas<\/a>, l\u2019entreprise 3M a \u00e9t\u00e9 condamn\u00e9e pour crimes environnementaux et doit faire face \u00e0 des milliards de dollars d\u2019amende. Ce n\u2019est toujours pas le cas chez nous, malgr\u00e9 l\u2019explosion de l&rsquo;un des plus grands scandales environnementaux que la Flandre ait jamais connu. 3M a produit des PFOS dans son site de Zwijndrecht de 1972 \u00e0 2002. Des processus de production pour d&rsquo;autres PFAS sont toujours actifs aujourd\u2019hui. Les rejets et les \u00e9missions de l\u2019usine, dans un tr\u00e8s large voisinage et dans l\u2019Escaut, ont aujourd&rsquo;hui des cons\u00e9quences n\u00e9fastes dans toute la Belgique.&nbsp;<\/p>\n\n<p><em>\u00ab\u00a0Les r\u00e9sultats de la premi\u00e8re enqu\u00eate men\u00e9e aupr\u00e8s de 800 personnes de la r\u00e9gion ont montr\u00e9 que 90 % d&rsquo;entre elles pr\u00e9sentent un taux trop \u00e9lev\u00e9 de PFAS dans le sang, ce qui repr\u00e9sente un risque pour leur sant\u00e9. C&rsquo;est alarmant. 3M doit indemniser tous les dommages subis en raison de la contamination aux PFAS\u00a0\u00bb<\/em>, d\u00e9clare Toon Penen de l&rsquo;association Grondrecht, qui repr\u00e9sente des citoyen\u00b7nes \u00e0 Anvers et Zwijndrecht. <em>\u00ab\u00a0Si le juge d&rsquo;instruction accepte notre constitution de partie civile, nous aurons acc\u00e8s au dossier p\u00e9nal et pourront demander des actes d&rsquo;enqu\u00eate suppl\u00e9mentaires. Nous pourrons guider les riverain\u00b7es concern\u00e9\u00b7es qui souhaiteraient \u00e9ventuellement nous rejoindre et se porter partie civile.\u00a0\u00bb<\/em><\/p>\n\n<p><strong>Seul le procureur g\u00e9n\u00e9ral peut rendre justice<\/strong><\/p>\n\n<p><a href=\"https:\/\/www.greenpeace.org\/belgium\/nl\/persbericht\/27817\/3m-deal-veelbelovend-maar-hiermee-is-de-kous-niet-af\/\">L&rsquo;accord d&rsquo;assainissement<\/a>, pris le 6 juillet 2022, ne peut pas constituer le fin mot de cette histoire. Certes, 3M a mis de l&rsquo;argent sur la table pour le nettoyage de la zone imm\u00e9diate et pour payer les enqu\u00eates sanitaires, mais l\u2019entreprise n&rsquo;a pas reconnu avoir d\u00e9vers\u00e9 ill\u00e9galement des PFOS et pollu\u00e9 toute la Flandre. Il para\u00eet \u00e9vident que 3M ne prendra jamais seul ses responsabilit\u00e9s dans le crime environnemental et tous les dommages caus\u00e9s (sant\u00e9, perte de valeur&#8230;). Une d\u00e9cision de justice est donc n\u00e9cessaire pour l\u2019y contraindre.<\/p>\n\n<p><em>\u00ab\u00a0Les entreprises ne devraient pas seulement payer pour nettoyer leur pollution\u00a0\u00bb<\/em>, estime Joeri Thijs, porte-parole de Greenpeace.<em> \u00ab\u00a0Comme dans d&rsquo;autres pays, les pollueurs tels que 3M doivent \u00e9galement \u00eatre condamn\u00e9s et tenus l\u00e9galement responsables de leurs actes. Ils ne peuvent pas s&rsquo;en tirer \u00e0 bon compte. C&rsquo;est pourquoi nous nous portons maintenant \u00e9galement partie civile dans l&rsquo;affaire p\u00e9nale en cours contre la soci\u00e9t\u00e9 et ses administrateur\u00b7ices.\u00a0\u00bb<\/em><\/p>\n\n<p><strong>Un signe clair du m\u00e9pris affich\u00e9 par 3M<\/strong><\/p>\n\n<p>3M avait jusqu&rsquo;au 1er d\u00e9cembre 2022 pour d\u00e9poser une \u00e9tude descriptive des sols pour la zone r\u00e9sidentielle et agricole situ\u00e9e au sud de l&rsquo;E34. Malgr\u00e9 qu\u2019elle sache cela depuis des mois, l&rsquo;entreprise a demand\u00e9 la veille une prolongation du d\u00e9lai. L\u2019\u00e9tude est finalement arriv\u00e9e le 29 d\u00e9cembre, soit quatre semaines plus tard. Un projet d&rsquo;assainissement des sols pour les zones 1B et 2 a \u00e9galement \u00e9t\u00e9 demand\u00e9 \u00e0 3M pour le 31 d\u00e9cembre. Celui-ci a lui aussi \u00e9t\u00e9 retard\u00e9.&nbsp;<\/p>\n\n<p>Un tel retard hypoth\u00e8que les plans d&rsquo;assainissement des sols qui sont d\u00e9sesp\u00e9r\u00e9ment n\u00e9cessaires pour la r\u00e9gion de Zwijndrecht et d&rsquo;Anvers. C&rsquo;est un signe clair du m\u00e9pris affich\u00e9 par la multinationale pour les citoyen\u00b7nes et le gouvernement flamand.&nbsp;<\/p>\n\n<p><em>\u00ab\u00a0Il est inacceptable que 3M, en tant que pollueur majeur dans cette histoire, rechigne \u00e0 honorer ses obligations dans le cadre de l&rsquo;enqu\u00eate sur les sols. Pour \u00e9viter des scandales similaires \u00e0 l&rsquo;avenir, nous devons maintenant, en tant que soci\u00e9t\u00e9, envoyer un signal clair \u00e0 3M<\/em>\u00ab\u00a0, conclut Tycho Van Hauwaert de Bond Beter Leefmilieu.<\/p>\n\n<p>BBL, Greenpeace Belgique et Grondrecht ont d\u00e9pos\u00e9 aujourd&rsquo;hui leur demande de se constituer partie civile aupr\u00e8s du juge d&rsquo;instruction du tribunal de premi\u00e8re instance d&rsquo;Anvers.<\/p>\n","protected":false},"excerpt":{"rendered":"<p>La multinationale 3M continue de nier sa responsabilit\u00e9 dans le scandale environnemental de pollution aux PFAS. <\/p>\n","protected":false},"author":80,"featured_media":29695,"comment_status":"closed","ping_status":"closed","sticky":false,"template":"","format":"standard","meta":{"ep_exclude_from_search":false,"p4_og_title":"","p4_og_description":"","p4_og_image":"","p4_og_image_id":"","p4_seo_canonical_url":"","p4_campaign_name":"not set","p4_local_project":"not set","p4_basket_name":"not set","p4_department":"","footnotes":""},"categories":[1],"tags":[77],"p4-page-type":[117],"class_list":["post-29841","post","type-post","status-publish","format-standard","has-post-thumbnail","hentry","category-non-classifiee","tag-substancestoxique","p4-page-type-communique-de-presse"],"_links":{"self":[{"href":"https:\/\/www.greenpeace.org\/belgium\/fr\/wp-json\/wp\/v2\/posts\/29841","targetHints":{"allow":["GET"]}}],"collection":[{"href":"https:\/\/www.greenpeace.org\/belgium\/fr\/wp-json\/wp\/v2\/posts"}],"about":[{"href":"https:\/\/www.greenpeace.org\/belgium\/fr\/wp-json\/wp\/v2\/types\/post"}],"author":[{"embeddable":true,"href":"https:\/\/www.greenpeace.org\/belgium\/fr\/wp-json\/wp\/v2\/users\/80"}],"replies":[{"embeddable":true,"href":"https:\/\/www.greenpeace.org\/belgium\/fr\/wp-json\/wp\/v2\/comments?post=29841"}],"version-history":[{"count":1,"href":"https:\/\/www.greenpeace.org\/belgium\/fr\/wp-json\/wp\/v2\/posts\/29841\/revisions"}],"predecessor-version":[{"id":29842,"href":"https:\/\/www.greenpeace.org\/belgium\/fr\/wp-json\/wp\/v2\/posts\/29841\/revisions\/29842"}],"wp:featuredmedia":[{"embeddable":true,"href":"https:\/\/www.greenpeace.org\/belgium\/fr\/wp-json\/wp\/v2\/media\/29695"}],"wp:attachment":[{"href":"https:\/\/www.greenpeace.org\/belgium\/fr\/wp-json\/wp\/v2\/media?parent=29841"}],"wp:term":[{"taxonomy":"category","embeddable":true,"href":"https:\/\/www.greenpeace.org\/belgium\/fr\/wp-json\/wp\/v2\/categories?post=29841"},{"taxonomy":"post_tag","embeddable":true,"href":"https:\/\/www.greenpeace.org\/belgium\/fr\/wp-json\/wp\/v2\/tags?post=29841"},{"taxonomy":"p4-page-type","embeddable":true,"href":"https:\/\/www.greenpeace.org\/belgium\/fr\/wp-json\/wp\/v2\/p4-page-type?post=29841"}],"curies":[{"name":"wp","href":"https:\/\/api.w.org\/{rel}","templated":true}]}}