{"id":4085,"date":"2019-03-24T18:57:29","date_gmt":"2019-03-24T17:57:29","guid":{"rendered":"https:\/\/www.greenpeace.org\/belgium\/?p=4085"},"modified":"2021-12-01T14:17:33","modified_gmt":"2021-12-01T13:17:33","slug":"le-mouvement-climatique-occupe-la-rue-de-la-loi-pour-reclamer-une-loi-sur-le-climat-2","status":"publish","type":"post","link":"https:\/\/www.greenpeace.org\/belgium\/fr\/actualites-blog\/4085\/le-mouvement-climatique-occupe-la-rue-de-la-loi-pour-reclamer-une-loi-sur-le-climat-2\/","title":{"rendered":"Le mouvement climatique occupe la rue de la Loi pour r\u00e9clamer une loi sur le climat"},"content":{"rendered":"<p><b>MISE A JOUR 28 mars <\/b><strong>&#8211; Les d\u00e9put\u00e9s du Parlement f\u00e9d\u00e9ral ont refus\u00e9 de modifier l\u2019article 7bis de la Constitution, mettant de c\u00f4t\u00e9 les demandes r\u00e9p\u00e9t\u00e9es des citoyens et de la soci\u00e9t\u00e9 civile. Greenpeace d\u00e9plore que certains \u00e9lus pr\u00e9f\u00e8rent les promesses aux actes mais maintiendra la pression pour que les prochains gouvernements soient des gouvernements climatiques.<\/strong><!--more--><\/p>\n<p><b>MISE A JOUR 26 mars &#8211; <\/b>Une premi\u00e8re \u00e9tape est franchie. Suite \u00e0 la mobilisation exceptionnelle et historique de Occupy For Climate, la Commission<i> R\u00e9vision de la Constitution<\/i> vient d\u2019approuver la r\u00e9vision de l\u2019article 7bis. Cette d\u00e9cision montre la n\u00e9cessit\u00e9 d\u2019avoir un cadre pour \u00e9voluer vers une loi sp\u00e9ciale climat socialement juste.<\/p>\n<p><iframe loading=\"lazy\" src=\"https:\/\/www.youtube.com\/embed\/TYHj0xlJ5pU\" width=\"560\" height=\"315\" frameborder=\"0\" allowfullscreen=\"allowfullscreen\"><\/iframe><\/p>\n<p>Pour l\u2019approbation en s\u00e9ance pl\u00e9ni\u00e8re \u00e0 la Chambre ce jeudi, une majorit\u00e9 des deux tiers est requise. Or, nous n\u2019y sommes pas encore. Nous continuons \u00e0 lancer un appel \u00e0 l\u2019ensemble des partis et des membres du Parlement pour permettre encore la loi climat durant cette l\u00e9gislature-ci. Ne pas approuver la r\u00e9vision de la Constitution serait une \u00e9norme occasion manqu\u00e9e, \u00e9tant donn\u00e9 l\u2019\u00e9norme soutien des citoyens, jeunes et moins jeunes, des syndicats et du monde de l\u2019entreprise.<\/p>\n<p><img loading=\"lazy\" decoding=\"async\" class=\"alignnone wp-image-4086 size-full\" src=\"https:\/\/www.greenpeace.org\/static\/planet4-belgium-stateless\/2019\/03\/d428ad70-occupy_for_climate_blog.jpg\" alt=\"\" width=\"720\" height=\"400\" srcset=\"https:\/\/www.greenpeace.org\/static\/planet4-belgium-stateless\/2019\/03\/d428ad70-occupy_for_climate_blog.jpg 720w, https:\/\/www.greenpeace.org\/static\/planet4-belgium-stateless\/2019\/03\/d428ad70-occupy_for_climate_blog-300x167.jpg 300w, https:\/\/www.greenpeace.org\/static\/planet4-belgium-stateless\/2019\/03\/d428ad70-occupy_for_climate_blog-510x283.jpg 510w\" sizes=\"auto, (max-width: 720px) 100vw, 720px\" \/><\/p>\n<p><strong><b>MISE A JOUR 25 mars &#8211; <\/b><\/strong>l\u2019occupation se poursuit Place du Tr\u00f4ne \u00e0 Bruxelles. Rejoignez-nous !<\/p>\n<p><strong>24 mars &#8211; <\/strong>A partir de ce dimanche soir \u00e0 18h, des ONG, des jeunes activistes du climat, des citoyens (connus) et des mouvements citoyens occupent la rue de la Loi pour exiger une loi climat. Occupy For Climate est une action d&rsquo;une forme et d\u2019une ampleur sans pr\u00e9c\u00e9dent : la Coalition Climat\u00a0 (repr\u00e9sentant 70 organisations), Act For Climate Justice, Youth for Climate et Extinction Rebellion y participent, entre autres. Cette occupation a lieu \u00e0 un moment crucial. Malgr\u00e9 des mois de protestations contre le changement climatique, nos politiciens sont sur le point d&rsquo;enterrer la loi sur le climat.<\/p>\n<p>Occupy For Climate a d\u00e9but\u00e9 ce dimanche 24 mars \u00e0 18h et se poursuivra jusqu&rsquo;\u00e0 mardi lors du vote sur l&rsquo;amendement de l&rsquo;article 7bis de la Constitution, qui est actuellement ouvert pour r\u00e9vision. Un paragraphe doit \u00eatre ajout\u00e9 \u00e0 cet article pour permettre une loi sp\u00e9ciale sur le climat, qui ancre les objectifs et la coop\u00e9ration entre les diff\u00e9rents niveaux de pouvoir. Ces derni\u00e8res semaines, cependant, il est devenu clair que les partis MR, Open Vld, CD&amp;V et N-VA sont oppos\u00e9s \u00e0 cet amendement constitutionnel.<\/p>\n<p><img loading=\"lazy\" decoding=\"async\" class=\"alignnone wp-image-4125 size-full\" src=\"https:\/\/www.greenpeace.org\/static\/planet4-belgium-stateless\/2019\/03\/fb6a6239-occupy_for_climate2_blog.jpg\" alt=\"\" width=\"720\" height=\"400\" srcset=\"https:\/\/www.greenpeace.org\/static\/planet4-belgium-stateless\/2019\/03\/fb6a6239-occupy_for_climate2_blog.jpg 720w, https:\/\/www.greenpeace.org\/static\/planet4-belgium-stateless\/2019\/03\/fb6a6239-occupy_for_climate2_blog-300x167.jpg 300w, https:\/\/www.greenpeace.org\/static\/planet4-belgium-stateless\/2019\/03\/fb6a6239-occupy_for_climate2_blog-510x283.jpg 510w\" sizes=\"auto, (max-width: 720px) 100vw, 720px\" \/><\/p>\n<h3>Certains partis politiques bloquent la loi sur le climat<\/h3>\n<p>Nous occupons la rue de la Loi, parce que certains partis politiques bloquent la loi sur le climat. Ils refusent toujours d&rsquo;\u00e9couter les centaines de milliers de citoyens qui sont dans la rue depuis des mois. Apr\u00e8s des ann\u00e9es de stagnation dans le domaine de la politique climatique en raison d&rsquo;un manque d&rsquo;ambition et de coop\u00e9ration, nous sommes aujourd\u2019hui arriv\u00e9s \u00e0 un moment crucial. Lorsque le Parlement sera dissous d\u00e9but avril, l&rsquo;article 7bis risque de ne plus pouvoir \u00eatre r\u00e9vis\u00e9 avant 2024 au moins. Le climat n\u2019attend pas. Nous avons maintenant besoin d&rsquo;une politique climatique convaincante qui remette la Belgique sur les rails pour tenir les promesses de l&rsquo;accord de Paris sur le climat.<\/p>\n<h3>We\u2019re done asking nicely!<\/h3>\n<p>Occupy For Climate est une manifestation citoyenne pacifique et ouverte \u00e0 tous. Tout le monde est le bienvenu, citoyens jeunes et moins jeunes de tous les horizons qui se soucient du climat. Nous esp\u00e9rons que le plus grand nombre de personnes possible se joindra \u00e0 nous pour accro\u00eetre la pression sur les politiciens en faveur d&rsquo;une loi sur le climat socialement juste. Beaucoup de scientifiques et de personnalit\u00e9s y participent \u00e9galement et soutiendront activement cette action de d\u00e9sob\u00e9issance civile dans les heures et les jours \u00e0 venir. We\u2019re done asking nicely!\u201d.<\/p>\n<p><img loading=\"lazy\" decoding=\"async\" class=\"alignnone wp-image-4212 size-full\" src=\"https:\/\/www.greenpeace.org\/static\/planet4-belgium-stateless\/2019\/03\/3c761fb3-occupy_for_climate4_blog.jpg\" alt=\"\" width=\"720\" height=\"400\" srcset=\"https:\/\/www.greenpeace.org\/static\/planet4-belgium-stateless\/2019\/03\/3c761fb3-occupy_for_climate4_blog.jpg 720w, https:\/\/www.greenpeace.org\/static\/planet4-belgium-stateless\/2019\/03\/3c761fb3-occupy_for_climate4_blog-300x167.jpg 300w, https:\/\/www.greenpeace.org\/static\/planet4-belgium-stateless\/2019\/03\/3c761fb3-occupy_for_climate4_blog-510x283.jpg 510w\" sizes=\"auto, (max-width: 720px) 100vw, 720px\" \/><\/p>\n<p>Occupy For Climate peut \u00eatre suivi via les m\u00e9dias sociaux de <a href=\"https:\/\/www.facebook.com\/greenpeace.belgium\/\">Greenpeace<\/a>, de <a href=\"https:\/\/www.facebook.com\/Youth-For-Climate-2395129133835855\/\">YouthForClimate<\/a>, <a href=\"https:\/\/www.facebook.com\/klimaatcoalitie.coalitionclimat\/\">Coalition Climat<\/a> ou via l&rsquo;\u00e9v\u00e9nement sur la page de <a href=\"https:\/\/www.facebook.com\/ActForClimateJustice\/\">Act For Climate Justice<\/a> et le hashtag #occupyforclimate.<\/p>\n<h3>Envie de nous rejoindre ?<\/h3>\n<p><strong>Tous les d\u00e9tails sur l\u2019<a href=\"https:\/\/www.facebook.com\/events\/644790989311276\/\">\u00e9v\u00e9nement facebook<\/a>.<\/strong><\/p>\n<div class=\"EmptyMessage\">Block content is empty. Check the block&rsquo;s settings or remove it.<\/div>","protected":false},"excerpt":{"rendered":"<p>A partir de ce dimanche soir \u00e0 18h, des ONG, des jeunes activistes du climat, des citoyens (connus) et des mouvements citoyens occupent la rue de la Loi pour exiger&hellip;<\/p>\n","protected":false},"author":49,"featured_media":4088,"comment_status":"closed","ping_status":"closed","sticky":false,"template":"","format":"standard","meta":{"ep_exclude_from_search":false,"p4_og_title":"","p4_og_description":"","p4_og_image":"","p4_og_image_id":"","p4_seo_canonical_url":"","p4_campaign_name":"","p4_local_project":"","p4_basket_name":"","p4_department":"","footnotes":""},"categories":[107],"tags":[86],"p4-page-type":[116],"class_list":["post-4085","post","type-post","status-publish","format-standard","has-post-thumbnail","hentry","category-ensemble-nous-sommes-la-solution","tag-climat","p4-page-type-actualites-blog"],"_links":{"self":[{"href":"https:\/\/www.greenpeace.org\/belgium\/fr\/wp-json\/wp\/v2\/posts\/4085","targetHints":{"allow":["GET"]}}],"collection":[{"href":"https:\/\/www.greenpeace.org\/belgium\/fr\/wp-json\/wp\/v2\/posts"}],"about":[{"href":"https:\/\/www.greenpeace.org\/belgium\/fr\/wp-json\/wp\/v2\/types\/post"}],"author":[{"embeddable":true,"href":"https:\/\/www.greenpeace.org\/belgium\/fr\/wp-json\/wp\/v2\/users\/49"}],"replies":[{"embeddable":true,"href":"https:\/\/www.greenpeace.org\/belgium\/fr\/wp-json\/wp\/v2\/comments?post=4085"}],"version-history":[{"count":13,"href":"https:\/\/www.greenpeace.org\/belgium\/fr\/wp-json\/wp\/v2\/posts\/4085\/revisions"}],"predecessor-version":[{"id":25566,"href":"https:\/\/www.greenpeace.org\/belgium\/fr\/wp-json\/wp\/v2\/posts\/4085\/revisions\/25566"}],"wp:featuredmedia":[{"embeddable":true,"href":"https:\/\/www.greenpeace.org\/belgium\/fr\/wp-json\/wp\/v2\/media\/4088"}],"wp:attachment":[{"href":"https:\/\/www.greenpeace.org\/belgium\/fr\/wp-json\/wp\/v2\/media?parent=4085"}],"wp:term":[{"taxonomy":"category","embeddable":true,"href":"https:\/\/www.greenpeace.org\/belgium\/fr\/wp-json\/wp\/v2\/categories?post=4085"},{"taxonomy":"post_tag","embeddable":true,"href":"https:\/\/www.greenpeace.org\/belgium\/fr\/wp-json\/wp\/v2\/tags?post=4085"},{"taxonomy":"p4-page-type","embeddable":true,"href":"https:\/\/www.greenpeace.org\/belgium\/fr\/wp-json\/wp\/v2\/p4-page-type?post=4085"}],"curies":[{"name":"wp","href":"https:\/\/api.w.org\/{rel}","templated":true}]}}