{"id":4105,"date":"2019-03-25T11:12:38","date_gmt":"2019-03-25T10:12:38","guid":{"rendered":"https:\/\/www.greenpeace.org\/belgium\/?p=4105"},"modified":"2019-11-06T10:22:59","modified_gmt":"2019-11-06T08:22:59","slug":"apres-une-premiere-journee-historique-occupy-for-climate-continue-son-action","status":"publish","type":"post","link":"https:\/\/www.greenpeace.org\/belgium\/fr\/communique-de-presse\/4105\/apres-une-premiere-journee-historique-occupy-for-climate-continue-son-action\/","title":{"rendered":"Apr\u00e8s une premi\u00e8re journ\u00e9e historique, Occupy For Climate continue son action"},"content":{"rendered":"<p><strong>Succ\u00e8s historique pour l\u2019occupation de la rue de la Loi #OccupyForClimate afin d\u2019exiger une loi climat. Plusieurs centaines de personnes, activistes et associations poursuivent leur action. L\u2019occupation continue jusqu\u2019\u00e0 mardi matin, moment du vote en commission parlementaire. Les organisations et les activistes invitent tous ceux qui le peuvent \u00e0 les rejoindre d\u00e8s 7h30 ce lundi pour un petit-d\u00e9jeuner place du Tr\u00f4ne.<\/strong><!--more--><\/p>\n<p>Ce dimanche 24 mars \u00e0 18h, une action historique \u2018Occupy For Climate\u2019 a \u00e9t\u00e9 men\u00e9e avec r\u00e9ussite par pr\u00e8s de 400 citoyens, activistes, personnalit\u00e9s c\u00e9l\u00e8bres et associations (la Coalition Climat, Act For Climate Justice, Youth for Climat et Extinction Rebellion entre autres). \u201c<em>Nous avons bloqu\u00e9 la rue de la Loi depuis 18h dimanche.<\/em> <em>Nous \u00e9tions pr\u00e8s de 400 personnes, pacifiques et dans une ambiance bon enfant, face au parlement f\u00e9d\u00e9ral. Apr\u00e8s intervention de la police et n\u00e9gociation, nous nous sommes d\u00e9plac\u00e9 \u00e0 proximit\u00e9 du Carrefour Art-Loi toujours sur la rue de la Loi et nous avons pass\u00e9s la nuit l\u00e0<\/em>.\u201d D\u00e8s 6h du matin, un accord a \u00e9t\u00e9 trouv\u00e9 avec les forces de l\u2019ordre pour d\u00e9placer l\u2019occupation proche de la r\u00e9sidence du premier Ministre \u00e0 Tr\u00f4ne.<\/p>\n<p>Occupy For Climate souhaite poursuivre cette action historique jusque mardi. \u201c<em>Cette action est l\u2019action de la derni\u00e8re chance. Pour pouvoir faire passer une loi climat ambitieuse, il faut que ce mardi l\u2019article 7bis soit modifi\u00e9. Sinon, lorsque le Parlement sera dissous d\u00e9but avril, l&rsquo;article 7bis risque de ne plus pouvoir \u00eatre r\u00e9vis\u00e9 avant 2024 au moins.\u201d <\/em>Du c\u00f4t\u00e9 des manifestants, l\u2019impatience grandit. \u201c<em>Cela fait des mois que le monde politique voit des milliers de personnes se mobiliser. Les r\u00e9ponses sont largement insuffisantes. Ce mardi, le parlement belge a l\u2019occasion de d\u00e9montrer qu\u2019il a compris que le climat n\u2019attend pas. La lutte contre le r\u00e9chauffement climatique a sa place dans la Constitution.\u201d<\/em><em>\u00a0<\/em><\/p>\n<p>Ce lundi, Occupy For Climate appelle \u00e0 poursuivre la mobilisation. \u201c<em>La mobilisation continue \u00e0 la Place du Tr\u00f4ne, juste \u00e0 c\u00f4t\u00e9 du Parc Royal. Nous appelons ceux et celles qui ont la lutte contre le r\u00e9chauffement climatique \u00e0 coeur \u00e0 nous rejoindre.\u201d <\/em>D\u2019ores et d\u00e9j\u00e0, un programme est en cours d\u2019\u00e9laboration pour faire de cette occupation un moment convivial et massif. \u201c<em>A 7h30, un petit d\u00e9jeuner lancera la journ\u00e9e et sera suivi d\u2019un \u201clunch strike\u201d \u00e0 12h30. Vers 18h un rassemblement le plus large et massif possible sera organis\u00e9 sur le lieu d<\/em><em>e l\u2019occupation. L\u2019objectif est de montrer au monde politique que le moment d\u2019agir ne peut plus \u00eatre report\u00e9.\u201d<\/em><\/p>\n<p>Occupy For Climate peut \u00eatre suivi via les m\u00e9dias sociaux de <a href=\"https:\/\/www.facebook.com\/greenpeace.belgium\/\">Greenpeace<\/a>, <a href=\"https:\/\/www.facebook.com\/Youth-For-Climate-2395129133835855\/\">YouthForClimate<\/a>, <a href=\"https:\/\/www.facebook.com\/klimaatcoalitie.coalitionclimat\/\">Coalition Climat<\/a> ou via l&rsquo;\u00e9v\u00e9nement sur la page de <a href=\"https:\/\/www.facebook.com\/ActForClimateJustice\/\">Act For Climate Justice<\/a> et le hashtag #occupyforclimate.<\/p>\n","protected":false},"excerpt":{"rendered":"<p>Succ\u00e8s historique pour l\u2019occupation de la rue de la Loi #OccupyForClimate afin d\u2019exiger une loi climat. Plusieurs centaines de personnes, activistes et associations poursuivent leur action. L\u2019occupation continue jusqu\u2019\u00e0 mardi&hellip;<\/p>\n","protected":false},"author":105,"featured_media":4106,"comment_status":"closed","ping_status":"closed","sticky":false,"template":"","format":"standard","meta":{"ep_exclude_from_search":false,"p4_og_title":"","p4_og_description":"","p4_og_image":"","p4_og_image_id":"","p4_seo_canonical_url":"","p4_campaign_name":"","p4_local_project":"","p4_basket_name":"","p4_department":"","footnotes":""},"categories":[1],"tags":[86],"p4-page-type":[117],"class_list":["post-4105","post","type-post","status-publish","format-standard","has-post-thumbnail","hentry","category-non-classifiee","tag-climat","p4-page-type-communique-de-presse"],"_links":{"self":[{"href":"https:\/\/www.greenpeace.org\/belgium\/fr\/wp-json\/wp\/v2\/posts\/4105","targetHints":{"allow":["GET"]}}],"collection":[{"href":"https:\/\/www.greenpeace.org\/belgium\/fr\/wp-json\/wp\/v2\/posts"}],"about":[{"href":"https:\/\/www.greenpeace.org\/belgium\/fr\/wp-json\/wp\/v2\/types\/post"}],"author":[{"embeddable":true,"href":"https:\/\/www.greenpeace.org\/belgium\/fr\/wp-json\/wp\/v2\/users\/105"}],"replies":[{"embeddable":true,"href":"https:\/\/www.greenpeace.org\/belgium\/fr\/wp-json\/wp\/v2\/comments?post=4105"}],"version-history":[{"count":2,"href":"https:\/\/www.greenpeace.org\/belgium\/fr\/wp-json\/wp\/v2\/posts\/4105\/revisions"}],"predecessor-version":[{"id":4109,"href":"https:\/\/www.greenpeace.org\/belgium\/fr\/wp-json\/wp\/v2\/posts\/4105\/revisions\/4109"}],"wp:featuredmedia":[{"embeddable":true,"href":"https:\/\/www.greenpeace.org\/belgium\/fr\/wp-json\/wp\/v2\/media\/4106"}],"wp:attachment":[{"href":"https:\/\/www.greenpeace.org\/belgium\/fr\/wp-json\/wp\/v2\/media?parent=4105"}],"wp:term":[{"taxonomy":"category","embeddable":true,"href":"https:\/\/www.greenpeace.org\/belgium\/fr\/wp-json\/wp\/v2\/categories?post=4105"},{"taxonomy":"post_tag","embeddable":true,"href":"https:\/\/www.greenpeace.org\/belgium\/fr\/wp-json\/wp\/v2\/tags?post=4105"},{"taxonomy":"p4-page-type","embeddable":true,"href":"https:\/\/www.greenpeace.org\/belgium\/fr\/wp-json\/wp\/v2\/p4-page-type?post=4105"}],"curies":[{"name":"wp","href":"https:\/\/api.w.org\/{rel}","templated":true}]}}