{"id":4167,"date":"2019-03-26T09:24:32","date_gmt":"2019-03-26T08:24:32","guid":{"rendered":"https:\/\/www.greenpeace.org\/belgium\/?p=4167"},"modified":"2020-01-20T11:56:19","modified_gmt":"2020-01-20T09:56:19","slug":"loi-climat-lambition-a-portee-de-main","status":"publish","type":"post","link":"https:\/\/www.greenpeace.org\/belgium\/fr\/communique-de-presse\/4167\/loi-climat-lambition-a-portee-de-main\/","title":{"rendered":"Loi climat : l\u2019ambition \u00e0 port\u00e9e de main"},"content":{"rendered":"<p><b>Nous sommes face \u00e0 un moment historique. Des centaines de citoyens et citoyennes bloquaient hier la rue de la Loi et ils sont encore plus nombreux aujourd\u2019hui \u00e0 occuper la place du Tr\u00f4ne. Ils r\u00e9clament de r\u00e9viser l\u2019article 7bis de la Constitution pour permettre l\u2019adoption d\u2019une loi sp\u00e9ciale climat avant la fin de cette l\u00e9gislature. Si nous pouvons nous r\u00e9jouir du changement de position du MR, le parti du Premier doit maintenant faire parler son leadership et convaincre son gouvernement de s\u2019aligner et de voter en cons\u00e9quence. Quant au CDH, il doit accentuer ses discussions avec le CD&amp;V.<\/b><!--more--><\/p>\n<p>L\u2019action de d\u00e9sob\u00e9issance civile qui a d\u00e9but\u00e9 dimanche \u00e0 18h est tout \u00e0 fait exceptionnelle et vise \u00e0 d\u00e9noncer le manque de courage de certains partis politiques face \u00e0 l\u2019<strong>urgence climatique<\/strong>. Si le MR a d\u00e9cid\u00e9 de changer son vote de demain en faveur de la r\u00e9vision de l\u2019article 7bis, l\u2019Open VLD, le CD&amp;V et la NV-A ne semblent toujours pas pr\u00eats \u00e0 faire passer la Belgique du bon c\u00f4t\u00e9 de l\u2019Histoire.<\/p>\n<p>Tout comme le CDH doit renforcer ses discussions avec le CD&amp;V, le MR doit, lui, faire preuve de leadership et convaincre les partenaires de son ancienne majorit\u00e9 de voter pour la r\u00e9vision de l\u2019article 7bis de la Constitution et de veiller \u00e0 ce que la loi sp\u00e9ciale climat soit effectivement adopt\u00e9e.<\/p>\n<h3>Tous les citoyens crient d\u2019une m\u00eame voix pour la loi climat<\/h3>\n<p>\u201c<i>Il est plus que temps que les voix des citoyens belges soient entendues par les partis flamands\u201d<\/i>, s\u2019insurge Nicolas Van Nuffel, pr\u00e9sident de la Coalition Climat, \u201c<i>les sondages montrent tr\u00e8s clairement que la majorit\u00e9 des Belges, qu\u2019importe le c\u00f4t\u00e9 de la fronti\u00e8re linguistique, d\u00e9sirent une loi climat. Il n\u2019y a plus aucune raison d\u2019attendre. Le gouvernement flamand est en train de se mettre du mauvais c\u00f4t\u00e9 de l\u2019Histoire. Ils doivent changer et le MR et le CDH peuvent encore influer sur leur d\u00e9cision.\u201d<\/i><\/p>\n<h3>Une \u00e9tape cruciale mais une \u00e9tape seulement<\/h3>\n<p>Attention toutefois : si nous pouvons nous r\u00e9jouir de voir les lignes bouger pour le vote de r\u00e9vision de l\u2019article 7bis, ce n\u2019est que la premi\u00e8re \u00e9tape pour l\u2019adoption de la <strong>loi sp\u00e9ciale climat<\/strong>. Apr\u00e8s l\u2019adoption en commission ce mardi, il y aura un vote en pl\u00e9ni\u00e8re, jeudi, qui n\u00e9cessitera quant \u00e0 lui une majorit\u00e9 des 2\/3. C\u2019est l\u00e0 que le MR doit se montrer coh\u00e9rent et montrer son leadership pour convaincre le reste des partis du gouvernement de faire le choix de l\u2019ambition.<\/p>\n<h3>Nous restons et resterons mobilis\u00e9s<\/h3>\n<p><i>\u201cChanger le cours des choses est \u00e0 port\u00e9e de mains de nos politiques et nous ne pouvons plus accepter d\u2019entendre sans cesse les m\u00eames excuses pour justifier la l\u00e9thargie et l\u2019immobilisme. Il est temps de traiter le <strong>r\u00e9chauffement climatique<\/strong> comme ce qu\u2019il est : une crise. Tous les partis politiques doivent prendre leurs responsabilit\u00e9s\u201d<\/i>, conclut Nicolas Van Nuffel.<\/p>\n<p>Occupy for Climate continuera son occupation jusqu\u2019\u00e0 demain matin et une d\u00e9l\u00e9gation de personnalit\u00e9s influentes de la soci\u00e9t\u00e9 civile belge sera pr\u00e9sente au Parlement durant la Commission.<\/p>\n<p>Camille, porte-parole d\u2019Act for Climate Justice, pr\u00e9cise: \u201c<i>Nous encourageons tout le monde \u00e0 nous rejoindre pour passer la nuit avec nous, et montrer notre d\u00e9termination<\/i>\u201d. Occupy For Climate organise une grande mobilisation ce mardi \u00e0 12h00 place du Tr\u00f4ne, avec les jeunes de Youth for Climate.<\/p>\n<h3>Programme<\/h3>\n<ul>\n<li>Lundi \u00e0 18h place du Tr\u00f4ne : rassemblement et concerts<\/li>\n<li>Nuit de lundi \u00e0 mardi : occupation nocturne de la place<\/li>\n<li>Mardi \u00e0 10h30 Gare de Bruxelles-Nord : manifestation de Youth for Climate jusqu\u2019\u00e0 la Place du Tr\u00f4ne<\/li>\n<li>Mardi 12h place du Tr\u00f4ne : rassemblement<\/li>\n<\/ul>\n<p>Occupy For Climate peut \u00eatre suivi via les m\u00e9dias sociaux de <a href=\"https:\/\/www.facebook.com\/greenpeace.belgium\/\">Greenpeace<\/a>, <a href=\"https:\/\/www.facebook.com\/Youth-For-Climate-2395129133835855\/\">YouthForClimate<\/a>, <a href=\"https:\/\/www.facebook.com\/klimaatcoalitie.coalitionclimat\/\">Coalition Climat<\/a> ou via l&rsquo;\u00e9v\u00e9nement sur la page de <a href=\"https:\/\/www.facebook.com\/ActForClimateJustice\/\">Act For Climate Justice<\/a> et le hashtag #occupyforclimate.<\/p>\n<p><b>Photos : <\/b><a href=\"https:\/\/media.greenpeace.org\/shoot\/27MZIFJWA961L\">https:\/\/media.greenpeace.org\/shoot\/27MZIFJWA961L<\/a><\/p>\n","protected":false},"excerpt":{"rendered":"<p>Nous sommes face \u00e0 un moment historique. Des centaines de citoyens et citoyennes bloquaient hier la rue de la Loi et ils sont encore plus nombreux aujourd\u2019hui \u00e0 occuper la&hellip;<\/p>\n","protected":false},"author":105,"featured_media":4176,"comment_status":"closed","ping_status":"closed","sticky":false,"template":"","format":"standard","meta":{"ep_exclude_from_search":false,"p4_og_title":"Loi climat : l\u2019ambition \u00e0 port\u00e9e de main","p4_og_description":"A quand la r\u00e9vision de l\u2019article 7bis de la Constitution pour permettre l\u2019adoption d\u2019une loi sp\u00e9ciale climat ? ","p4_og_image":"","p4_og_image_id":"","p4_seo_canonical_url":"","p4_campaign_name":"not set","p4_local_project":"","p4_basket_name":"not set","p4_department":"","footnotes":""},"categories":[1],"tags":[86],"p4-page-type":[117],"class_list":["post-4167","post","type-post","status-publish","format-standard","has-post-thumbnail","hentry","category-non-classifiee","tag-climat","p4-page-type-communique-de-presse"],"_links":{"self":[{"href":"https:\/\/www.greenpeace.org\/belgium\/fr\/wp-json\/wp\/v2\/posts\/4167","targetHints":{"allow":["GET"]}}],"collection":[{"href":"https:\/\/www.greenpeace.org\/belgium\/fr\/wp-json\/wp\/v2\/posts"}],"about":[{"href":"https:\/\/www.greenpeace.org\/belgium\/fr\/wp-json\/wp\/v2\/types\/post"}],"author":[{"embeddable":true,"href":"https:\/\/www.greenpeace.org\/belgium\/fr\/wp-json\/wp\/v2\/users\/105"}],"replies":[{"embeddable":true,"href":"https:\/\/www.greenpeace.org\/belgium\/fr\/wp-json\/wp\/v2\/comments?post=4167"}],"version-history":[{"count":3,"href":"https:\/\/www.greenpeace.org\/belgium\/fr\/wp-json\/wp\/v2\/posts\/4167\/revisions"}],"predecessor-version":[{"id":8741,"href":"https:\/\/www.greenpeace.org\/belgium\/fr\/wp-json\/wp\/v2\/posts\/4167\/revisions\/8741"}],"wp:featuredmedia":[{"embeddable":true,"href":"https:\/\/www.greenpeace.org\/belgium\/fr\/wp-json\/wp\/v2\/media\/4176"}],"wp:attachment":[{"href":"https:\/\/www.greenpeace.org\/belgium\/fr\/wp-json\/wp\/v2\/media?parent=4167"}],"wp:term":[{"taxonomy":"category","embeddable":true,"href":"https:\/\/www.greenpeace.org\/belgium\/fr\/wp-json\/wp\/v2\/categories?post=4167"},{"taxonomy":"post_tag","embeddable":true,"href":"https:\/\/www.greenpeace.org\/belgium\/fr\/wp-json\/wp\/v2\/tags?post=4167"},{"taxonomy":"p4-page-type","embeddable":true,"href":"https:\/\/www.greenpeace.org\/belgium\/fr\/wp-json\/wp\/v2\/p4-page-type?post=4167"}],"curies":[{"name":"wp","href":"https:\/\/api.w.org\/{rel}","templated":true}]}}