{"id":4258,"date":"2019-03-29T09:12:36","date_gmt":"2019-03-29T08:12:36","guid":{"rendered":"https:\/\/www.greenpeace.org\/belgium\/?p=4258"},"modified":"2019-11-06T10:22:58","modified_gmt":"2019-11-06T08:22:58","slug":"une-opportunite-manquee-pour-le-climat","status":"publish","type":"post","link":"https:\/\/www.greenpeace.org\/belgium\/fr\/communique-de-presse\/4258\/une-opportunite-manquee-pour-le-climat\/","title":{"rendered":"Une opportunit\u00e9 manqu\u00e9e pour le climat"},"content":{"rendered":"<p><strong>Les d\u00e9put\u00e9s du Parlement f\u00e9d\u00e9ral ont refus\u00e9 de modifier l\u2019article 7bis de la Constitution, mettant de c\u00f4t\u00e9 les demandes r\u00e9p\u00e9t\u00e9es des citoyens et de la soci\u00e9t\u00e9 civile. Greenpeace d\u00e9plore que certains \u00e9lus pr\u00e9f\u00e8rent les promesses aux actes mais maintiendra la pression pour que les prochains gouvernements soient des gouvernements climatiques.<\/strong><!--more--><\/p>\n<p>Suite au vote du Parlement de ne pas soutenir une modification de l\u2019article 7bis de la Constitution, Joeri Thijs, porte-parole de Greenpeace r\u00e9agit :<br \/>\n\u201cC\u2019est une opportunit\u00e9 manqu\u00e9e pour le climat. La crise climatique est d\u00e9j\u00e0 l\u00e0 et frappe de nombreux pays. Pouss\u00e9s par l\u2019incroyable mobilisation citoyenne, nos \u00e9lus avaient aujourd\u2019hui l\u2019occasion de donner une r\u00e9ponse claire aux citoyens. Mais certains ont d\u00e9cid\u00e9 de suivre la ligne de leur parti et pas le mandat que leur ont donn\u00e9 les \u00e9lecteurs.\u201d<\/p>\n<p>Lors du vote, les \u00e9lus du CD&amp;V, de l\u2019Open VLD et de la N-VA ont vot\u00e9 contre cette modification. Ils pr\u00e9f\u00e8rent utiliser d\u2019autres voies pour prendre des mesures concr\u00e8tes. \u201cInscrire la lutte contre le changement climatique dans la Constitution est un geste fort qui aurait permis d\u2019offrir un cadre solide aux futures discussions et \u00e0 une future loi Climat. Certains partis ont d\u00e9cid\u00e9 de n\u2019\u00e9couter ni la rue, ni leurs propres jeunes, ni leur syndicat. Ils pr\u00e9f\u00e8rent les promesses aux actes. Qu\u2019ils soient s\u00fbrs que nous v\u00e9rifierons que leurs promesses sont tenues\u201d, pr\u00e9vient Joeri Thijs.<\/p>\n<p>Depuis le d\u00e9but du mois de d\u00e9cembre et la premi\u00e8re marche massive dans les rues de Bruxelles, aucune mesure politique concr\u00e8te n\u2019a vu le jour. Au contraire, notre pays a refus\u00e9 \u00e0 plusieurs reprises de soutenir des ambitions climatiques europ\u00e9ennes ou internationales plus fortes. Suite au rejet de modification de l\u2019article 7bis, il est fort probable que cette l\u00e9gislature se termine sans avanc\u00e9es significatives en mati\u00e8re de lutte contre le changement climatique.<\/p>\n<p>\u201cGr\u00e2ce \u00e0 la mobilisation citoyenne, les lignes ont boug\u00e9. Nous continuerons \u00e0 maintenir la pression, certainement si l\u2019inaction politique perdure. Les prochains gouvernements doivent \u00eatre et seront des gouvernements climatiques\u201d, note Joeri Thijs, avant de conclure: \u201cIl ne reste que deux l\u00e9gislatures jusqu&rsquo;en 2030, date que les scientifiques consid\u00e8rent comme un tournant. Au cours des dix prochaines ann\u00e9es, la soci\u00e9t\u00e9 jugera donc la g\u00e9n\u00e9ration actuelle de politiciens sur ce qu&rsquo;ils ont d\u00e9cid\u00e9 de faire ou de ne pas faire aujourd\u2019hui.\u201d<\/p>\n","protected":false},"excerpt":{"rendered":"<p>Les d\u00e9put\u00e9s du Parlement f\u00e9d\u00e9ral ont refus\u00e9 de modifier l\u2019article 7bis de la Constitution, mettant de c\u00f4t\u00e9 les demandes r\u00e9p\u00e9t\u00e9es des citoyens et de la soci\u00e9t\u00e9 civile. Greenpeace d\u00e9plore que&hellip;<\/p>\n","protected":false},"author":105,"featured_media":4088,"comment_status":"closed","ping_status":"closed","sticky":false,"template":"","format":"standard","meta":{"ep_exclude_from_search":false,"p4_og_title":"","p4_og_description":"","p4_og_image":"","p4_og_image_id":"","p4_seo_canonical_url":"","p4_campaign_name":"","p4_local_project":"","p4_basket_name":"","p4_department":"","footnotes":""},"categories":[1],"tags":[86],"p4-page-type":[117],"class_list":["post-4258","post","type-post","status-publish","format-standard","has-post-thumbnail","hentry","category-non-classifiee","tag-climat","p4-page-type-communique-de-presse"],"_links":{"self":[{"href":"https:\/\/www.greenpeace.org\/belgium\/fr\/wp-json\/wp\/v2\/posts\/4258","targetHints":{"allow":["GET"]}}],"collection":[{"href":"https:\/\/www.greenpeace.org\/belgium\/fr\/wp-json\/wp\/v2\/posts"}],"about":[{"href":"https:\/\/www.greenpeace.org\/belgium\/fr\/wp-json\/wp\/v2\/types\/post"}],"author":[{"embeddable":true,"href":"https:\/\/www.greenpeace.org\/belgium\/fr\/wp-json\/wp\/v2\/users\/105"}],"replies":[{"embeddable":true,"href":"https:\/\/www.greenpeace.org\/belgium\/fr\/wp-json\/wp\/v2\/comments?post=4258"}],"version-history":[{"count":2,"href":"https:\/\/www.greenpeace.org\/belgium\/fr\/wp-json\/wp\/v2\/posts\/4258\/revisions"}],"predecessor-version":[{"id":4260,"href":"https:\/\/www.greenpeace.org\/belgium\/fr\/wp-json\/wp\/v2\/posts\/4258\/revisions\/4260"}],"wp:featuredmedia":[{"embeddable":true,"href":"https:\/\/www.greenpeace.org\/belgium\/fr\/wp-json\/wp\/v2\/media\/4088"}],"wp:attachment":[{"href":"https:\/\/www.greenpeace.org\/belgium\/fr\/wp-json\/wp\/v2\/media?parent=4258"}],"wp:term":[{"taxonomy":"category","embeddable":true,"href":"https:\/\/www.greenpeace.org\/belgium\/fr\/wp-json\/wp\/v2\/categories?post=4258"},{"taxonomy":"post_tag","embeddable":true,"href":"https:\/\/www.greenpeace.org\/belgium\/fr\/wp-json\/wp\/v2\/tags?post=4258"},{"taxonomy":"p4-page-type","embeddable":true,"href":"https:\/\/www.greenpeace.org\/belgium\/fr\/wp-json\/wp\/v2\/p4-page-type?post=4258"}],"curies":[{"name":"wp","href":"https:\/\/api.w.org\/{rel}","templated":true}]}}