{"id":4655,"date":"2019-04-25T11:42:13","date_gmt":"2019-04-25T09:42:13","guid":{"rendered":"https:\/\/www.greenpeace.org\/belgium\/?p=4655"},"modified":"2020-01-17T11:50:44","modified_gmt":"2020-01-17T09:50:44","slug":"live-on-air-5-mai-youth-students-for-climate-viendront-aussi-faire-la-fete-pour-un-air-sain","status":"publish","type":"post","link":"https:\/\/www.greenpeace.org\/belgium\/fr\/communique-de-presse\/4655\/live-on-air-5-mai-youth-students-for-climate-viendront-aussi-faire-la-fete-pour-un-air-sain\/","title":{"rendered":"LIVE ON AIR &#8211; 5 mai: Youth &#038; Students for Climate viendront aussi faire la f\u00eate pour un air sain"},"content":{"rendered":"<p dir=\"ltr\"><strong>Le dimanche 5 mai, le mouvement citoyen Filter Caf\u00e9 Filtr\u00e9 et Greenpeace organiseront une grande f\u00eate pour un air sain et une mobilit\u00e9 respectueuse du climat. Youth, Students &amp; Grandparents for Climate soutiennent \u00e9galement l&rsquo;\u00e9v\u00e9nement. Le programme de LIVE ON AIR comprend un tour \u00e0 v\u00e9lo sur l&rsquo;A12, un autre entre Ottignies et Bruxelles et une danse du c\u00e9l\u00e8bre chor\u00e9graphe Wim Vandekeybus, de Ultima Vez.<\/strong><!--more--><\/p>\n<p dir=\"ltr\">A l&rsquo;approche des \u00e9lections r\u00e9gionales, f\u00e9d\u00e9rales et europ\u00e9ennes, Filter Caf\u00e9 Filtr\u00e9, Greenpeace et la g\u00e9n\u00e9ration climat veulent attirer l&rsquo;attention sur la qualit\u00e9 de l&rsquo;air et une <strong>mobilit\u00e9<\/strong> respectueuse du climat. \u00ab\u00a0LIVE ON AIR est le point culminant de nos actions hebdomadaires devant les \u00e9coles\u201d, explique Annekatrien Verdickt de Filter Caf\u00e9 Filtr\u00e9. \u201cNous voulons que nos enfants puissent grandir dans un environnement sain, s\u00fbr et sans souci. C&rsquo;est pourquoi nous attendons de nos villes et de nos municipalit\u00e9s qu&rsquo;elles adoptent une politique ax\u00e9e principalement sur les personnes et non sur les voitures. La s\u00e9curit\u00e9, la salubrit\u00e9 de l&rsquo;air et la qualit\u00e9 de vie doivent recevoir la priorit\u00e9.\u00a0\u00bb<\/p>\n<p dir=\"ltr\">Ce virage vers une <strong>mobilit\u00e9 durable<\/strong> est non seulement important pour notre sant\u00e9, mais il est aussi absolument n\u00e9cessaire pour limiter le r\u00e9chauffement climatique \u00e0 1,5\u00b0C. \u00ab\u00a0Les investissements dans les transports publics et les infrastructures pour cyclistes et pi\u00e9tons, l&rsquo;abandon progressif des v\u00e9hicules \u00e0 moteur diesel et essence et l&rsquo;engagement de r\u00e9duire drastiquement la circulation automobile sont autant de mesures n\u00e9cessaires pour une <strong>mobilit\u00e9 respectueuse du climat<\/strong>. Le 5 mai, nous soulignerons l&rsquo;urgence de ce changement\u00a0\u00bb, ajoute Elodie Mertz, experte en Mobilit\u00e9 et Qualit\u00e9 de l\u2019air chez Greenpeace.<\/p>\n<p dir=\"ltr\">\u201cDepuis des mois, nous venons en rue r\u00e9clamer une meilleure politique climatique. La <strong>mobilit\u00e9<\/strong> joue un r\u00f4le pr\u00e9pond\u00e9rant dans la r\u00e9alisation des objectifs en faveur du climat. Nous appelons donc \u00e9galement \u00e0 une action urgente pour promouvoir une mobilit\u00e9 respectueuse et durable\u201d, pointe Ad\u00e9la\u00efde Charlier de Youth for Climate. \u201cSi nous voulons r\u00e9soudre la probl\u00e9matique du climat, nous ne pouvons ignorer la <strong>mobilit\u00e9<\/strong>. C\u2019est pourquoi nous faisons du v\u00e9lo et dansons avec Students for Climate pour un air pur, un milieu de vie s\u00fbr et une <strong>mobilit\u00e9 respectueuse du climat<\/strong>\u201d, explique Mathilde Thoreau de Students for Climate.<\/p>\n<p dir=\"ltr\"><strong>Programme :<\/strong><\/p>\n<p dir=\"ltr\">Tout le monde est invit\u00e9 \u00e0 participer gratuitement \u00e0 LIVE ON AIR. Faire du v\u00e9lo, marcher, danser, faire la f\u00eate ou simplement prendre un verre \u00e0 Bruxelles&#8230; Il y en a pour tous les go\u00fbts.<\/p>\n<p dir=\"ltr\"><strong>V\u00c9LO<\/strong><\/p>\n<p dir=\"ltr\">Deux parcours v\u00e9lo partent le matin d&rsquo;Anvers et d&rsquo;Ottignies et se rejoignent sur la place De Brouck\u00e8re \u00e0 Bruxelles. Les cyclistes peuvent emprunter pour une fois des routes qui ne sont normalement r\u00e9serv\u00e9es qu&rsquo;aux voitures. Depuis Anvers, l&rsquo;itin\u00e9raire emprunte l&rsquo;A12 et depuis Ottignies, les cyclistes traverseront la majestueuse Avenue de Tervueren, et entreront en ville par le tunnel de Montgomery sous le parc du Cinquantenaire.<\/p>\n<p dir=\"ltr\">D\u00e9part d\u2019Anvers: 10h30 &#8211; <a href=\"https:\/\/www.google.be\/maps\/place\/Centrum+voor+Basiseducatie+Antwerpen+(Open+School+Antwerpen)+-+secretariaat+Desguinlei\/@51.1946542,4.3997883,17z\/data=!4m12!1m6!3m5!1s0x47c3f6da4d5f2127:0xf5c621f89745f36d!2sdeSingel+Internationale+Kunstcampus!8m2!3d51.193491!4d4.404112!3m4!1s0x47c3f6c4c764c359:0x9ab001452ab922d7!8m2!3d51.195018!4d4.3993411\" target=\"_blank\" rel=\"noopener noreferrer\">Desguinlei 33<\/a><\/p>\n<p dir=\"ltr\">D\u00e9part d\u2019Ottignies: 11h &#8211; <a href=\"https:\/\/www.google.be\/maps\/place\/Parking+de+la+Gare+-+P2+-+Droits+de+l'Homme\/@50.6746533,4.5678622,16z\/data=!4m13!1m7!3m6!1s0x47c17bd127c2c78b:0xe8cddec167c143ab!2sOttignies-Louvain-la-Neuve!3b1!8m2!3d50.6657252!4d4.5868116!3m4!1s0x47c3d607437e64bb:0x5eefc008fe0a4bde!8m2!3d50.6737588!4d4.5732602\" target=\"_blank\" rel=\"noopener noreferrer\">Parking de la gare<\/a><\/p>\n<p dir=\"ltr\">Arriv\u00e9e \u00e0 la place De Brouck\u00e8re: 15h<\/p>\n<p dir=\"ltr\"><strong>A PIED<\/strong><\/p>\n<p dir=\"ltr\">De Ruisbroek via le canal et la rue Dansaert jusqu&rsquo;au centre de Bruxelles. Le parcours convient \u00e0 tous les \u00e2ges et est accessible avec des poussettes.<\/p>\n<p dir=\"ltr\">D\u00e9part: 11h &#8211; <a href=\"https:\/\/www.google.com\/maps\/place\/Ruisbroek\/@50.7911467,4.2951908,18.75z\/data=!4m5!3m4!1s0x47c3c674651a4fe1:0x73299c7e70fe0fd!8m2!3d50.7910479!4d4.2950245\" target=\"_blank\" rel=\"noopener noreferrer\">Gare de Ruisbroek<\/a><\/p>\n<p dir=\"ltr\">Arriv\u00e9e Place De Brouck\u00e8re: 15h<\/p>\n<p dir=\"ltr\"><strong>DANSER ET FAIRE LA F\u00caTE<\/strong><\/p>\n<p dir=\"ltr\">C\u2019est la f\u00eate \u00e0 l\u2019arriv\u00e9e. A 15h30 tout le monde peut participer \u00e0 une chor\u00e9graphie que Wim Vandekekeybus (<a href=\"https:\/\/www.ultimavez.com\/\" target=\"_blank\" rel=\"noopener noreferrer\">Ultima Vez<\/a>) a r\u00e9alis\u00e9e sp\u00e9cialement pour l&rsquo;occasion. La musique est compos\u00e9e par Walter Hus. A l&rsquo;aide <a href=\"https:\/\/www.youtube.com\/watch?v=46I871LYAVw&amp;feature=youtu.be\" target=\"_blank\" rel=\"noopener noreferrer\">de la vid\u00e9o p\u00e9dagogique<\/a> et <a href=\"https:\/\/www.youtube.com\/watch?v=chdAixr9LmA&amp;feature=youtu.be&amp;fbclid=IwAR1Pzm5RsxUfX-R5m_YSjsbmyEYaSKJ423xxV3XvexjFVWDK2fuiZuKgNao\" target=\"_blank\" rel=\"noopener noreferrer\">du film de la danse enti\u00e8re<\/a>, chacun peut apprendre la chor\u00e9graphie \u00e0 l&rsquo;avance. Ne manquez pas de regarder aussi <a href=\"https:\/\/www.facebook.com\/watch\/?v=1550123698456742\" target=\"_blank\" rel=\"noopener noreferrer\">le clip<\/a>. Ensuite, DJ Michael Midnight prendra la rel\u00e8ve pour continuer la f\u00eate.<\/p>\n<p dir=\"ltr\">F\u00eate sur la place De Brouck\u00e8re: \u00e0 partir de 15h<\/p>\n<p dir=\"ltr\"><strong>Donn\u00e9es pratiques<\/strong><\/p>\n<p dir=\"ltr\">Les informations les plus r\u00e9centes sur LIVE ON AIR se trouvent sur <a href=\"https:\/\/www.greenpeace.org\/belgium\/fr\/blog\/4302\/le-5-mai-on-danse-avec-wim-vandekeybus-ultima-vez-et-on-pedale-pour-la-mobilite\/\" target=\"_blank\" rel=\"noopener noreferrer\">ce blog<\/a> et sur l<a href=\"https:\/\/www.facebook.com\/events\/795447870831371\/\" target=\"_blank\" rel=\"noopener noreferrer\">\u2019\u00e9v\u00e9nement Facebook<\/a>.<\/p>\n<p dir=\"ltr\"><strong>Contacts :<\/strong><\/p>\n<ul>\n<li dir=\"ltr\">\n<p dir=\"ltr\">Service de presse de Greenpeace : Sarah Jacobs et Thomas Leroy &#8211; 0496 26 31 91 &#8211; <a href=\"mailto:bpress@greenpeace.org\" target=\"_blank\" rel=\"noopener noreferrer\">bpress@greenpeace.org<\/a><\/p>\n<\/li>\n<li dir=\"ltr\">\n<p dir=\"ltr\">Filter Caf\u00e9 Filtr\u00e9 : Annekatrien Verdickt &#8211; 0477 25 86 38 &#8211; <a href=\"mailto:annekatrien.verdickt@gmail.com\" target=\"_blank\" rel=\"noopener noreferrer\">annekatrien.verdickt@gmail.com<\/a><\/p>\n<\/li>\n<\/ul>\n","protected":false},"excerpt":{"rendered":"<p>Le dimanche 5 mai, le mouvement citoyen Filter Caf\u00e9 Filtr\u00e9 et Greenpeace organiseront une grande f\u00eate pour un air sain et une mobilit\u00e9 respectueuse du climat. Youth, Students &amp; Grandparents&hellip;<\/p>\n","protected":false},"author":105,"featured_media":4636,"comment_status":"closed","ping_status":"closed","sticky":false,"template":"","format":"standard","meta":{"ep_exclude_from_search":false,"p4_og_title":"LIVE ON AIR","p4_og_description":"<p>Venez faire la f\u00eate pour un air sain.<\/p>","p4_og_image":"","p4_og_image_id":"","p4_seo_canonical_url":"","p4_campaign_name":"not set","p4_local_project":"","p4_basket_name":"not set","p4_department":"","footnotes":""},"categories":[1],"tags":[74],"p4-page-type":[117],"class_list":["post-4655","post","type-post","status-publish","format-standard","has-post-thumbnail","hentry","category-non-classifiee","tag-mobilite","p4-page-type-communique-de-presse"],"_links":{"self":[{"href":"https:\/\/www.greenpeace.org\/belgium\/fr\/wp-json\/wp\/v2\/posts\/4655","targetHints":{"allow":["GET"]}}],"collection":[{"href":"https:\/\/www.greenpeace.org\/belgium\/fr\/wp-json\/wp\/v2\/posts"}],"about":[{"href":"https:\/\/www.greenpeace.org\/belgium\/fr\/wp-json\/wp\/v2\/types\/post"}],"author":[{"embeddable":true,"href":"https:\/\/www.greenpeace.org\/belgium\/fr\/wp-json\/wp\/v2\/users\/105"}],"replies":[{"embeddable":true,"href":"https:\/\/www.greenpeace.org\/belgium\/fr\/wp-json\/wp\/v2\/comments?post=4655"}],"version-history":[{"count":5,"href":"https:\/\/www.greenpeace.org\/belgium\/fr\/wp-json\/wp\/v2\/posts\/4655\/revisions"}],"predecessor-version":[{"id":7966,"href":"https:\/\/www.greenpeace.org\/belgium\/fr\/wp-json\/wp\/v2\/posts\/4655\/revisions\/7966"}],"wp:featuredmedia":[{"embeddable":true,"href":"https:\/\/www.greenpeace.org\/belgium\/fr\/wp-json\/wp\/v2\/media\/4636"}],"wp:attachment":[{"href":"https:\/\/www.greenpeace.org\/belgium\/fr\/wp-json\/wp\/v2\/media?parent=4655"}],"wp:term":[{"taxonomy":"category","embeddable":true,"href":"https:\/\/www.greenpeace.org\/belgium\/fr\/wp-json\/wp\/v2\/categories?post=4655"},{"taxonomy":"post_tag","embeddable":true,"href":"https:\/\/www.greenpeace.org\/belgium\/fr\/wp-json\/wp\/v2\/tags?post=4655"},{"taxonomy":"p4-page-type","embeddable":true,"href":"https:\/\/www.greenpeace.org\/belgium\/fr\/wp-json\/wp\/v2\/p4-page-type?post=4655"}],"curies":[{"name":"wp","href":"https:\/\/api.w.org\/{rel}","templated":true}]}}