{"id":5127,"date":"2019-05-13T10:43:41","date_gmt":"2019-05-13T08:43:41","guid":{"rendered":"https:\/\/www.greenpeace.org\/belgium\/?p=5127"},"modified":"2021-12-01T14:16:49","modified_gmt":"2021-12-01T13:16:49","slug":"ensemble-defendons-bec-et-ongles-une-agriculture-respectueuse-du-climat","status":"publish","type":"post","link":"https:\/\/www.greenpeace.org\/belgium\/fr\/actualites-blog\/5127\/ensemble-defendons-bec-et-ongles-une-agriculture-respectueuse-du-climat\/","title":{"rendered":"Ensemble, d\u00e9fendons bec et ongles une agriculture respectueuse du climat !"},"content":{"rendered":"<p><strong>Avez-vous vu, en vous promenant ce matin, des affiches caricaturales de nos pr\u00e9sidents de parti ? Ou un cochon g\u00e9ant se promenant devant le si\u00e8ge du MR, du cdH, du CD&amp;V, de l\u2019Open VLD et de la N-VA ? Si oui, vous l\u2019avez certainement d\u00e9j\u00e0 compris : il est temps qu\u2019ils se prononcent pour une agriculture respectueuse du climat.<\/strong><!--more--><\/p>\n<p><img loading=\"lazy\" decoding=\"async\" class=\"alignnone wp-image-5108 size-full\" src=\"https:\/\/www.greenpeace.org\/static\/planet4-belgium-stateless\/2019\/05\/3813cefd-politicifr_thumbnail.jpg\" alt=\"\" width=\"999\" height=\"663\" srcset=\"https:\/\/www.greenpeace.org\/static\/planet4-belgium-stateless\/2019\/05\/3813cefd-politicifr_thumbnail.jpg 999w, https:\/\/www.greenpeace.org\/static\/planet4-belgium-stateless\/2019\/05\/3813cefd-politicifr_thumbnail-300x199.jpg 300w, https:\/\/www.greenpeace.org\/static\/planet4-belgium-stateless\/2019\/05\/3813cefd-politicifr_thumbnail-768x510.jpg 768w, https:\/\/www.greenpeace.org\/static\/planet4-belgium-stateless\/2019\/05\/3813cefd-politicifr_thumbnail-510x338.jpg 510w\" sizes=\"auto, (max-width: 999px) 100vw, 999px\" \/><\/p>\n<p>Ce n\u2019est pas tout : nous avons aussi rendu une petite visite aux pr\u00e9sidents de parti pour leur remettre les <a href=\"https:\/\/act.greenpeace.org\/page\/36763\/petition\/1?locale=fr-BE&amp;_ga=2.225467354.1753563282.1557725679-119304815.1557386598\">signatures de pr\u00e8s de 20.000 personnes<\/a> qui elles aussi demandent davantage d\u2019argent public pour une agriculture respectueuse du climat, \u00e9loign\u00e9e du principe de fermes-usines o\u00f9 les animaux sont entass\u00e9s les uns sur les autres. Faites entendre votre voix si vous ne l\u2019avez pas encore fait. Chaque signature peut \u00eatre un pas vers l\u2019\u00e9levage \u00e9cologique.<\/p>\n<p><a href=\"https:\/\/act.greenpeace.org\/page\/36763\/petition\/1?locale=fr-BE&amp;_ga=2.151136121.1989357097.1557386598-119304815.1557386598\">Signez notre p\u00e9tition <\/a><\/p>\n<p>Nous avons profit\u00e9 de cette visite aux pr\u00e9sidents pour leur demander de prendre une position ambitieuse sur le sujet. Ils doivent cesser de soutenir l\u2019id\u00e9e que nos \u00e9levages intensifs puissent encore s\u2019agrandir et b\u00e9n\u00e9ficier de subsides publics. La Belgique et l\u2019Europe d\u00e9cident en ce moment de la politique agricole des 10 prochaines ann\u00e9es. Alors, qu\u2019ils cessent de tergiverser et qu\u2019ils empruntent le bon chemin.<\/p>\n<p><img loading=\"lazy\" decoding=\"async\" class=\"alignnone wp-image-5148 size-full\" src=\"https:\/\/www.greenpeace.org\/static\/planet4-belgium-stateless\/2019\/05\/85dc2669-mdfr_thumbnail.jpg\" alt=\"\" width=\"999\" height=\"663\" srcset=\"https:\/\/www.greenpeace.org\/static\/planet4-belgium-stateless\/2019\/05\/85dc2669-mdfr_thumbnail.jpg 999w, https:\/\/www.greenpeace.org\/static\/planet4-belgium-stateless\/2019\/05\/85dc2669-mdfr_thumbnail-300x199.jpg 300w, https:\/\/www.greenpeace.org\/static\/planet4-belgium-stateless\/2019\/05\/85dc2669-mdfr_thumbnail-768x510.jpg 768w, https:\/\/www.greenpeace.org\/static\/planet4-belgium-stateless\/2019\/05\/85dc2669-mdfr_thumbnail-510x338.jpg 510w\" sizes=\"auto, (max-width: 999px) 100vw, 999px\" \/><\/p>\n<p>Charles Michel, d\u00e9fendrez-vous une politique ambitieuse bec et ongles ?<\/p>\n<p>Maxime Pr\u00e9vot, prendrez-vous le taureau par les cornes ?<\/p>\n<h3>Pourquoi ces partis ?<\/h3>\n<p>En f\u00e9vrier, nous avons envoy\u00e9 un questionnaire \u00e0 tous les partis politiques belges pour savoir s\u2019ils soutiennent l\u2019\u00e9levage \u00e9cologique ou l\u2019\u00e9levage intensif et pour conna\u00eetre les mesures qu\u2019ils comptent prendre pour \u00e9voluer vers une agriculture respectueuse du climat. Sur base des r\u00e9ponses et de l\u2019analyse des diff\u00e9rents programmes \u00e9lectoraux, nous leur avons ensuite attribu\u00e9 un score. Les partis concern\u00e9s par cette action sont ceux affichant les moins bons scores. Soit parce que leur position n\u2019est pas claire, soit parce qu\u2019ils continuent \u00e0 soutenir l\u2019\u00e9levage intensif.<\/p>\n<div class=\"EmptyMessage\">Block content is empty. Check the block&rsquo;s settings or remove it.<\/div>","protected":false},"excerpt":{"rendered":"<p>Avez-vous vu, en vous promenant ce matin, des affiches caricaturales de nos pr\u00e9sidents de parti ? Ou un cochon g\u00e9ant se promenant devant le si\u00e8ge du MR, du cdH, du&hellip;<\/p>\n","protected":false},"author":49,"featured_media":5108,"comment_status":"closed","ping_status":"closed","sticky":false,"template":"","format":"standard","meta":{"ep_exclude_from_search":false,"p4_og_title":"","p4_og_description":"","p4_og_image":"","p4_og_image_id":"","p4_seo_canonical_url":"","p4_campaign_name":"","p4_local_project":"","p4_basket_name":"","p4_department":"","footnotes":""},"categories":[107],"tags":[85,86],"p4-page-type":[116],"class_list":["post-5127","post","type-post","status-publish","format-standard","has-post-thumbnail","hentry","category-ensemble-nous-sommes-la-solution","tag-agriculture","tag-climat","p4-page-type-actualites-blog"],"_links":{"self":[{"href":"https:\/\/www.greenpeace.org\/belgium\/fr\/wp-json\/wp\/v2\/posts\/5127","targetHints":{"allow":["GET"]}}],"collection":[{"href":"https:\/\/www.greenpeace.org\/belgium\/fr\/wp-json\/wp\/v2\/posts"}],"about":[{"href":"https:\/\/www.greenpeace.org\/belgium\/fr\/wp-json\/wp\/v2\/types\/post"}],"author":[{"embeddable":true,"href":"https:\/\/www.greenpeace.org\/belgium\/fr\/wp-json\/wp\/v2\/users\/49"}],"replies":[{"embeddable":true,"href":"https:\/\/www.greenpeace.org\/belgium\/fr\/wp-json\/wp\/v2\/comments?post=5127"}],"version-history":[{"count":5,"href":"https:\/\/www.greenpeace.org\/belgium\/fr\/wp-json\/wp\/v2\/posts\/5127\/revisions"}],"predecessor-version":[{"id":25540,"href":"https:\/\/www.greenpeace.org\/belgium\/fr\/wp-json\/wp\/v2\/posts\/5127\/revisions\/25540"}],"wp:featuredmedia":[{"embeddable":true,"href":"https:\/\/www.greenpeace.org\/belgium\/fr\/wp-json\/wp\/v2\/media\/5108"}],"wp:attachment":[{"href":"https:\/\/www.greenpeace.org\/belgium\/fr\/wp-json\/wp\/v2\/media?parent=5127"}],"wp:term":[{"taxonomy":"category","embeddable":true,"href":"https:\/\/www.greenpeace.org\/belgium\/fr\/wp-json\/wp\/v2\/categories?post=5127"},{"taxonomy":"post_tag","embeddable":true,"href":"https:\/\/www.greenpeace.org\/belgium\/fr\/wp-json\/wp\/v2\/tags?post=5127"},{"taxonomy":"p4-page-type","embeddable":true,"href":"https:\/\/www.greenpeace.org\/belgium\/fr\/wp-json\/wp\/v2\/p4-page-type?post=5127"}],"curies":[{"name":"wp","href":"https:\/\/api.w.org\/{rel}","templated":true}]}}