{"id":51603,"date":"2023-03-02T10:34:28","date_gmt":"2023-03-02T09:34:28","guid":{"rendered":"https:\/\/www.greenpeace.org\/belgium\/?p=51603"},"modified":"2023-03-02T10:34:31","modified_gmt":"2023-03-02T09:34:31","slug":"greenpeace-sauvons-la-friche-natagora-et-dautres-associations-et-collectifs-amenent-la-friche-josaphat-au-conseil-des-ministres-bruxellois","status":"publish","type":"post","link":"https:\/\/www.greenpeace.org\/belgium\/fr\/communique-de-presse\/51603\/greenpeace-sauvons-la-friche-natagora-et-dautres-associations-et-collectifs-amenent-la-friche-josaphat-au-conseil-des-ministres-bruxellois\/","title":{"rendered":"<strong>Greenpeace, Sauvons la friche, Natagora et d\u2019autres associations et collectifs am\u00e8nent la friche Josaphat au Conseil des ministres bruxellois<\/strong>"},"content":{"rendered":"\n<p><strong>Ce matin, des activistes ont amen\u00e9 la friche Josaphat l\u00e0 o\u00f9 le Conseil des ministres de Bruxelles aurait normalement d\u00fb se tenir. A l\u2019aide de photos de la faune et de la flore du site, Greenpeace, Sauvons la friche, Natagora et d\u2019autres associations et collectifs ont mis en lumi\u00e8re la tr\u00e8s riche biodiversit\u00e9 du site et exig\u00e9 des ministres la protection de cette zone naturelle. Le conseil des ministres a \u00e9t\u00e9 annul\u00e9 en derni\u00e8re minute en raison des tensions entourant cette question.<\/strong><\/p>\n\n<figure class=\"wp-block-image\"><img decoding=\"async\" src=\"https:\/\/lh3.googleusercontent.com\/s6OJKehE282Jm63AJAfb8Z3KuJ6CKcjr61RpsWZuP45PSzfl_-PeiMQCpw4JSrsuaCuFedT-HFkKTAk3rSGVNqQuFFSW-sm0yxIDaU0xekGEXwoWB56aWyncuH0TMofWEthwNJQdIK6DAI5TOKi-3zo\" alt=\"\" \/><\/figure>\n\n<p>La friche Josaphat est un des sites les plus riches en biodiversit\u00e9 de toute la r\u00e9gion bruxelloise. On y retrouve plus de 1.200 esp\u00e8ces sauvages, dont plus d\u2019une centaine d\u2019oiseaux, autant d\u2019abeilles sauvages et des libellules parfois tr\u00e8s rares. De plus, il s\u2019agit d\u2019un espace ouvert de 25 hectares, tr\u00e8s pr\u00e9cieux pour absorber les pluies abondantes et limiter l\u2019impact des canicules, deux ph\u00e9nom\u00e8nes m\u00e9t\u00e9os qui seront de plus en plus fr\u00e9quents \u00e0 l\u2019avenir. Cet espace serait perdu en cas de construction de 1.200 logements, une \u00e9cole, un hall de sport et toutes les voiries correspondantes.<\/p>\n\n<p>\u201c<em>Toute zone verte \u00e0 Bruxelles est en sursis si on construit sur la friche Josaphat. Si le Gouvernement bruxellois ne trouve pas qu\u2019ici, la nature en vaut la peine, et qu\u2019il faut rechercher d&rsquo;autres localisations pour b\u00e9tonner, alors aucun site n\u2019est \u00e0 pr\u00e9server\u201d <\/em>d\u00e9clare Eric De Plaen, du collectif Sauvons la friche Josaphat. Pour l\u2019instant, seules les associations ont propos\u00e9 des&nbsp; plans alternatifs pour r\u00e9concilier la nature et le logement.<\/p>\n\n<p>Le dossier de la friche Josaphat a r\u00e9cemment suscit\u00e9 de grosses tensions au sein du Gouvernement bruxellois. Alors qu\u2019une partie du gouvernement souhaite attendre la conclusion du PAD et suivre les proc\u00e9dures d\u00e9mocratiques normales, une autre partie veut \u00e0 tout prix d\u00e9signer, par des organismes d&rsquo;int\u00e9r\u00eat public (OIP), un promoteur pour b\u00e2tir sur la partie du site la plus riche en biodiversit\u00e9. \u201c<em>En laissant ces instances prendre une telle d\u00e9cision, on nie \u00e0 la fois la d\u00e9mocratie et la nature. En pleine crise climatique et chute de la biodiversit\u00e9, ce n\u2019est pas acceptable\u201d <\/em>d\u00e9clare Ruth-Marie Henckes, experte biodiversit\u00e9 chez Greenpeace Belgique. <em>\u201cNous convions la nature ici ce matin, nous sommes tr\u00e8s d\u00e9\u00e7u<\/em><em>\u00b7e<\/em><em>s que nos ministres ne le fassent pas\u201d.<\/em><\/p>\n\n<p>Des collectifs locaux se battent, parfois depuis des ann\u00e9es, contre la destruction de la nature \u00e0 Bruxelles, avec le soutien de nombreux habitant\u00b7es. Une p\u00e9tition pour prot\u00e9ger la friche a rassembl\u00e9 plus de 20.000 signatures, l\u2019enqu\u00eate publique sur le projet de PAD Josaphat a suscit\u00e9 2.000 r\u00e9actions n\u00e9gatives, et plus de 1.000 personnes ont march\u00e9 en mai dernier autour de la friche pour la prot\u00e9ger.&nbsp;<\/p>\n\n<p>Il est grand temps que toutes les parties prenantes soient invit\u00e9es autour de la table pour mettre fin \u00e0 l\u2019impasse politique actuelle et pour trouver ensemble une solution au service de tout le vivant. [1]&nbsp;<\/p>\n\n<p><strong>Noot:&nbsp;<\/strong><\/p>\n\n<p>[1] Dans l&rsquo;article \u2018<a href=\"https:\/\/bruxelles.natagora.be\/detail-dune-activite?tx_news_pi1%5Baction%5D=detail&amp;tx_news_pi1%5Bcontroller%5D=News&amp;tx_news_pi1%5Bnews%5D=1227&amp;cHash=22874f2d7d15bae7162579abd91f058b\" target=\"_blank\" rel=\"noreferrer noopener\"><em>Friche Josaphat : simulacre d\u2019une participation citoyenne<\/em><\/a>\u2019, Natagora Bruxelles explique pourquoi il est n\u00e9cessaire de suivre la proc\u00e9dure d\u00e9mocratique du PAD et d&rsquo;organiser une table ronde avec toutes les parties prenantes.<\/p>\n","protected":false},"excerpt":{"rendered":"<p>Ce matin, des activistes ont amen\u00e9 la friche Josaphat l\u00e0 o\u00f9 le Conseil des ministres de Bruxelles aurait normalement d\u00fb se tenir. <\/p>\n","protected":false},"author":80,"featured_media":51607,"comment_status":"closed","ping_status":"closed","sticky":false,"template":"","format":"standard","meta":{"ep_exclude_from_search":false,"p4_og_title":"","p4_og_description":"","p4_og_image":"","p4_og_image_id":"","p4_seo_canonical_url":"","p4_campaign_name":"","p4_local_project":"","p4_basket_name":"","p4_department":"","footnotes":""},"categories":[1],"tags":[],"p4-page-type":[117],"class_list":["post-51603","post","type-post","status-publish","format-standard","has-post-thumbnail","hentry","category-non-classifiee","p4-page-type-communique-de-presse"],"_links":{"self":[{"href":"https:\/\/www.greenpeace.org\/belgium\/fr\/wp-json\/wp\/v2\/posts\/51603","targetHints":{"allow":["GET"]}}],"collection":[{"href":"https:\/\/www.greenpeace.org\/belgium\/fr\/wp-json\/wp\/v2\/posts"}],"about":[{"href":"https:\/\/www.greenpeace.org\/belgium\/fr\/wp-json\/wp\/v2\/types\/post"}],"author":[{"embeddable":true,"href":"https:\/\/www.greenpeace.org\/belgium\/fr\/wp-json\/wp\/v2\/users\/80"}],"replies":[{"embeddable":true,"href":"https:\/\/www.greenpeace.org\/belgium\/fr\/wp-json\/wp\/v2\/comments?post=51603"}],"version-history":[{"count":1,"href":"https:\/\/www.greenpeace.org\/belgium\/fr\/wp-json\/wp\/v2\/posts\/51603\/revisions"}],"predecessor-version":[{"id":51609,"href":"https:\/\/www.greenpeace.org\/belgium\/fr\/wp-json\/wp\/v2\/posts\/51603\/revisions\/51609"}],"wp:featuredmedia":[{"embeddable":true,"href":"https:\/\/www.greenpeace.org\/belgium\/fr\/wp-json\/wp\/v2\/media\/51607"}],"wp:attachment":[{"href":"https:\/\/www.greenpeace.org\/belgium\/fr\/wp-json\/wp\/v2\/media?parent=51603"}],"wp:term":[{"taxonomy":"category","embeddable":true,"href":"https:\/\/www.greenpeace.org\/belgium\/fr\/wp-json\/wp\/v2\/categories?post=51603"},{"taxonomy":"post_tag","embeddable":true,"href":"https:\/\/www.greenpeace.org\/belgium\/fr\/wp-json\/wp\/v2\/tags?post=51603"},{"taxonomy":"p4-page-type","embeddable":true,"href":"https:\/\/www.greenpeace.org\/belgium\/fr\/wp-json\/wp\/v2\/p4-page-type?post=51603"}],"curies":[{"name":"wp","href":"https:\/\/api.w.org\/{rel}","templated":true}]}}