{"id":51756,"date":"2023-03-09T17:52:07","date_gmt":"2023-03-09T16:52:07","guid":{"rendered":"https:\/\/www.greenpeace.org\/belgium\/?p=51756"},"modified":"2023-03-09T17:57:38","modified_gmt":"2023-03-09T16:57:38","slug":"greenpeace-soutient-la-woonzaak","status":"publish","type":"post","link":"https:\/\/www.greenpeace.org\/belgium\/fr\/actualites-blog\/51756\/greenpeace-soutient-la-woonzaak\/","title":{"rendered":"Greenpeace soutient la \u00ab\u00a0Woonzaak\u00a0\u00bb"},"content":{"rendered":"\n<p><strong><strong>L\u2019acc\u00e8s \u00e0 un logement sain, basse consommation et confortable est un droit. Cependant, les listes d\u2019attente pour les logements sociaux sont longues et la <\/strong><a href=\"https:\/\/www.vlaanderen.be\/statistiek-vlaanderen\/bouwen-en-wonen\/woningen-van-ontoereikende-kwaliteit\" target=\"_blank\" rel=\"noreferrer noopener\"><strong>qualit\u00e9 des habitations sur le march\u00e9 locatif laisse \u00e0 d\u00e9sirer<\/strong><\/a><strong>. Pour de nombreuses personnes, le droit au logement n\u2019est que pure th\u00e9orie. Pourtant, nos gouvernements ont diff\u00e9rents leviers d\u2019action entre leurs mains. C\u2019est la raison pour laquelle Greenpeace et de nombreuses autres organisations ont d\u00e9cid\u00e9 de soutenir la <\/strong><a href=\"https:\/\/www.woonzaak.be\/\" target=\"_blank\" rel=\"noreferrer noopener\"><strong>Woonzaak<\/strong><\/a><strong> ou \u00ab L\u2019affaire logement \u00bb en fran\u00e7ais. L\u2019objectif est de mettre le gouvernement flamand face \u00e0 ses responsabilit\u00e9s par l\u2019interm\u00e9diaire du <\/strong><a href=\"https:\/\/www.woonzaak.be\/projectdossier-woonzaak\/\" target=\"_blank\" rel=\"noreferrer noopener\"><strong>Comit\u00e9 europ\u00e9en des Droits sociaux<\/strong><\/a><strong> et d\u2019inciter nos responsables politiques \u00e0 agir.<\/strong><\/strong><\/p>\n\n<figure class=\"wp-block-image size-large\"><img loading=\"lazy\" decoding=\"async\" width=\"1024\" height=\"379\" src=\"https:\/\/www.greenpeace.org\/static\/planet4-belgium-stateless\/2023\/03\/308f5a35-beeld-had2023-1024x379.png\" alt=\"\" class=\"wp-image-51758\" srcset=\"https:\/\/www.greenpeace.org\/static\/planet4-belgium-stateless\/2023\/03\/308f5a35-beeld-had2023-1024x379.png 1024w, https:\/\/www.greenpeace.org\/static\/planet4-belgium-stateless\/2023\/03\/308f5a35-beeld-had2023-300x111.png 300w, https:\/\/www.greenpeace.org\/static\/planet4-belgium-stateless\/2023\/03\/308f5a35-beeld-had2023-768x284.png 768w, https:\/\/www.greenpeace.org\/static\/planet4-belgium-stateless\/2023\/03\/308f5a35-beeld-had2023-510x189.png 510w, https:\/\/www.greenpeace.org\/static\/planet4-belgium-stateless\/2023\/03\/308f5a35-beeld-had2023.png 1200w\" sizes=\"auto, (max-width: 1024px) 100vw, 1024px\" \/><\/figure>\n\n<h2 class=\"wp-block-heading\">R\u00e9novation des logements<\/h2>\n\n<p>Cette action est urgente, car, outre la crise actuelle du logement, la crise climatique pose \u00e9galement des d\u00e9fis majeurs. Si nous voulons limiter la hausse de la temp\u00e9rature mondiale \u00e0 1,5 \u00b0C, il est imp\u00e9ratif que tout le monde puisse se loger dans une maison ou un appartement \u00e0 impact climatique neutre d\u2019ici 2050 au plus tard. Il ne nous reste que quelques d\u00e9cennies pour r\u00e9nover en profondeur tous les logements et op\u00e9rer une transition vers les r\u00e9seaux de chaleur et les pompes \u00e0 chaleur aliment\u00e9s exclusivement par des \u00e9nergies renouvelables. Le d\u00e9fi est colossal, mais il est heureusement aussi porteur d\u2019opportunit\u00e9s.<\/p>\n\n<h2 class=\"wp-block-heading\">Matthew effect<\/h2>\n\n<p>Malheureusement, la politique actuelle en mati\u00e8re de logement et de r\u00e9novation est le terrain de jeu favori du \u201cMatthew effect\u201d. En effet, le <a href=\"https:\/\/www.bruegel.org\/podcast\/deep-focus-balancing-distributional-inequalities-climate-policies\" target=\"_blank\" rel=\"noreferrer noopener\">think tank Bruegel<\/a> a d\u00e9montr\u00e9 que ce sont surtout les citoyen\u00b7nes de la classe moyenne (sup\u00e9rieure) qui b\u00e9n\u00e9ficient d\u2019aides pour l\u2019isolation de leur logement ou l\u2019installation de panneaux photovolta\u00efques et de pompes \u00e0 chaleur. Les familles dont le logement est moderne et bien isol\u00e9 ont nettement moins souffert des al\u00e9as du march\u00e9 de l\u2019\u00e9nergie l\u2019an dernier. En revanche, les personnes vivant dans des logements (lou\u00e9s) mal isol\u00e9s \u00e9taient doublement perdantes. Les m\u00e9nages moins solides financi\u00e8rement vivent encore trop souvent dans des logements qui nuisent \u00e0 leur sant\u00e9, qui consomment beaucoup d\u2019\u00e9nergie, qui ne prot\u00e8gent pas suffisamment de la chaleur en \u00e9t\u00e9 et qui sont situ\u00e9s dans des endroits o\u00f9 la pollution atmosph\u00e9rique et sonore est \u00e9lev\u00e9e. Pourtant, il est essentiel d\u2019avoir un logement sain et de qualit\u00e9 pour faire partie int\u00e9grante de la soci\u00e9t\u00e9.&nbsp;<\/p>\n\n<h2 class=\"wp-block-heading\">R\u00e8gne du chacun pour soi<\/h2>\n\n<p>Malgr\u00e9 les nombreuses opportunit\u00e9s qui s\u2019offrent au gouvernement flamand pour \u00e9tablir une politique de logement \u00e0 la fois sociale et durable, ce dernier ne parvient pas \u00e0 pallier le manque cruel de logements sociaux, ni \u00e0 proposer mieux que des ambitions climatiques m\u00e9diocres et des aides individuelles destin\u00e9es \u00e0 la classe moyenne. C\u2019est le r\u00e8gne du chacun pour soi, et celles et ceux qui ne parviennent pas \u00e0 suivre le mouvement, restent sur le carreau.<\/p>\n\n<h2 class=\"wp-block-heading\">Nos demandes<\/h2>\n\n<p>En 2019 d\u00e9j\u00e0, Greenpeace et d\u2019autres organisations de la soci\u00e9t\u00e9 civile ont publi\u00e9 diff\u00e9rentes recommandations dans le cadre de la campagne <a href=\"https:\/\/www.greenpeace.org\/belgium\/fr\/rapports\/7135\/united-for-climate-les-opportunites-dune-transition-climatique-equitable\/\" target=\"_blank\" rel=\"noreferrer noopener\">United for climate<\/a>. Nous demandions entre autres:&nbsp;<\/p>\n\n<ul class=\"has-grey-100-background-color has-background has-medium-font-size wp-block-list\">\n<li>une meilleure r\u00e9gulation du march\u00e9 locatif priv\u00e9<\/li>\n\n\n\n<li>une augmentation drastique du nombre de logements sociaux \u00e0 impact climatique neutre<\/li>\n\n\n\n<li>&nbsp;un pr\u00e9financement et un accompagnement pour les propri\u00e9taires ne disposant pas de ressources financi\u00e8res suffisantes<\/li>\n\n\n\n<li>un acc\u00e8s \u00e0 une \u00e9nergie renouvelable bon march\u00e9 pour chaque m\u00e9nage gr\u00e2ce au partage de l\u2019\u00e9nergie et aux r\u00e9seaux de chaleur.&nbsp;<\/li>\n<\/ul>\n\n<p>Nous appelons \u00e9galement \u00e0 abandonner la politique actuelle du \u00ab chacun pour soi \u00bb. Des Plans \u201cchaleur\u201d au niveau local, des projets de r\u00e9novation de quartiers entiers et des achats group\u00e9s devraient permettre d\u2019acc\u00e9l\u00e9rer la vague de r\u00e9novation en impliquant tout le monde. Les investissements dans des logements de qualit\u00e9 seront doublement rentabilis\u00e9s. Tant gr\u00e2ce \u00e0 la r\u00e9duction des co\u00fbts des soins de sant\u00e9 et \u00e0 une plus grande implication de tou\u00b7tes au sein de la soci\u00e9t\u00e9, que gr\u00e2ce aux effets positifs sur le plan climatique et environnemental.<\/p>\n\n<p>La transition \u00e9nerg\u00e9tique sera sociale et \u00e9quitable, ou ne sera pas. Greenpeace soutient la Woonzaak dans sa lutte pour une politique de logement \u00e9quitable, juste et sociale, en faveur d\u2019une soci\u00e9t\u00e9 climatiquement neutre.&nbsp;<\/p>\n\n<p>Rejoignez-nous dans la rue le 26 mars et faites entendre votre voix \u00e0 l\u2019occasion du <a href=\"https:\/\/www.housing-action-day.be\/fr\" target=\"_blank\" rel=\"noreferrer noopener\">Housing Action Day<\/a> !<\/p>\n\n<div class=\"wp-block-buttons is-layout-flex wp-block-buttons-is-layout-flex\">\n<div class=\"wp-block-button\"><a class=\"wp-block-button__link wp-element-button\" href=\"https:\/\/www.facebook.com\/belgianhousingactionday\/\" target=\"_blank\" rel=\"noreferrer noopener\">Je participe<\/a><\/div>\n<\/div>\n\n<div style=\"height:15px\" aria-hidden=\"true\" class=\"wp-block-spacer\"><\/div>\n\n<span class=\"shareSocialArea\">\n<a class=\"shareFacebook\" href=\"https:\/\/www.facebook.com\/sharer\/sharer.php?u=https%3A%2F%2Fwww.greenpeace.org%2Fbelgium%2Ffr%2Fblog%2F51756%2Fgreenpeace-soutient-la-woonzaak%2F%3Futm_medium%3Dshare%26utm_content%3Dpostid-51756%26utm_source%3Dfacebook\" target=\"_blank\" rel=\"noopener noreferrer\">Je partage sur Facebook<\/a>\n<a class=\"shareTwitter\" href=\"https:\/\/twitter.com\/intent\/tweet?related=greenpeace_be&amp;text=Greenpeace%20soutient%20la%20%22Woonzaak%22%20-%20L%E2%80%99acc%C3%A8s%20%C3%A0%20un%20logement%20sain%2C%20basse%20consommation%20et%20confortable%20est%20un%20droit.%20Cependant%2C%20les%20listes%20d%E2%80%99attente%20pour%20les%20logements%20sociaux%20sont%20longues%20et%20la%20qualit%C3%A9%20des%20habitations%20sur%20le%20march%C3%A9%20locatif%20laisse%20%C3%A0%20d%C3%A9sirer.%20Pour%20de%20nombreuses%20personnes%2C%20le%20droit%20au%20logement%20n%E2%80%99est%20que%20pure%20th%C3%A9orie.%20Pourtant%2C%20nos%20gouvernements%20ont%20diff%C3%A9rents%20leviers%20d%E2%80%99action%20entre%20leurs%20mains.%20C%E2%80%99est%20la%20raison%20pour%20laquelle%20Greenpeace%20et%20de%20nombreuses%20autres%20organisations%20ont%20d%C3%A9cid%C3%A9%20de%20soutenir%20la%20Woonzaak.,%20via%20@greenpeace_be&amp;url=https%3A%2F%2Fwww.greenpeace.org%2Fbelgium%2Ffr%2Fblog%2F51756%2Fgreenpeace-soutient-la-woonzaak%2F%3Futm_medium%3Dshare%26utm_content%3Dpostid-51756%26utm_source%3Dtwitter\" target=\"_blank\" rel=\"noopener noreferrer\">Je partage sur Twitter<\/a>\n<a class=\"shareWhatsapp\" href=\"https:\/\/wa.me\/?text=https%3A%2F%2Fwww.greenpeace.org%2Fbelgium%2Ffr%2Fblog%2F51756%2Fgreenpeace-soutient-la-woonzaak%2F%3Futm_medium%3Dshare%26utm_content%3Dpostid-51756%26utm_source%3Dwhatsapp\" target=\"_blank\" rel=\"noopener noreferrer\">Je partage sur Whatsapp<\/a>\n<\/span>\n","protected":false},"excerpt":{"rendered":"<p>L\u2019acc\u00e8s \u00e0 un logement sain, basse consommation et confortable est un droit. Cependant, les listes d\u2019attente pour les logements sociaux sont longues et la qualit\u00e9 des habitations sur le march\u00e9 locatif laisse \u00e0 d\u00e9sirer. Pour de nombreuses personnes, le droit au logement n\u2019est que pure th\u00e9orie. Pourtant, nos gouvernements ont diff\u00e9rents leviers d\u2019action entre leurs mains. C\u2019est la raison pour laquelle Greenpeace a d\u00e9cid\u00e9 de soutenir la Woonzaak.<\/p>\n","protected":false},"author":105,"featured_media":51758,"comment_status":"closed","ping_status":"closed","sticky":false,"template":"","format":"standard","meta":{"ep_exclude_from_search":false,"p4_og_title":"Greenpeace soutient la \"Woonzaak\"","p4_og_description":"L\u2019acc\u00e8s \u00e0 un logement sain, basse consommation et confortable est un droit. Cependant, les listes d\u2019attente pour les logements sociaux sont longues et la qualit\u00e9 des habitations sur le march\u00e9 locatif laisse \u00e0 d\u00e9sirer. Pour de nombreuses personnes, le droit au logement n\u2019est que pure th\u00e9orie. Pourtant, nos gouvernements ont diff\u00e9rents leviers d\u2019action entre leurs mains. C\u2019est la raison pour laquelle Greenpeace a d\u00e9cid\u00e9 de soutenir la Woonzaak.","p4_og_image":"","p4_og_image_id":"","p4_seo_canonical_url":"","p4_campaign_name":"not set","p4_local_project":"not set","p4_basket_name":"not set","p4_department":"","footnotes":""},"categories":[150],"tags":[70],"p4-page-type":[116],"class_list":["post-51756","post","type-post","status-publish","format-standard","has-post-thumbnail","hentry","category-actualites","tag-energie","p4-page-type-actualites-blog"],"_links":{"self":[{"href":"https:\/\/www.greenpeace.org\/belgium\/fr\/wp-json\/wp\/v2\/posts\/51756","targetHints":{"allow":["GET"]}}],"collection":[{"href":"https:\/\/www.greenpeace.org\/belgium\/fr\/wp-json\/wp\/v2\/posts"}],"about":[{"href":"https:\/\/www.greenpeace.org\/belgium\/fr\/wp-json\/wp\/v2\/types\/post"}],"author":[{"embeddable":true,"href":"https:\/\/www.greenpeace.org\/belgium\/fr\/wp-json\/wp\/v2\/users\/105"}],"replies":[{"embeddable":true,"href":"https:\/\/www.greenpeace.org\/belgium\/fr\/wp-json\/wp\/v2\/comments?post=51756"}],"version-history":[{"count":5,"href":"https:\/\/www.greenpeace.org\/belgium\/fr\/wp-json\/wp\/v2\/posts\/51756\/revisions"}],"predecessor-version":[{"id":51803,"href":"https:\/\/www.greenpeace.org\/belgium\/fr\/wp-json\/wp\/v2\/posts\/51756\/revisions\/51803"}],"wp:featuredmedia":[{"embeddable":true,"href":"https:\/\/www.greenpeace.org\/belgium\/fr\/wp-json\/wp\/v2\/media\/51758"}],"wp:attachment":[{"href":"https:\/\/www.greenpeace.org\/belgium\/fr\/wp-json\/wp\/v2\/media?parent=51756"}],"wp:term":[{"taxonomy":"category","embeddable":true,"href":"https:\/\/www.greenpeace.org\/belgium\/fr\/wp-json\/wp\/v2\/categories?post=51756"},{"taxonomy":"post_tag","embeddable":true,"href":"https:\/\/www.greenpeace.org\/belgium\/fr\/wp-json\/wp\/v2\/tags?post=51756"},{"taxonomy":"p4-page-type","embeddable":true,"href":"https:\/\/www.greenpeace.org\/belgium\/fr\/wp-json\/wp\/v2\/p4-page-type?post=51756"}],"curies":[{"name":"wp","href":"https:\/\/api.w.org\/{rel}","templated":true}]}}