{"id":51805,"date":"2023-03-13T14:52:55","date_gmt":"2023-03-13T13:52:55","guid":{"rendered":"https:\/\/www.greenpeace.org\/belgium\/?p=51805"},"modified":"2025-07-02T08:22:29","modified_gmt":"2025-07-02T07:22:29","slug":"interdiction-des-publicites-fossiles-retrospective-de-nos-actions-et-avancees","status":"publish","type":"post","link":"https:\/\/www.greenpeace.org\/belgium\/fr\/actualites-blog\/51805\/interdiction-des-publicites-fossiles-retrospective-de-nos-actions-et-avancees\/","title":{"rendered":"Interdiction des publicit\u00e9s fossiles: r\u00e9trospective de nos actions et avanc\u00e9es"},"content":{"rendered":"\n<p><strong>Ce 13 mars, nous avons remis avec d\u2019autres organisations [1] une p\u00e9tition forte de <\/strong><strong>15 656<\/strong><strong> signatures \u00e0 la ministre f\u00e9d\u00e9rale du climat Zakia Khattabi. Plus de 15 000 citoyen\u00b7nes s\u2019adressent avec nous au monde politique pour demander l\u2019interdiction des publicit\u00e9s des entreprises fossiles et des produits les plus polluants. Cela fait maintenant plus d\u2019un an que Greenpeace m\u00e8ne campagne pour obtenir une r\u00e9gulation plus contraignante de la publicit\u00e9. Retour sur une ann\u00e9e d\u2019actions et d\u2019avanc\u00e9es.<\/strong><\/p>\n\n<figure class=\"wp-block-image size-full\"><img loading=\"lazy\" decoding=\"async\" width=\"692\" height=\"520\" src=\"https:\/\/www.greenpeace.org\/static\/planet4-belgium-stateless\/2023\/03\/f985b3da-pasted-image-0.png\" alt=\"\" class=\"wp-image-51820\" srcset=\"https:\/\/www.greenpeace.org\/static\/planet4-belgium-stateless\/2023\/03\/f985b3da-pasted-image-0.png 692w, https:\/\/www.greenpeace.org\/static\/planet4-belgium-stateless\/2023\/03\/f985b3da-pasted-image-0-300x225.png 300w, https:\/\/www.greenpeace.org\/static\/planet4-belgium-stateless\/2023\/03\/f985b3da-pasted-image-0-452x340.png 452w\" sizes=\"auto, (max-width: 692px) 100vw, 692px\" \/><\/figure>\n\n<p>Qui pourrait encore imaginer voir un paquet de cigarettes g\u00e9ant dans un stade de football ou entendre un spot radio vantant combien il est agr\u00e9able de se d\u00e9tendre en fumant ? Personne. Pourtant, \u00e0 une \u00e9poque pas si lointaine, la publicit\u00e9 pour les cigarettes \u00e9tait parfaitement l\u00e9gale. Or l\u2019industrie fossile est l\u2019industrie du tabac du 21e si\u00e8cle. Impacts ravageurs pour <a href=\"https:\/\/www.futura-sciences.com\/planete\/actualites\/environnement-reduire-energies-fossiles-sauverait-millions-vies-49187\/\" target=\"_blank\" rel=\"noreferrer noopener\">notre plan\u00e8te et notre sant\u00e9<\/a>, m\u00eames pratiques de manipulation de l\u2019opinion, et lobbying intense pour \u00e9viter une r\u00e9gulation. Le parall\u00e8le est frappant ! Comme nous l\u2019avons fait avec le tabac, il faut faire \u00e9voluer la l\u00e9gislation et interdire les publicit\u00e9s des entreprises qui exploitent les \u00e9nergies fossiles, ainsi que les entreprises impliqu\u00e9es dans les transports a\u00e9riens, routiers et par voie d\u2019eau aliment\u00e9s par des \u00e9nergies fossiles (constructeurs automobiles, compagnies a\u00e9riennes,\u2026), \u00e0 l\u2019exception des transports publics.<\/p>\n\n<h2 class=\"wp-block-heading\">Nos actions<\/h2>\n\n<p>Depuis un peu plus d\u2019un an maintenant, Greenpeace m\u00e8ne campagne pour obtenir une r\u00e9gulation plus contraignante de cette publicit\u00e9 nocive.&nbsp;<\/p>\n\n<h3 class=\"wp-block-heading\">Janvier 2022<\/h3>\n\n<p>Greenpeace publie une <a href=\"https:\/\/www.greenpeace.org\/belgium\/fr\/blog\/25951\/les-publicites-automobiles-restent-dominees-par-les-modeles-fossiles\/\" target=\"_blank\" rel=\"noreferrer noopener\">\u00e9tude sur le marketing de l\u2019industrie automobile<\/a>.<\/p>\n\n<h3 class=\"wp-block-heading\">17 f\u00e9vrier 2022<\/h3>\n\n<p>Greenpeace vise la publicit\u00e9 d\u2019une marque de voiture <a href=\"https:\/\/www.greenpeace.org\/belgium\/fr\/blog\/26286\/action-cette-publicite-aggrave-la-crise-climatique-nous-exigeons-son-interdiction\/\" target=\"_blank\" rel=\"noreferrer noopener\">en d\u00e9tournant 2 panneaux publicitaires g\u00e9ants \u00e0 Bruxelles<\/a>.&nbsp;&nbsp;<\/p>\n\n<figure class=\"wp-block-image size-large\"><img loading=\"lazy\" decoding=\"async\" width=\"1024\" height=\"662\" src=\"https:\/\/www.greenpeace.org\/static\/planet4-belgium-stateless\/2023\/03\/44a34ffb-pasted-image-0-1024x662.png\" alt=\"\" class=\"wp-image-51807\" srcset=\"https:\/\/www.greenpeace.org\/static\/planet4-belgium-stateless\/2023\/03\/44a34ffb-pasted-image-0-1024x662.png 1024w, https:\/\/www.greenpeace.org\/static\/planet4-belgium-stateless\/2023\/03\/44a34ffb-pasted-image-0-300x194.png 300w, https:\/\/www.greenpeace.org\/static\/planet4-belgium-stateless\/2023\/03\/44a34ffb-pasted-image-0-768x497.png 768w, https:\/\/www.greenpeace.org\/static\/planet4-belgium-stateless\/2023\/03\/44a34ffb-pasted-image-0-510x330.png 510w, https:\/\/www.greenpeace.org\/static\/planet4-belgium-stateless\/2023\/03\/44a34ffb-pasted-image-0.png 1319w\" sizes=\"auto, (max-width: 1024px) 100vw, 1024px\" \/><\/figure>\n\n<h3 class=\"wp-block-heading\">Mai 2022<\/h3>\n\n<p>Greenpeace demande <a href=\"https:\/\/www.lesoir.be\/444356\/article\/2022-05-25\/pourquoi-les-20-km-et-le-concours-reine-elisabeth-ne-doivent-plus-accepter\" target=\"_blank\" rel=\"noreferrer noopener\">la fin du sponsoring des 20 km de Bruxelles et du concours Reine Elizabeth par TotalEnergies<\/a>. Il n\u2019est pas normal que ces \u00e9v\u00e9nements sportifs et culturels servent d\u2019outils de propagande \u00e0 des entreprises climaticides qui investissent toujours massivement dans le p\u00e9trole et le gaz. Nous avons envoy\u00e9 plus de 4000 lettres aux organisateur\u00b7rices des 20 km et rencontr\u00e9 \u00e9galement les responsables du Concours Reine Elisabeth pour leur demander de renoncer \u00e0 ce sponsoring. Cette ann\u00e9e, TotalEnergies figurerait malheureusement toujours parmi les sponsors de ces deux \u00e9v\u00e9nements.&nbsp;&nbsp;&nbsp;<\/p>\n\n<figure class=\"wp-block-embed aligncenter is-type-rich is-provider-twitter wp-block-embed-twitter\"><div class=\"wp-block-embed__wrapper\">\n<blockquote class=\"twitter-tweet\" data-width=\"500\" data-dnt=\"true\"><p lang=\"fr\" dir=\"ltr\">Saviez-vous que les 20km de Bruxelles sont sponsoris\u00e9s par TotalEnergies? Cette entreprise tente de se cr\u00e9er une image verte, malgr\u00e9 le fait qu&#39;elle investisse encore massivement dans le gaz et le p\u00e9trole.Nous ne pouvons pas accepter cela,voici quoi faire:<a href=\"https:\/\/t.co\/elCfcHUYD9\">https:\/\/t.co\/elCfcHUYD9<\/a> <a href=\"https:\/\/t.co\/dyZLPAbCsN\">pic.twitter.com\/dyZLPAbCsN<\/a><\/p>&mdash; Greenpeace Belgium (@greenpeace_be) <a href=\"https:\/\/twitter.com\/greenpeace_be\/status\/1529004401356161024?ref_src=twsrc%5Etfw\">May 24, 2022<\/a><\/blockquote><script async src=\"https:\/\/platform.twitter.com\/widgets.js\" charset=\"utf-8\"><\/script>\n<\/div><\/figure>\n\n<p>Le 29 mai, Greenpeace est \u00e9galement sur place pour conscientiser les participant\u00b7es \u00e0 la course et pour faire \u00e0 nouveau pression sur l\u2019organisation. Des activistes de Greenpeace Belgique escaladent les b\u00e2timents qui jouxtent la ligne d\u2019arriv\u00e9e des 20 km dans le Parc du Cinquantenaire, pour y d\u00e9ployer deux grandes banni\u00e8res de 25m de long.<\/p>\n\n<figure class=\"wp-block-image size-full\"><img loading=\"lazy\" decoding=\"async\" width=\"779\" height=\"432\" src=\"https:\/\/www.greenpeace.org\/static\/planet4-belgium-stateless\/2023\/03\/5be8fd5e-pasted-image-0.png\" alt=\"\" class=\"wp-image-51809\" srcset=\"https:\/\/www.greenpeace.org\/static\/planet4-belgium-stateless\/2023\/03\/5be8fd5e-pasted-image-0.png 779w, https:\/\/www.greenpeace.org\/static\/planet4-belgium-stateless\/2023\/03\/5be8fd5e-pasted-image-0-300x166.png 300w, https:\/\/www.greenpeace.org\/static\/planet4-belgium-stateless\/2023\/03\/5be8fd5e-pasted-image-0-768x426.png 768w, https:\/\/www.greenpeace.org\/static\/planet4-belgium-stateless\/2023\/03\/5be8fd5e-pasted-image-0-510x283.png 510w\" sizes=\"auto, (max-width: 779px) 100vw, 779px\" \/><\/figure>\n\n<h3 class=\"wp-block-heading\">2022<\/h3>\n\n<p>Par ailleurs, nous avons publi\u00e9 des <a href=\"https:\/\/www.lesoir.be\/424565\/article\/2022-02-17\/stop-la-publicite-fossile-qui-nuit-gravement-au-climat\" target=\"_blank\" rel=\"noreferrer noopener\">cartes blanches<\/a> dans la presse et particip\u00e9 \u00e0 diff\u00e9rentes \u00e9missions dans les m\u00e9dias. Nous avons \u00e9galement rencontr\u00e9 plusieurs responsables politiques afin de leur montrer que de bons exemples existent ailleurs et qu\u2019il serait avis\u00e9 de s\u2019en inspirer. En <a href=\"https:\/\/www.liberation.fr\/environnement\/climat\/linterdiction-des-publicites-pour-les-energies-fossiles-est-entree-en-vigueur-ce-lundi-20220822_IJP2X2HFSRESRLPG7DJJODAXFU\/\" target=\"_blank\" rel=\"noreferrer noopener\">France<\/a> et dans <a href=\"https:\/\/verbiedfossielereclame.nl\/ook-haarlem-en-enschede-willen-fossiele-reclames-uit-straatbeeld-rotterdam-nog-koudwatervrees\/\" target=\"_blank\" rel=\"noreferrer noopener\">certaines villes aux Pays-Bas<\/a>, la publicit\u00e9 pour l\u2019industrie fossile et pour les produits les plus polluants est interdite suite \u00e0 la m\u00eame l\u00e9gislation que pour l\u2019industrie du tabac.<\/p>\n\n<h2 class=\"wp-block-heading\">Nos avanc\u00e9es<\/h2>\n\n<p>Qu\u2019avons nous obtenu en une ann\u00e9e de campagne ? Des avanc\u00e9es que Greenpeace a pu engranger gr\u00e2ce \u00e0 votre mobilisation et vos signatures.<\/p>\n\n<section class=\"block accordion-block wp-block-planet4-blocks-accordion\"><div class=\"accordion-content\"><div class=\"accordion-headline\" name=\"La RTBF interdit les publicit\u00e9s fossiles\">La RTBF interdit les publicit\u00e9s fossiles<\/div><div class=\"panel panel-hidden\"><p class=\"accordion-text\">Le <a href=\"https:\/\/www.csa.be\/wp-content\/uploads\/2023\/02\/6eme-contrat-de-gestion-RTBF.pdf\">nouveau contrat de gestion de la RTBF<\/a> vient d\u2019entrer en vigueur pour les ann\u00e9es 2023-2027. Le 25 mai 2022, nous avons \u00e9t\u00e9 <a href=\"https:\/\/www.pfwb.be\/agendas\/commissions-permanentes-2022-05-25-001730386#introduction\">entendu sur le sujet au parlement de la F\u00e9d\u00e9ration Wallonie Bruxelles<\/a>. Greenpeace y a d\u00e9fendu l\u2019id\u00e9e qu\u2019un m\u00e9dia public qui prend au s\u00e9rieux le d\u00e9r\u00e8glement climatique ne peut pas parall\u00e8lement diffuser des publicit\u00e9s qui participent \u00e0 l\u2019augmentation des \u00e9missions de gaz \u00e0 effet de serre. Nous avons \u00e9t\u00e9 suivis\u2026 en partie. Le nouveau contrat de gestion pr\u00e9voit une interdiction pour cinq ans des publicit\u00e9s pour les \u00e9nergies fossiles, une premi\u00e8re pour un m\u00e9dia public en Europe. <a href=\"https:\/\/www.theguardian.com\/media\/2020\/jan\/29\/guardian-to-ban-advertising-from-fossil-fuel-firms-climate-crisis\">Seul un m\u00e9dia priv\u00e9, The Guardian, a choisi d\u2019aller plus loin<\/a>.<br><br>Extrait du contrat de gestion de la RTBF:<br><em>Enfin, outre les r\u00e8gles du d\u00e9cret SMA, <strong>l<\/strong><\/em><strong><em>a RTBF ne peut pas diffuser de communication<\/em><\/strong> <strong><em>commerciale pour<\/em><\/strong><em> :<\/em><br><em>&#8211; les m\u00e9dicaments d\u00e9livr\u00e9s avec prescription m\u00e9dicale;<\/em><br><em>&#8211; les substances vis\u00e9es par l&rsquo;arr\u00eat\u00e9 royal du 6 mai 1922 concernant la vente des<\/em><br><em>&#8211; d\u00e9sinfectants et des antiseptiques et par l&rsquo;arr\u00eat\u00e9 royal du 31 d\u00e9cembre 1930, concernant le trafic des substances soporifiques et stup\u00e9fiantes, pris en application de la loi du 24 f\u00e9vrier 1921;<\/em><br><strong><em>&#8211; les combustibles fossiles<\/em><\/strong><em> ;<\/em><br><em>&#8211; les boissons alcoolis\u00e9es titrant plus de 20 degr\u00e9s ;<\/em><br><em>&#8211; les jouets imitant des armes \u00e0 feu ou susceptibles d&rsquo;induire des comportements violents, racistes ou x\u00e9nophobes ;<\/em><br><\/p><\/div><\/div><\/section>\n\n<section class=\"block accordion-block wp-block-planet4-blocks-accordion\"><div class=\"accordion-content\"><div class=\"accordion-headline\" name=\"Proposition de loi d\u00e9pos\u00e9e au parlement f\u00e9d\u00e9ral\">Proposition de loi d\u00e9pos\u00e9e au parlement f\u00e9d\u00e9ral<\/div><div class=\"panel panel-hidden\"><p class=\"accordion-text\">Deux parlementaires Ecolo et Groen ont d\u00e9pos\u00e9 une proposition de loi visant \u00e0 interdire les publicit\u00e9s pour les \u00e9nergies fossiles. <a href=\"https:\/\/www.levif.be\/belgique\/mettre-hors-la-loi-la-pub-pour-les-produits-vraiment-polluants-lauto-regulation-ne-fonctionne-pas\/\">Une proposition que nous aurions voulu plus ambitieuse<\/a>. Nous voulions y int\u00e9grer les publicit\u00e9s des entreprises fossiles qui font du greenwashing en sur m\u00e9diatisant leurs investissements, en r\u00e9alit\u00e9 d\u00e9risoires, dans les \u00e9nergies renouvelables. Actuellement, la commission qui \u00e9tudie cette proposition de loi veut demander des avis \u00e9crits. Nous voulons aller plus loin en obtenant des auditions de la soci\u00e9t\u00e9 civile. C\u2019est le strict minimum.<\/p><\/div><\/div><\/section>\n\n<section class=\"block accordion-block wp-block-planet4-blocks-accordion\"><div class=\"accordion-content\"><div class=\"accordion-headline\" name=\"La publicit\u00e9 dans le d\u00e9bat politique\">La publicit\u00e9 dans le d\u00e9bat politique<\/div><div class=\"panel panel-hidden\"><p class=\"accordion-text\">Le <a href=\"https:\/\/antipub.org\/climat-ecoutons-le-giec-regulons-la-publicite\/#sdfootnote6sym\">sujet de la publicit\u00e9<\/a> constitue souvent un angle mort des questions climatiques. Timidement, ce sujet a fait son apparition dans le <a href=\"https:\/\/report.ipcc.ch\/ar6wg3\/pdf\/IPCC_AR6_WGIII_FinalDraft_FullReport.pdf\">dernier rapport du GIEC<\/a>, mais dans les d\u00e9bats politiques, c\u2019est plus rare. En partie gr\u00e2ce \u00e0 notre campagne, ce sujet est revenu au devant de la sc\u00e8ne et <a href=\"https:\/\/www.rtbf.be\/article\/paul-magnette-veut-interdire-la-publicite-pour-tous-les-produits-nefastes-a-la-sante-et-a-lenvironnement-11140567\">le PS, entre autres, s\u2019est prononc\u00e9 publiquement en faveur d\u2019une interdiction<\/a> des publicit\u00e9s nocives pour l\u2019environnement.<\/p><\/div><\/div><\/section>\n\n<p>Ces avanc\u00e9es n\u2019auraient pas \u00e9t\u00e9 possibles sans vous. Des avanc\u00e9es importantes acquises en un an mais qui sont loin d&rsquo;\u00eatre suffisantes. Nous ne sommes pas encore arriv\u00e9\u00b7es \u00e0 l\u2019interdiction des publicit\u00e9s des entreprises fossiles et des produits les plus polluants. Nous continuerons \u00e0 faire pression pour \u00eatre entendus par le parlement afin que cette interdiction soit mise en application.<\/p>\n\n<hr class=\"wp-block-separator has-alpha-channel-opacity\"\/>\n\n<p>[1] <em>Les organisations qui ont lanc\u00e9s cette p\u00e9tition en Belgique sont Greenpeace, Oxfam, Amnesty International Belgique francophone, Youth For Climate, Grands Parents pour le Climate, Groot Ouders voor Klimaat, Canop\u00e9a, De Transformisten, M\u00e9decins du Monde Belgique, CNCD, Gang Vieux en col\u00e8re<\/em><\/p>\n\n<div class=\"wp-block-buttons is-layout-flex wp-block-buttons-is-layout-flex\"><\/div>\n\n<div style=\"height:15px\" aria-hidden=\"true\" class=\"wp-block-spacer\"><\/div>\n\n<span class=\"shareSocialArea\">\n<a class=\"shareFacebook\" href=\"https:\/\/www.facebook.com\/sharer\/sharer.php?u=https%3A%2F%2Fwww.greenpeace.org%2Fbelgium%2Ffr%2Fblog%2F51805%2Finterdiction-des-publicites-fossiles-retrospective-de-nos-actions-et-avancees%2F%3Futm_medium%3Dshare%26utm_content%3Dpostid-51805%26utm_source%3Dfacebook\" target=\"_blank\" rel=\"noopener noreferrer\">Je partage sur Facebook<\/a>\n<a class=\"shareTwitter\" href=\"https:\/\/twitter.com\/intent\/tweet?related=greenpeace_be&#038;text=Interdiction%20des%20publicit%C3%A9s%20fossiles%3A%20r%C3%A9trospective%20de%20nos%20actions%20et%20avanc%C3%A9es%20-%20Ce%2013%20mars%2C%20nous%20avons%20remis%20avec%20d%E2%80%99autres%20organisations%20une%20p%C3%A9tition%20forte%20de%2015%20656%20signatures%20%C3%A0%20la%20ministre%20f%C3%A9d%C3%A9rale%20du%20climat%20Zakia%20Khattabi.%20Plus%20de%2015%20000%20citoyen%C2%B7nes%20s%E2%80%99adressent%20avec%20nous%20au%20monde%20politique%20pour%20demander%20l%E2%80%99interdiction%20des%20publicit%C3%A9s%20des%20entreprises%20fossiles%20et%20des%20produits%20les%20plus%20polluants.,%20via%20@greenpeace_be&#038;url=https%3A%2F%2Fwww.greenpeace.org%2Fbelgium%2Ffr%2Fblog%2F51805%2Finterdiction-des-publicites-fossiles-retrospective-de-nos-actions-et-avancees%2F%3Futm_medium%3Dshare%26utm_content%3Dpostid-51805%26utm_source%3Dtwitter\" target=\"_blank\" rel=\"noopener noreferrer\">Je partage sur Twitter<\/a>\n<a class=\"shareWhatsapp\" href=\"https:\/\/wa.me\/?text=https%3A%2F%2Fwww.greenpeace.org%2Fbelgium%2Ffr%2Fblog%2F51805%2Finterdiction-des-publicites-fossiles-retrospective-de-nos-actions-et-avancees%2F%3Futm_medium%3Dshare%26utm_content%3Dpostid-51805%26utm_source%3Dwhatsapp\" target=\"_blank\" rel=\"noopener noreferrer\">Je partage sur Whatsapp<\/a>\n<\/span>\n","protected":false},"excerpt":{"rendered":"<p>Ce 13 mars, nous avons remis avec d\u2019autres organisations une p\u00e9tition forte de 15 656 signatures \u00e0 la ministre f\u00e9d\u00e9rale du climat Zakia Khattabi. Plus de 15 000 citoyen\u00b7nes s\u2019adressent avec nous au monde politique pour demander l\u2019interdiction des publicit\u00e9s des entreprises fossiles et des produits les plus polluants. Retour sur une ann\u00e9e d\u2019actions et d\u2019avanc\u00e9es.<\/p>\n","protected":false},"author":105,"featured_media":51820,"comment_status":"closed","ping_status":"closed","sticky":false,"template":"","format":"standard","meta":{"ep_exclude_from_search":false,"p4_og_title":"Interdiction des publicit\u00e9s fossiles: r\u00e9trospective de nos actions et avanc\u00e9es","p4_og_description":"Ce 13 mars, nous avons remis avec d\u2019autres organisations une p\u00e9tition forte de 15 656 signatures \u00e0 la ministre f\u00e9d\u00e9rale du climat Zakia Khattabi. Plus de 15 000 citoyen\u00b7nes s\u2019adressent avec nous au monde politique pour demander l\u2019interdiction des publicit\u00e9s des entreprises fossiles et des produits les plus polluants. ","p4_og_image":"","p4_og_image_id":"","p4_seo_canonical_url":"","p4_campaign_name":"not set","p4_local_project":"not set","p4_basket_name":"not set","p4_department":"","footnotes":""},"categories":[150],"tags":[70,77,83],"p4-page-type":[116],"class_list":["post-51805","post","type-post","status-publish","format-standard","has-post-thumbnail","hentry","category-actualites","tag-energie","tag-substancestoxique","tag-politique","p4-page-type-actualites-blog"],"_links":{"self":[{"href":"https:\/\/www.greenpeace.org\/belgium\/fr\/wp-json\/wp\/v2\/posts\/51805","targetHints":{"allow":["GET"]}}],"collection":[{"href":"https:\/\/www.greenpeace.org\/belgium\/fr\/wp-json\/wp\/v2\/posts"}],"about":[{"href":"https:\/\/www.greenpeace.org\/belgium\/fr\/wp-json\/wp\/v2\/types\/post"}],"author":[{"embeddable":true,"href":"https:\/\/www.greenpeace.org\/belgium\/fr\/wp-json\/wp\/v2\/users\/105"}],"replies":[{"embeddable":true,"href":"https:\/\/www.greenpeace.org\/belgium\/fr\/wp-json\/wp\/v2\/comments?post=51805"}],"version-history":[{"count":8,"href":"https:\/\/www.greenpeace.org\/belgium\/fr\/wp-json\/wp\/v2\/posts\/51805\/revisions"}],"predecessor-version":[{"id":60401,"href":"https:\/\/www.greenpeace.org\/belgium\/fr\/wp-json\/wp\/v2\/posts\/51805\/revisions\/60401"}],"wp:featuredmedia":[{"embeddable":true,"href":"https:\/\/www.greenpeace.org\/belgium\/fr\/wp-json\/wp\/v2\/media\/51820"}],"wp:attachment":[{"href":"https:\/\/www.greenpeace.org\/belgium\/fr\/wp-json\/wp\/v2\/media?parent=51805"}],"wp:term":[{"taxonomy":"category","embeddable":true,"href":"https:\/\/www.greenpeace.org\/belgium\/fr\/wp-json\/wp\/v2\/categories?post=51805"},{"taxonomy":"post_tag","embeddable":true,"href":"https:\/\/www.greenpeace.org\/belgium\/fr\/wp-json\/wp\/v2\/tags?post=51805"},{"taxonomy":"p4-page-type","embeddable":true,"href":"https:\/\/www.greenpeace.org\/belgium\/fr\/wp-json\/wp\/v2\/p4-page-type?post=51805"}],"curies":[{"name":"wp","href":"https:\/\/api.w.org\/{rel}","templated":true}]}}