{"id":52010,"date":"2023-03-21T14:21:24","date_gmt":"2023-03-21T13:21:24","guid":{"rendered":"https:\/\/www.greenpeace.org\/belgium\/?p=52010"},"modified":"2023-03-22T11:15:22","modified_gmt":"2023-03-22T10:15:22","slug":"la-coalition-pour-la-biodiversite-formules-des-priorites-pour-la-nouvelle-strategie-belge-en-matiere-de-biodiversite","status":"publish","type":"post","link":"https:\/\/www.greenpeace.org\/belgium\/fr\/communique-de-presse\/52010\/la-coalition-pour-la-biodiversite-formules-des-priorites-pour-la-nouvelle-strategie-belge-en-matiere-de-biodiversite\/","title":{"rendered":"La Coalition pour la Biodiversit\u00e9 formule des priorit\u00e9s pour la nouvelle strat\u00e9gie belge en mati\u00e8re de biodiversit\u00e9"},"content":{"rendered":"\n<p>En d\u00e9cembre 2022, la quinzi\u00e8me conf\u00e9rence des pays signataires de la Convention des Nations unies sur la biodiversit\u00e9 s&rsquo;est tenue \u00e0 Montr\u00e9al, au Canada. Lors de cette r\u00e9union, un accord-cadre ambitieux a \u00e9t\u00e9 conclu pour enrayer la perte de biodiversit\u00e9 d&rsquo;ici 2030.&nbsp;&nbsp;<\/p>\n\n<p>La Belgique \u00e9tant \u00e9galement signataire de cet accord, notre pays doit maintenant d\u00e9velopper sa propre strat\u00e9gie et son plan d&rsquo;action national pour la biodiversit\u00e9 (SPANB) pour l&rsquo;apr\u00e8s-2020.<\/p>\n\n<p>Greenpeace s&rsquo;est associ\u00e9e \u00e0 d&rsquo;autres organisations de protection de la nature au sein de la Belgian Biodiversity Coalition (*) pour inciter notre gouvernement \u00e0 travailler s\u00e9rieusement sur cette strat\u00e9gie nationale pour la biodiversit\u00e9. La coalition a publi\u00e9<a href=\"https:\/\/www.greenpeace.org\/static\/planet4-belgium-stateless\/2023\/03\/64806be8-fr-policy-brief-post2020-nbsap_bdc-2023.pdf\"> un briefing<\/a> pour souligner l&rsquo;importance de cette t\u00e2che et indiquer les principales priorit\u00e9s :&nbsp;&nbsp;<\/p>\n\n<ul class=\"wp-block-list\">\n<li>R\u00e9duire l&rsquo;impact de la consommation et de la production de biens de la Belgique sur la biodiversit\u00e9 mondiale<\/li>\n\n\n\n<li>Am\u00e9liorer et \u00e9tendre la protection des zones naturelles \u00e0 haute valeur \u00e9cologique<\/li>\n\n\n\n<li>Restaurer la nature dans notre propre pays<\/li>\n<\/ul>\n\n<p>Tout cela en pr\u00e9voyant des moyens financiers suffisants.<\/p>\n\n<p>Ce n&rsquo;est pas la premi\u00e8re fois que notre pays \u00e9labore une strat\u00e9gie en mati\u00e8re de biodiversit\u00e9. Le probl\u00e8me ne vient donc pas du plan en tant que tel mais bien de sa mise en \u0153uvre. C&rsquo;est pourquoi la Coalition pour la biodiversit\u00e9 incite fortement nos responsables politiques \u00e0 transposer les objectifs formul\u00e9s en objectifs tr\u00e8s concrets, mesurables \u00ab\u00a0SMART\u00a0\u00bb (**) et contraignants en incluant par exemple cette strat\u00e9gie pour la biodiversit\u00e9 dans de futurs accords de majorit\u00e9.<\/p>\n\n<p>Consultez le rapport complet <a href=\"https:\/\/www.greenpeace.org\/static\/planet4-belgium-stateless\/2023\/03\/64806be8-fr-policy-brief-post2020-nbsap_bdc-2023.pdf\">ici<\/a><\/p>\n\n<p>&#8212;&#8212;&#8212;<\/p>\n\n<p>(*) La coalition belge pour la biodiversit\u00e9 est compos\u00e9e de Greenpeace, WWF, Natuurpunt, Natagora, BOS+, Bond Beter Leefmilieu et Canopea.<\/p>\n\n<p>(**) SMART = Sp\u00e9cifique, Mesurable, Atteignable, R\u00e9aliste et Temporel.<\/p>\n","protected":false},"excerpt":{"rendered":"<p>En d\u00e9cembre 2022, la quinzi\u00e8me conf\u00e9rence des pays signataires de la Convention des Nations unies sur la biodiversit\u00e9<\/p>\n","protected":false},"author":50,"featured_media":16769,"comment_status":"closed","ping_status":"closed","sticky":false,"template":"","format":"standard","meta":{"ep_exclude_from_search":false,"p4_og_title":"","p4_og_description":"","p4_og_image":"","p4_og_image_id":"","p4_seo_canonical_url":"","p4_campaign_name":"","p4_local_project":"","p4_basket_name":"","p4_department":"","footnotes":""},"categories":[151],"tags":[80],"p4-page-type":[117],"class_list":["post-52010","post","type-post","status-publish","format-standard","has-post-thumbnail","hentry","category-presse","tag-forets","p4-page-type-communique-de-presse"],"_links":{"self":[{"href":"https:\/\/www.greenpeace.org\/belgium\/fr\/wp-json\/wp\/v2\/posts\/52010","targetHints":{"allow":["GET"]}}],"collection":[{"href":"https:\/\/www.greenpeace.org\/belgium\/fr\/wp-json\/wp\/v2\/posts"}],"about":[{"href":"https:\/\/www.greenpeace.org\/belgium\/fr\/wp-json\/wp\/v2\/types\/post"}],"author":[{"embeddable":true,"href":"https:\/\/www.greenpeace.org\/belgium\/fr\/wp-json\/wp\/v2\/users\/50"}],"replies":[{"embeddable":true,"href":"https:\/\/www.greenpeace.org\/belgium\/fr\/wp-json\/wp\/v2\/comments?post=52010"}],"version-history":[{"count":4,"href":"https:\/\/www.greenpeace.org\/belgium\/fr\/wp-json\/wp\/v2\/posts\/52010\/revisions"}],"predecessor-version":[{"id":52016,"href":"https:\/\/www.greenpeace.org\/belgium\/fr\/wp-json\/wp\/v2\/posts\/52010\/revisions\/52016"}],"wp:featuredmedia":[{"embeddable":true,"href":"https:\/\/www.greenpeace.org\/belgium\/fr\/wp-json\/wp\/v2\/media\/16769"}],"wp:attachment":[{"href":"https:\/\/www.greenpeace.org\/belgium\/fr\/wp-json\/wp\/v2\/media?parent=52010"}],"wp:term":[{"taxonomy":"category","embeddable":true,"href":"https:\/\/www.greenpeace.org\/belgium\/fr\/wp-json\/wp\/v2\/categories?post=52010"},{"taxonomy":"post_tag","embeddable":true,"href":"https:\/\/www.greenpeace.org\/belgium\/fr\/wp-json\/wp\/v2\/tags?post=52010"},{"taxonomy":"p4-page-type","embeddable":true,"href":"https:\/\/www.greenpeace.org\/belgium\/fr\/wp-json\/wp\/v2\/p4-page-type?post=52010"}],"curies":[{"name":"wp","href":"https:\/\/api.w.org\/{rel}","templated":true}]}}