{"id":52130,"date":"2023-12-05T14:10:22","date_gmt":"2023-12-05T13:10:22","guid":{"rendered":"https:\/\/www.greenpeace.org\/belgium\/?p=52130"},"modified":"2023-12-05T17:22:38","modified_gmt":"2023-12-05T16:22:38","slug":"interview-de-3-activistes-code-rouge-je-suis-ressortie-transformee-noemie-48-ans","status":"publish","type":"post","link":"https:\/\/www.greenpeace.org\/belgium\/fr\/actualiteit\/52130\/interview-de-3-activistes-code-rouge-je-suis-ressortie-transformee-noemie-48-ans\/","title":{"rendered":"Interview de 3 activistes Code Rouge. \u201cJe suis ressortie transform\u00e9e\u201d. No\u00e9mie, 48 ans."},"content":{"rendered":"\n<p><strong>No\u00e9mie, Patricia et L\u00e9on (noms d\u2019emprunt) faisaient partie des 1000 citoyen\u00b7nes qui ont particip\u00e9 \u00e0 la premi\u00e8re action de d\u00e9sob\u00e9issance civile de masse du mouvement Code Rouge. C\u2019\u00e9tait en octobre 2022. Voici leur t\u00e9moignage. Attention. Il est tr\u00e8s probable que cette interview vous donne l\u2019envie de participer, vous aussi, \u00e0 la prochaine action de Code Rouge du 16 au 17 d\u00e9cembre, contre le secteur de l\u2019aviation. On vous aura pr\u00e9venu.<\/strong><\/p>\n\n<figure class=\"wp-block-image size-large\"><img loading=\"lazy\" decoding=\"async\" width=\"1024\" height=\"610\" src=\"https:\/\/www.greenpeace.org\/static\/planet4-belgium-stateless\/2023\/12\/c62b0215-2h7a8409_light-1024x610.jpg\" alt=\"\" class=\"wp-image-55509\" srcset=\"https:\/\/www.greenpeace.org\/static\/planet4-belgium-stateless\/2023\/12\/c62b0215-2h7a8409_light-1024x610.jpg 1024w, https:\/\/www.greenpeace.org\/static\/planet4-belgium-stateless\/2023\/12\/c62b0215-2h7a8409_light-300x179.jpg 300w, https:\/\/www.greenpeace.org\/static\/planet4-belgium-stateless\/2023\/12\/c62b0215-2h7a8409_light-768x457.jpg 768w, https:\/\/www.greenpeace.org\/static\/planet4-belgium-stateless\/2023\/12\/c62b0215-2h7a8409_light-1536x915.jpg 1536w, https:\/\/www.greenpeace.org\/static\/planet4-belgium-stateless\/2023\/12\/c62b0215-2h7a8409_light-2048x1220.jpg 2048w, https:\/\/www.greenpeace.org\/static\/planet4-belgium-stateless\/2023\/12\/c62b0215-2h7a8409_light-510x304.jpg 510w\" sizes=\"auto, (max-width: 1024px) 100vw, 1024px\" \/><figcaption class=\"wp-element-caption\">Des centaines de militant\u00b7es du mouvement Code Rouge bloquent le site du g\u00e9ant p\u00e9trolier et gazier TotalEnergies \u00e0 Feluy (Belgique). 08\/10\/2022.<div class=\"credit icon-left\"> \u00a9 Johanna de Tessieres \/ Greenpeace<\/div><\/figcaption><\/figure>\n\n<div class=\"wp-block-buttons is-layout-flex wp-block-buttons-is-layout-flex\">\n<div class=\"wp-block-button\"><a class=\"wp-block-button__link wp-element-button\" href=\"https:\/\/code-rouge.be\/\" target=\"_blank\" rel=\"noreferrer noopener\">Je m&rsquo;informe<\/a><\/div>\n<\/div>\n\n<div style=\"height:20px\" aria-hidden=\"true\" class=\"wp-block-spacer\"><\/div>\n\n<section class=\"block accordion-block wp-block-planet4-blocks-accordion\"><div class=\"accordion-content\"><div class=\"accordion-headline\" name=\"No\u00e9mie\">No\u00e9mie<\/div><div class=\"panel panel-hidden\"><p class=\"accordion-text\">No\u00e9mie a 48 ans et habite \u00e0 Bruxelles. Elle a 2 adolescents qui participent aux marches pour le climat. Code Rouge n\u2019\u00e9tait pas sa premi\u00e8re action de d\u00e9sob\u00e9issance civile, elle a d\u00e9j\u00e0 particip\u00e9 \u00e0 une action organis\u00e9e par Greenpeace contre le glyphosate. No\u00e9mie est sociologue.<\/p><\/div><\/div><div class=\"accordion-content\"><div class=\"accordion-headline\" name=\"Patricia\">Patricia<\/div><div class=\"panel panel-hidden\"><p class=\"accordion-text\">Patricia est assistante sociale. Elle a plus de 55 ans et a 4 enfants. Originaire de l&rsquo;est de la Belgique, c&rsquo;est sa premi\u00e8re action de d\u00e9sob\u00e9issance civile de grande envergure. Auparavant, elle a d\u00e9j\u00e0 particip\u00e9 \u00e0 des manifestations de soutien au secteur culturel pendant la crise Covid.<\/p><\/div><\/div><div class=\"accordion-content\"><div class=\"accordion-headline\" name=\"L\u00e9on\">L\u00e9on<\/div><div class=\"panel panel-hidden\"><p class=\"accordion-text\">L\u00e9on est fran\u00e7ais. Il est ing\u00e9nieur dans la r\u00e9novation des b\u00e2timents en France. 27 ans et pas d&rsquo;enfant. C&rsquo;\u00e9tait sa premi\u00e8re action. \u201cEt certainement pas la derni\u00e8re\u201d, nous dit-il.\u00a0<\/p><\/div><\/div><\/section>\n\n<h2 class=\"wp-block-heading\"><strong>Comment s\u2019est d\u00e9roul\u00e9e cette action de d\u00e9sob\u00e9issance civile ?<\/strong><\/h2>\n\n<p><strong>No\u00e9mie<\/strong> : <em>Je me suis rendue \u00e0 l&rsquo;action sans vraiment savoir ce qui m&rsquo;attendait. Mais je dois avouer que j&rsquo;en suis ressortie transform\u00e9e. C&rsquo;\u00e9tait une exp\u00e9rience g\u00e9niale. J&rsquo;ai conscience que nous avons eu de la chance avec le temps sec et le fait que la police soit rest\u00e9e zen malgr\u00e9 leur pr\u00e9sence oppressante \u00e0 certains moments<\/em>.&nbsp;<\/p>\n\n<p><strong>Patricia<\/strong> : <em>J&rsquo;ai pris un \u00e9norme plaisir \u00e0 \u00eatre en contact avec des gens de tout horizon et venant m\u00eame de par-del\u00e0 les fronti\u00e8res<\/em>.<\/p>\n\n<p><strong>L\u00e9on<\/strong> : <em>J&rsquo;ai \u00e9t\u00e9 invit\u00e9 \u00e0 l&rsquo;action Code rouge par ma copine qui est proche des mouvements activistes belges. L&rsquo;exp\u00e9rience \u00e9tait vraiment formidable, l&rsquo;organisation \u00e9tait excellente, chacun avait un r\u00f4le bien pr\u00e9cis afin d&rsquo;\u00eatre le plus efficace possible<\/em>.<\/p>\n\n<h2 class=\"wp-block-heading\"><strong>Quel \u00e9tait votre r\u00f4le ?<\/strong><\/h2>\n\n<p><strong>No\u00e9mie<\/strong> : <em>Une fois sur place, on nous a propos\u00e9 de choisir entre trois types de missions : porter un drapeau, \u00eatre les \u201cd\u00e9sescaladeurs\u201d ou s&rsquo;attacher. Mon compagnon et moi avons opt\u00e9 pour la d\u00e9sescalade (il s\u2019agit d\u2019apaiser les protagonistes en cas de conflit). Nous n&rsquo;avons pas vraiment d\u00fb intervenir en r\u00e9alit\u00e9. On a surtout march\u00e9, chant\u00e9 et montr\u00e9 qu&rsquo;on \u00e9tait l\u00e0<\/em>.<\/p>\n\n<p><strong>Patricia<\/strong> : <em>Mon r\u00f4le \u00e9tait de transporter les activistes d&rsquo;un endroit \u00e0 l&rsquo;autre<\/em>.<\/p>\n\n<p><strong>L\u00e9on<\/strong> : <em>Nous devions bloquer un d\u00e9p\u00f4t secondaire. Ma mission \u00e9tait celle d&rsquo;un \u00ab\u00a0ange gardien\u00a0\u00bb, \u00e0 savoir apporter le soin n\u00e9cessaire \u00e0 mon bin\u00f4me qui allait s&rsquo;encha\u00eener \u00e0 la barri\u00e8re du d\u00e9p\u00f4t. En fin de compte, la pr\u00e9sence polici\u00e8re sur le site \u00e9tait minime. Nous avons maintenu une occupation afin de nous assurer que le site ne soit pas rouvert<\/em>.<\/p>\n\n<h2 class=\"wp-block-heading\"><strong>Comment avez-vous v\u00e9cu cette exp\u00e9rience ?<\/strong><\/h2>\n\n<p><strong>No\u00e9mie <\/strong>: <em>J&rsquo;ai \u00e9t\u00e9 \u00e9pat\u00e9e par la qualit\u00e9 de l&rsquo;organisation et fi\u00e8re de faire partie de cette communaut\u00e9. J&rsquo;ai aussi ressenti de la peur face \u00e0 ce que la police aurait pu faire. Le fait qu&rsquo;ils d\u00e9ploient tant de moyens \u00e9tait assez impressionnant : h\u00e9licopt\u00e8re, drone, cavalerie, autopompe. Malgr\u00e9 cela, mon sentiment \u00e9tait d&rsquo;\u00eatre \u00e0 ma place et heureuse d&rsquo;\u00eatre entour\u00e9e par tant de personnes conscientes et actives<\/em>.&nbsp;<\/p>\n\n<p><strong>Patricia<\/strong> : <em>J&rsquo;\u00e9tais un peu d\u00e9\u00e7ue de ne pas avoir pu participer davantage mais tr\u00e8s heureuse de recevoir des retours positifs par rapport \u00e0 notre intervention de la part des personnes transport\u00e9es<\/em>.<\/p>\n\n<p><strong>L\u00e9on<\/strong> : <em>J\u2019ai ressenti beaucoup d&rsquo;adr\u00e9naline. Surtout au d\u00e9but de l\u2019action, quand nous ne connaissions pas encore l&rsquo;effectif policier sur place. Le moment le plus intense \u00e9tait la descente du bus devant le d\u00e9p\u00f4t, un fourgon de police nous attendait<\/em>.<\/p>\n\n<h2 class=\"wp-block-heading\"><strong>Pourquoi avez-vous particip\u00e9 ?<\/strong><\/h2>\n\n<p><strong>No\u00e9mie<\/strong> : <em>Depuis que je suis enfant, je veux faire partie des activistes Greenpeace. Je gardais en t\u00eate leurs actions sur leur bateau et j&rsquo;ai toujours r\u00eav\u00e9 d&rsquo;en \u00eatre. Comme tant d\u2019autres personnes, je suis exc\u00e9d\u00e9e et super inqui\u00e8te face aux injustices sociales et aux destructions environnementales. Je fais le maximum de ce que je peux dans mes choix professionnels ou priv\u00e9s, mais je veux aller plus loin encore. La criminalit\u00e9 des grandes entreprises de ce monde me r\u00e9volte au plus haut point<\/em>.&nbsp;<\/p>\n\n<p><strong>Patricia<\/strong> : <em>L&rsquo;\u00e9cologie et les droits humains me tiennent \u00e0 c\u0153ur depuis ma jeunesse. Les manifestations n&rsquo;ont plus un effet suffisant sur les responsables politiques et \u00e9conomiques. Il me semble urgent de passer \u00e0 un mode d&rsquo;action plus \u00ab\u00a0r\u00e9volutionnaire\u00a0\u00bb, de varier les strat\u00e9gies et de mettre une pression continue. Je crois que la d\u00e9sob\u00e9issance civile est justifi\u00e9e, quand la cause est juste et qu&rsquo;on n&rsquo;arrive pas \u00e0 se faire entendre autrement<\/em>.&nbsp;<\/p>\n\n<p><strong>L\u00e9on<\/strong> : <em>J&rsquo;ai particip\u00e9 pour permettre d&rsquo;augmenter \u00e0 mon \u00e9chelle la force de cette action, et aussi pour me former pour de futures actions<\/em>.<\/p>\n\n<h2 class=\"wp-block-heading\"><strong>Comment avez-vous entendu parler de Code Rouge ?<\/strong><\/h2>\n\n<p><strong>No\u00e9mie<\/strong> : <em>Je pense avoir re\u00e7u un mail de Greenpeace, je suis membre donatrice. J&rsquo;ai particip\u00e9 \u00e0 une formation un samedi et \u00e7a me motivait franchement<\/em>.<\/p>\n\n<p><strong>Patricia<\/strong> : <em>Via des courriels de Greenpeace et d&rsquo;Extinction Rebellion<\/em>.&nbsp;<\/p>\n\n<p><strong>L\u00e9on<\/strong> : <em>Ma copine m&rsquo;en a parl\u00e9<\/em>.<\/p>\n\n<h2 class=\"wp-block-heading\"><strong>L\u2019action est d\u00e9sormais derri\u00e8re vous. Que ressentez-vous ?<\/strong><\/h2>\n\n<p><strong>No\u00e9mie<\/strong> : <em>J\u2019ai envie de recommencer au plus vite. Je suis aussi heureuse et fi\u00e8re que toutes ces ONG aient organis\u00e9 un \u00e9v\u00e9nement de telle qualit\u00e9. J&rsquo;ai appris beaucoup de choses. Comment garder l&rsquo;anonymat et comment dormir dehors entre des rails de train<\/em>.<\/p>\n\n<p><strong>Patricia<\/strong> : <em>J&rsquo;attends la prochaine action avec impatience. Maintenant que j&rsquo;ai vu comment tout s&rsquo;est d\u00e9roul\u00e9,&nbsp; je me sentirai plus s\u00fbre de rejoindre \u00e9ventuellement un autre groupe. Nous \u00e9tions environ 1000 et l&rsquo;action a \u00e9t\u00e9 bien r\u00e9percut\u00e9e dans les m\u00e9dias. J&rsquo;en suis tr\u00e8s contente<\/em>.<\/p>\n\n<p><strong>L\u00e9on<\/strong> : <em>Je suis tr\u00e8s satisfait d&rsquo;avoir particip\u00e9 et que l\u2019action ait eu un aussi gros impact.<\/em><\/p>\n\n<p>Vous aussi, vous voulez (re)vivre une exp\u00e9rience incroyable et tester de nouvelles mani\u00e8res de vous faire entendre et de lutter pour vos id\u00e9aux ? Participez \u00e0 une formation et rejoignez la 3e action du mouvement Code Rouge du samedi 16 au dimanche 17 d\u00e9cembre 2023.\u00a0<\/p>\n\n<div class=\"wp-block-buttons is-layout-flex wp-block-buttons-is-layout-flex\">\n<div class=\"wp-block-button\"><a class=\"wp-block-button__link wp-element-button\" href=\"https:\/\/code-rouge.be\/participer\/\" target=\"_blank\" rel=\"noreferrer noopener\">Je m&rsquo;inscris<\/a><\/div>\n<\/div>\n\n<div style=\"height:20px\" aria-hidden=\"true\" class=\"wp-block-spacer\"><\/div>\n\n<span class=\"shareSocialArea\">\n<a class=\"shareFacebook\" href=\"https:\/\/www.facebook.com\/sharer\/sharer.php?u=https%3A%2F%2Fwww.greenpeace.org%2Fbelgium%2Ffr%2Fblog%2F52130%2Finterview-de-3-activistes-code-rouge-je-suis-ressortie-transformee-noemie-48-ans%2F%3Futm_medium%3Dshare%26utm_content%3Dpostid-52130%26utm_source%3Dfacebook\" target=\"_blank\" rel=\"noopener noreferrer\">Je partage sur Facebook<\/a>\n<a class=\"shareTwitter\" href=\"https:\/\/twitter.com\/intent\/tweet?related=greenpeace_be&#038;text=Interview%20de%203%20activistes%20Code%20Rouge%20-%20D%C3%A9couvrez%20le%20t%C3%A9moignage%20de%20No%C3%A9mie%2C%20Patricia%20et%20L%C3%A9on%20qui%20ont%20particip%C3%A9%20%C3%A0%20la%20premi%C3%A8re%20action%20de%20d%C3%A9sob%C3%A9issance%20civile%20de%20masse%20de%20la%20coalition%20Code%20Rouge.,%20via%20@greenpeace_be&#038;url=https%3A%2F%2Fwww.greenpeace.org%2Fbelgium%2Ffr%2Fblog%2F52130%2Finterview-de-3-activistes-code-rouge-je-suis-ressortie-transformee-noemie-48-ans%2F%3Futm_medium%3Dshare%26utm_content%3Dpostid-52130%26utm_source%3Dtwitter\" target=\"_blank\" rel=\"noopener noreferrer\">Je partage sur Twitter<\/a>\n<a class=\"shareWhatsapp\" href=\"https:\/\/wa.me\/?text=https%3A%2F%2Fwww.greenpeace.org%2Fbelgium%2Ffr%2Fblog%2F52130%2Finterview-de-3-activistes-code-rouge-je-suis-ressortie-transformee-noemie-48-ans%2F%3Futm_medium%3Dshare%26utm_content%3Dpostid-52130%26utm_source%3Dwhatsapp\" target=\"_blank\" rel=\"noopener noreferrer\">Je partage sur Whatsapp<\/a>\n<\/span>\n","protected":false},"excerpt":{"rendered":"<p>D\u00e9couvrez le t\u00e9moignage de No\u00e9mie, Patricia et L\u00e9on qui ont particip\u00e9 \u00e0 la premi\u00e8re action de d\u00e9sob\u00e9issance civile de masse de la coalition Code Rouge.<\/p>\n","protected":false},"author":105,"featured_media":55544,"comment_status":"closed","ping_status":"closed","sticky":false,"template":"","format":"standard","meta":{"ep_exclude_from_search":false,"p4_og_title":"Interview de 3 activistes Code Rouge","p4_og_description":"D\u00e9couvrez le t\u00e9moignage de No\u00e9mie, Patricia et L\u00e9on qui ont particip\u00e9 \u00e0 la premi\u00e8re action de d\u00e9sob\u00e9issance civile de masse de la coalition Code Rouge.","p4_og_image":"https:\/\/www.greenpeace.org\/static\/planet4-belgium-stateless\/2023\/12\/c62b0215-2h7a8409_light-scaled.jpg","p4_og_image_id":"55509","p4_seo_canonical_url":"","p4_campaign_name":"not set","p4_local_project":"not set","p4_basket_name":"not set","p4_department":"","footnotes":""},"categories":[150],"tags":[70,86],"p4-page-type":[],"class_list":["post-52130","post","type-post","status-publish","format-standard","has-post-thumbnail","hentry","category-actualites","tag-energie","tag-climat"],"_links":{"self":[{"href":"https:\/\/www.greenpeace.org\/belgium\/fr\/wp-json\/wp\/v2\/posts\/52130","targetHints":{"allow":["GET"]}}],"collection":[{"href":"https:\/\/www.greenpeace.org\/belgium\/fr\/wp-json\/wp\/v2\/posts"}],"about":[{"href":"https:\/\/www.greenpeace.org\/belgium\/fr\/wp-json\/wp\/v2\/types\/post"}],"author":[{"embeddable":true,"href":"https:\/\/www.greenpeace.org\/belgium\/fr\/wp-json\/wp\/v2\/users\/105"}],"replies":[{"embeddable":true,"href":"https:\/\/www.greenpeace.org\/belgium\/fr\/wp-json\/wp\/v2\/comments?post=52130"}],"version-history":[{"count":13,"href":"https:\/\/www.greenpeace.org\/belgium\/fr\/wp-json\/wp\/v2\/posts\/52130\/revisions"}],"predecessor-version":[{"id":55552,"href":"https:\/\/www.greenpeace.org\/belgium\/fr\/wp-json\/wp\/v2\/posts\/52130\/revisions\/55552"}],"wp:featuredmedia":[{"embeddable":true,"href":"https:\/\/www.greenpeace.org\/belgium\/fr\/wp-json\/wp\/v2\/media\/55544"}],"wp:attachment":[{"href":"https:\/\/www.greenpeace.org\/belgium\/fr\/wp-json\/wp\/v2\/media?parent=52130"}],"wp:term":[{"taxonomy":"category","embeddable":true,"href":"https:\/\/www.greenpeace.org\/belgium\/fr\/wp-json\/wp\/v2\/categories?post=52130"},{"taxonomy":"post_tag","embeddable":true,"href":"https:\/\/www.greenpeace.org\/belgium\/fr\/wp-json\/wp\/v2\/tags?post=52130"},{"taxonomy":"p4-page-type","embeddable":true,"href":"https:\/\/www.greenpeace.org\/belgium\/fr\/wp-json\/wp\/v2\/p4-page-type?post=52130"}],"curies":[{"name":"wp","href":"https:\/\/api.w.org\/{rel}","templated":true}]}}