{"id":52140,"date":"2023-04-03T08:55:02","date_gmt":"2023-04-03T07:55:02","guid":{"rendered":"https:\/\/www.greenpeace.org\/belgium\/?p=52140"},"modified":"2023-04-03T08:55:05","modified_gmt":"2023-04-03T07:55:05","slug":"pollution-de-lair-en-wallonie-la-cour-dappel-de-liege-rend-un-arret-intermediaire","status":"publish","type":"post","link":"https:\/\/www.greenpeace.org\/belgium\/fr\/communique-de-presse\/52140\/pollution-de-lair-en-wallonie-la-cour-dappel-de-liege-rend-un-arret-intermediaire\/","title":{"rendered":"<strong>Pollution de l\u2019air en Wallonie : la cour d\u2019appel de Li\u00e8ge rend un arr\u00eat interm\u00e9diaire<\/strong>"},"content":{"rendered":"\n<p><strong>Une nouvelle \u00e9tape a \u00e9t\u00e9 franchie dans le proc\u00e8s qui oppose Greenpeace \u00e0 la R\u00e9gion wallonne en mati\u00e8re de pollution de l\u2019air. Dans <\/strong><a href=\"https:\/\/www.greenpeace.org\/static\/planet4-belgium-stateless\/2023\/03\/13655f79-copie_arret_2021rf6_id64102-106220122.pdf\" target=\"_blank\" rel=\"noreferrer noopener\"><strong>un arr\u00eat interm\u00e9diaire<\/strong><\/a><strong>, la cour d\u2019appel de Li\u00e8ge s\u2019est montr\u00e9e sensible \u00e0 l&rsquo;argumentation de Greenpeace.&nbsp; Elle demande \u00e0 la R\u00e9gion wallonne des r\u00e9ponses d\u00e9taill\u00e9es sur les donn\u00e9es officielles relatives \u00e0 la pollution de l&rsquo;air et l&#8217;emplacement des stations de mesure.<\/strong><\/p>\n\n<p>En 2017, Greenpeace a envoy\u00e9 une mise en demeure \u00e0 la R\u00e9gion wallonne, qui a d\u00e9bouch\u00e9 sur un proc\u00e8s, toujours en cours \u00e0 ce jour. L\u2019ONG reproche \u00e0 la R\u00e9gion de ne pas mesurer de fa\u00e7on repr\u00e9sentative la pollution de l\u2019air (NO\u2082), notamment en ville, puisqu\u2019elle ne dispose pas de stations de mesure fixes situ\u00e9es dans des zones \u00e0 fort trafic. En janvier 2021, <a href=\"https:\/\/www.greenpeace.org\/belgium\/fr\/communique-de-presse\/19845\/greenpeace-va-en-appel-pour-defendre-le-droit-des-wallons-a-respirer-un-air-sain-2\/\" target=\"_blank\" rel=\"noreferrer noopener\">la justice avait r\u00e9fut\u00e9 l\u2019argumentation de Greenpeace<\/a> et estimait que la R\u00e9gion remplissait ses obligations europ\u00e9ennes. Greenpeace avait alors d\u00e9cid\u00e9 <a href=\"https:\/\/www.greenpeace.org\/belgium\/fr\/communique-de-presse\/21673\/pollution-de-lair-greenpeace-va-en-appel-contre-la-region-wallonne\/\" target=\"_blank\" rel=\"noreferrer noopener\">de faire appel de cette d\u00e9cision<\/a>.&nbsp;<\/p>\n\n<p>La cour d\u2019appel de Li\u00e8ge vient de rendre un arr\u00eat interm\u00e9diaire qui relance la proc\u00e9dure. Dans cet arr\u00eat, la cour r\u00e9fute l\u2019argumentation de la R\u00e9gion et stipule que la R\u00e9gion wallonne devra donner des r\u00e9ponses d\u00e9taill\u00e9es sur l\u2019emplacement de ses stations et se justifier quant au respect des r\u00e8gles europ\u00e9ennes en mati\u00e8re de cartographie de la qualit\u00e9 de l\u2019air.<\/p>\n\n<p>\u201c<em>Nous restons prudents, car il s\u2019agit d\u2019une \u00e9tape seulement\u201d<\/em> explique Joeri Thijs, porte-parole chez Greenpeace Belgique.<em> \u201cMais cet arr\u00eat nous permet d\u2019esp\u00e9rer que la sant\u00e9 des citoyennes et citoyens wallons sera enfin prise en compte. Nous avons d\u00e9j\u00e0 d\u00e9montr\u00e9 \u00e0 de nombreuses reprises que les mesures officielles de la r\u00e9gion wallonne ne collent pas avec la r\u00e9alit\u00e9. Dans des <\/em><a href=\"https:\/\/www.greenpeace.org\/belgium\/fr\/communique-de-presse\/20754\/qualite-de-lair-de-nouvelles-cartes-montrent-que-les-villes-wallonnes-suffoquent\/\" target=\"_blank\" rel=\"noreferrer noopener\"><em>grandes villes wallonnes<\/em><\/a><em>, mais aussi en Flandre et \u00e0 Bruxelles, des valeurs limites de pollution ne sont pas respect\u00e9es, mettant directement en danger la sant\u00e9 des habitant\u00b7es\u201d.<\/em><\/p>\n\n<p>Pour rappel, il y a un peu plus d\u2019un an, dans une proc\u00e9dure et un contexte similaire, Greenpeace <a href=\"https:\/\/www.greenpeace.org\/belgium\/fr\/communique-de-presse\/25692\/greenpeace-gagne-son-proces-contre-le-gouvernement-flamand-et-cree-le-fonds-pour-un-air-sain\/\" target=\"_blank\" rel=\"noreferrer noopener\">a obtenu justice face \u00e0 la R\u00e9gion flamande<\/a>.&nbsp;&nbsp;<\/p>\n\n<p><em>\u201cNous attendons de la R\u00e9gion wallonne qu\u2019elle renforce son r\u00e9seau de mesures pour cartographier et mod\u00e9liser correctement la pollution sur son territoire, en incluant dans ses analyses les nouveaux types de polluants et qu\u2019elle \u00e9tablisse un plan d\u2019action qui stipule comment am\u00e9liorer de mani\u00e8re ambitieuse la qualit\u00e9 de l\u2019air\u201d<\/em> poursuit Joeri Thijs.<\/p>\n\n<p>Canopea &#8211; ex. Inter-environnement Wallonie &#8211; n\u2019est pas impliqu\u00e9 dans la proc\u00e9dure juridique en cours mais soutient les demandes port\u00e9es \u00e0 la r\u00e9gion par Greenpeace. \u201c<em>Il s\u2019agit d\u2019un enjeu de sant\u00e9 publique majeur, qui doit \u00eatre trait\u00e9 comme tel par nos autorit\u00e9s, ce qui n\u2019est actuellement pas le cas\u201d <\/em>estime <em>S<\/em>ylvie Meekers, Directrice G\u00e9n\u00e9rale de Canopea<em>. \u201c<\/em><a href=\"https:\/\/apps.who.int\/iris\/bitstream\/handle\/10665\/345329\/9789240034228-eng.pdf\" target=\"_blank\" rel=\"noreferrer noopener\"><em>Les recommandations de l\u2019OMS<\/em><\/a><em> \u00e0 ce sujet sont de plus en plus s\u00e9v\u00e8res. Nos responsables politiques doivent s&rsquo;engager sur une am\u00e9lioration de la qualit\u00e9 de l\u2019air, et cela passe notamment par la r\u00e9vision des normes de qualit\u00e9 de l\u2019air mais aussi par des politiques publiques beaucoup plus ambitieuses en mati\u00e8re de mobilit\u00e9, d\u2019am\u00e9nagement du territoire et de gestion \u00e9nerg\u00e9tique [1].\u201d<\/em><\/p>\n\n<p><strong>Notes<\/strong><\/p>\n\n<p>[1] Pollution de l\u2019air ext\u00e9rieur. Mesures prioritaires pour une Wallonie plus saine. Policy paper Canopea, mars 2023. <a href=\"https:\/\/www.canopea.be\/wp-content\/uploads\/2023\/03\/Policy-paper_qualite-air_WEB.pdf\" target=\"_blank\" rel=\"noreferrer noopener\">https:\/\/www.canopea.be\/wp-content\/uploads\/2023\/03\/Policy-paper_qualite-air_WEB.pdf<\/a>&nbsp;<\/p>\n","protected":false},"excerpt":{"rendered":"<p>Une nouvelle \u00e9tape a \u00e9t\u00e9 franchie dans le proc\u00e8s qui oppose Greenpeace \u00e0 la R\u00e9gion wallonne en mati\u00e8re de pollution de l\u2019air. Dans un arr\u00eat interm\u00e9diaire, la cour d\u2019appel de Li\u00e8ge s\u2019est montr\u00e9e sensible \u00e0 l&rsquo;argumentation de Greenpeace.  Elle demande \u00e0 la R\u00e9gion wallonne des r\u00e9ponses d\u00e9taill\u00e9es sur les donn\u00e9es officielles relatives \u00e0 la pollution de l&rsquo;air et l&#8217;emplacement des stations de mesure.<\/p>\n","protected":false},"author":80,"featured_media":23965,"comment_status":"closed","ping_status":"closed","sticky":false,"template":"","format":"standard","meta":{"ep_exclude_from_search":false,"p4_og_title":"","p4_og_description":"","p4_og_image":"","p4_og_image_id":"","p4_seo_canonical_url":"","p4_campaign_name":"","p4_local_project":"","p4_basket_name":"","p4_department":"","footnotes":""},"categories":[151],"tags":[74,76],"p4-page-type":[117],"class_list":["post-52140","post","type-post","status-publish","format-standard","has-post-thumbnail","hentry","category-presse","tag-mobilite","tag-sante","p4-page-type-communique-de-presse"],"_links":{"self":[{"href":"https:\/\/www.greenpeace.org\/belgium\/fr\/wp-json\/wp\/v2\/posts\/52140","targetHints":{"allow":["GET"]}}],"collection":[{"href":"https:\/\/www.greenpeace.org\/belgium\/fr\/wp-json\/wp\/v2\/posts"}],"about":[{"href":"https:\/\/www.greenpeace.org\/belgium\/fr\/wp-json\/wp\/v2\/types\/post"}],"author":[{"embeddable":true,"href":"https:\/\/www.greenpeace.org\/belgium\/fr\/wp-json\/wp\/v2\/users\/80"}],"replies":[{"embeddable":true,"href":"https:\/\/www.greenpeace.org\/belgium\/fr\/wp-json\/wp\/v2\/comments?post=52140"}],"version-history":[{"count":1,"href":"https:\/\/www.greenpeace.org\/belgium\/fr\/wp-json\/wp\/v2\/posts\/52140\/revisions"}],"predecessor-version":[{"id":52141,"href":"https:\/\/www.greenpeace.org\/belgium\/fr\/wp-json\/wp\/v2\/posts\/52140\/revisions\/52141"}],"wp:featuredmedia":[{"embeddable":true,"href":"https:\/\/www.greenpeace.org\/belgium\/fr\/wp-json\/wp\/v2\/media\/23965"}],"wp:attachment":[{"href":"https:\/\/www.greenpeace.org\/belgium\/fr\/wp-json\/wp\/v2\/media?parent=52140"}],"wp:term":[{"taxonomy":"category","embeddable":true,"href":"https:\/\/www.greenpeace.org\/belgium\/fr\/wp-json\/wp\/v2\/categories?post=52140"},{"taxonomy":"post_tag","embeddable":true,"href":"https:\/\/www.greenpeace.org\/belgium\/fr\/wp-json\/wp\/v2\/tags?post=52140"},{"taxonomy":"p4-page-type","embeddable":true,"href":"https:\/\/www.greenpeace.org\/belgium\/fr\/wp-json\/wp\/v2\/p4-page-type?post=52140"}],"curies":[{"name":"wp","href":"https:\/\/api.w.org\/{rel}","templated":true}]}}