{"id":52500,"date":"2023-04-29T08:10:04","date_gmt":"2023-04-29T07:10:04","guid":{"rendered":"https:\/\/www.greenpeace.org\/belgium\/?p=52500"},"modified":"2023-04-29T09:45:51","modified_gmt":"2023-04-29T08:45:51","slug":"action-greenpeace-occupe-actuellement-le-terminal-de-fluxys-a-zeebrugge","status":"publish","type":"post","link":"https:\/\/www.greenpeace.org\/belgium\/fr\/communique-de-presse\/52500\/action-greenpeace-occupe-actuellement-le-terminal-de-fluxys-a-zeebrugge\/","title":{"rendered":"<strong>ACTION : Greenpeace occupe actuellement le terminal de Fluxys \u00e0 Zeebrugge<\/strong>"},"content":{"rendered":"\n<p><strong><strong>Ce matin, 10 grimpeur\u00b7euses et 12 kayakistes de Greenpeace Belgique occupent le terminal gazier de Fluxys \u00e0 Zeebrugge. Greenpeace d\u00e9nonce, <\/strong><a href=\"https:\/\/www.greenpeace.org\/international\/who-profits-from-war\/\"><strong>rapport \u00e0 l\u2019appui<\/strong><\/a><strong>, le r\u00f4le de Fluxys, parmi les op\u00e9rateurs gaziers europ\u00e9ens, dans le r\u00e9cent d\u00e9veloppement spectaculaire des importations du GNL am\u00e9ricain en Europe, au d\u00e9triment de nos objectifs climatiques et des droits humains. [1] L\u2019organisation internationale demande l\u2019abandon de toute nouvelle infrastructure gazi\u00e8re et la planification d\u2019une sortie europ\u00e9enne du gaz d\u2019ici 2035.<\/strong><\/strong><\/p>\n\n<div class=\"wp-block-columns is-layout-flex wp-container-core-columns-is-layout-9d6595d7 wp-block-columns-is-layout-flex\">\n<div class=\"wp-block-column is-layout-flow wp-block-column-is-layout-flow\">\n<figure class=\"wp-block-image aligncenter size-large is-resized\"><img decoding=\"async\" src=\"https:\/\/www.greenpeace.org\/static\/planet4-belgium-stateless\/2023\/04\/b19f09be-image5-683x1024.jpeg\" alt=\"\" class=\"wp-image-52510\" width=\"400\" srcset=\"https:\/\/www.greenpeace.org\/static\/planet4-belgium-stateless\/2023\/04\/b19f09be-image5-683x1024.jpeg 683w, https:\/\/www.greenpeace.org\/static\/planet4-belgium-stateless\/2023\/04\/b19f09be-image5-200x300.jpeg 200w, https:\/\/www.greenpeace.org\/static\/planet4-belgium-stateless\/2023\/04\/b19f09be-image5-768x1152.jpeg 768w, https:\/\/www.greenpeace.org\/static\/planet4-belgium-stateless\/2023\/04\/b19f09be-image5-1024x1536.jpeg 1024w, https:\/\/www.greenpeace.org\/static\/planet4-belgium-stateless\/2023\/04\/b19f09be-image5-911x1366.jpeg 911w, https:\/\/www.greenpeace.org\/static\/planet4-belgium-stateless\/2023\/04\/b19f09be-image5-227x340.jpeg 227w, https:\/\/www.greenpeace.org\/static\/planet4-belgium-stateless\/2023\/04\/b19f09be-image5-rotated.jpeg 1312w\" sizes=\"(max-width: 683px) 100vw, 683px\" \/><figcaption class=\"wp-element-caption\"><strong>Les photos et vid\u00e9os de l\u2019action seront \u00e0 retrouver <\/strong><a href=\"https:\/\/media.greenpeace.org\/collection\/27MZIFJL645SF\"><strong>ici<\/strong><\/a><strong>.<\/strong><\/figcaption><\/figure>\n<\/div>\n<\/div>\n\n<p>Ce matin, 5 zodiacs de Greenpeace sont entr\u00e9s sur le site de Fluxys \u00e0 Zeebrugge. Les grimpeur\u00b7euses sont ensuite mont\u00e9\u00b7es sur les quais destin\u00e9s \u00e0 charger, d\u00e9charger et transborder les immenses navires transportant du GNL (gaz naturel liqu\u00e9fi\u00e9). Les activistes ont d\u00e9ploy\u00e9 une grande banni\u00e8re (4mx5m) avec le message \u201c<em>Gas kills, Fluxys guilty<\/em>\u201d (\u2018Le gaz tue, Fluxys coupable\u2019). Des kayaks occupent \u00e9galement le terminal.&nbsp;<\/p>\n\n<p><em>\u201cNous sommes ici aujourd\u2019hui pour exiger de Fluxys et de nos autorit\u00e9s qu\u2019ils abandonnent les nouveaux projets gaziers et qu\u2019ils sortent d\u00e9finitivement du gaz d\u2019ici \u00e0 2035\u201d<\/em>, d\u00e9clare Mathieu Soete, expert \u00e9nergie chez Greenpeace Belgique. <em>\u201cLes industries gazi\u00e8res am\u00e9ricaine et europ\u00e9enne ont r\u00e9ussi \u00e0 pr\u00e9senter les importations de GNL comme la r\u00e9ponse principale \u00e0 l\u2019arr\u00eat des gazoducs russes. Sous la pression d\u2019entreprises comme Fluxys, de nombreux projets et terminaux gaziers sont en train de voir le jour ici et de l\u2019autre c\u00f4t\u00e9 de l\u2019Atlantique. Cela menace des communaut\u00e9s enti\u00e8res et a des cons\u00e9quences environnementales et climatiques d\u00e9sastreuses.\u201d<\/em><\/p>\n\n<p>Comme le d\u00e9montre le rapport de Greenpeace International \u201c<a href=\"https:\/\/www.greenpeace.org\/international\/who-profits-from-war\/\">Who Profits From War<\/a>\u201d, en 2022, les importations europ\u00e9ennes de GNL am\u00e9ricain ont augment\u00e9 de 140 %. De plus, les \u00c9tats-Unis et l&rsquo;Union europ\u00e9enne pr\u00e9voient de doubler leur capacit\u00e9 d&rsquo;exportation et d&rsquo;importation de GNL. A l\u2019heure actuelle, 8 terminaux de GNL sont en cours de construction dans l&rsquo;UE et des projets visant \u00e0 en construire 38 autres sont sur la table. Si tous ces terminaux voient le jour, ils seraient responsables de l\u2019\u00e9mission de 950 millions de tonnes d&rsquo;\u00e9quivalent CO<sub>2<\/sub> par an, ce qui \u00e9quivaut \u00e0 pr\u00e8s d&rsquo;un tiers des \u00e9missions de l&rsquo;Union Europ\u00e9enne en 2019.&nbsp;<\/p>\n\n<p>\u201c<em>Nos autorit\u00e9s doivent refuser au lobby gazier d\u2019influencer notre politique \u00e9nerg\u00e9tique\u201d<\/em>,<em> <\/em>conclut Mathieu Soete<em>. \u201cNous ne pouvons pas aujourd\u2019hui nous enfermer dans une logique de d\u00e9pendance au gaz, ni russe ni am\u00e9ricain. Nos responsables politiques doivent tout mettre en \u0153uvre pour une transition \u00e9nerg\u00e9tique qui soit juste et bas\u00e9e sur la gestion de la demande et les \u00e9nergies renouvelables.\u201d<\/em><\/p>\n\n<p><strong>Notes<\/strong><\/p>\n\n<p>[1] Greenpeace International, <a href=\"https:\/\/www.greenpeace.org\/international\/who-profits-from-war\/\">\u201cWho Profits From War. How gas corporations capitalise on war in Ukraine<\/a>\u201d &#8211; <a href=\"https:\/\/www.greenpeace.org\/static\/planet4-belgium-stateless\/2023\/04\/e6708491-us-lng-imports-execute-summary-fr.pdf\">Executive Summary en fran\u00e7ais<\/a>.<strong>&nbsp;<\/strong><\/p>\n","protected":false},"excerpt":{"rendered":"<p>Ce matin, 10 grimpeur\u00b7euses et 12 kayakistes de Greenpeace Belgique occupent le terminal gazier de Fluxys \u00e0 Zeebrugge. Greenpeace d\u00e9nonce, rapport \u00e0 l\u2019appui, le r\u00f4le de Fluxys, parmi les op\u00e9rateurs gaziers europ\u00e9ens, dans le r\u00e9cent d\u00e9veloppement spectaculaire des importations du GNL am\u00e9ricain en Europe, au d\u00e9triment de nos objectifs climatiques et des droits humains. <\/p>\n","protected":false},"author":105,"featured_media":52507,"comment_status":"closed","ping_status":"closed","sticky":false,"template":"","format":"standard","meta":{"ep_exclude_from_search":false,"p4_og_title":"ACTION : Greenpeace occupe actuellement le terminal de Fluxys \u00e0 Zeebrugge","p4_og_description":"Ce matin, 10 grimpeur\u00b7euses et 12 kayakistes de Greenpeace Belgique occupent le terminal gazier de Fluxys \u00e0 Zeebrugge. Greenpeace d\u00e9nonce, rapport \u00e0 l\u2019appui, le r\u00f4le de Fluxys, parmi les op\u00e9rateurs gaziers europ\u00e9ens, dans le r\u00e9cent d\u00e9veloppement spectaculaire des importations du GNL am\u00e9ricain en Europe, au d\u00e9triment de nos objectifs climatiques et des droits humains. [1] L\u2019organisation internationale demande l\u2019abandon de toute nouvelle infrastructure gazi\u00e8re et la planification d\u2019une sortie europ\u00e9enne du gaz d\u2019ici 2035.\n","p4_og_image":"","p4_og_image_id":"","p4_seo_canonical_url":"","p4_campaign_name":"not set","p4_local_project":"not set","p4_basket_name":"not set","p4_department":"","footnotes":""},"categories":[151],"tags":[70],"p4-page-type":[117],"class_list":["post-52500","post","type-post","status-publish","format-standard","has-post-thumbnail","hentry","category-presse","tag-energie","p4-page-type-communique-de-presse"],"_links":{"self":[{"href":"https:\/\/www.greenpeace.org\/belgium\/fr\/wp-json\/wp\/v2\/posts\/52500","targetHints":{"allow":["GET"]}}],"collection":[{"href":"https:\/\/www.greenpeace.org\/belgium\/fr\/wp-json\/wp\/v2\/posts"}],"about":[{"href":"https:\/\/www.greenpeace.org\/belgium\/fr\/wp-json\/wp\/v2\/types\/post"}],"author":[{"embeddable":true,"href":"https:\/\/www.greenpeace.org\/belgium\/fr\/wp-json\/wp\/v2\/users\/105"}],"replies":[{"embeddable":true,"href":"https:\/\/www.greenpeace.org\/belgium\/fr\/wp-json\/wp\/v2\/comments?post=52500"}],"version-history":[{"count":7,"href":"https:\/\/www.greenpeace.org\/belgium\/fr\/wp-json\/wp\/v2\/posts\/52500\/revisions"}],"predecessor-version":[{"id":52516,"href":"https:\/\/www.greenpeace.org\/belgium\/fr\/wp-json\/wp\/v2\/posts\/52500\/revisions\/52516"}],"wp:featuredmedia":[{"embeddable":true,"href":"https:\/\/www.greenpeace.org\/belgium\/fr\/wp-json\/wp\/v2\/media\/52507"}],"wp:attachment":[{"href":"https:\/\/www.greenpeace.org\/belgium\/fr\/wp-json\/wp\/v2\/media?parent=52500"}],"wp:term":[{"taxonomy":"category","embeddable":true,"href":"https:\/\/www.greenpeace.org\/belgium\/fr\/wp-json\/wp\/v2\/categories?post=52500"},{"taxonomy":"post_tag","embeddable":true,"href":"https:\/\/www.greenpeace.org\/belgium\/fr\/wp-json\/wp\/v2\/tags?post=52500"},{"taxonomy":"p4-page-type","embeddable":true,"href":"https:\/\/www.greenpeace.org\/belgium\/fr\/wp-json\/wp\/v2\/p4-page-type?post=52500"}],"curies":[{"name":"wp","href":"https:\/\/api.w.org\/{rel}","templated":true}]}}