{"id":52581,"date":"2023-05-09T14:08:26","date_gmt":"2023-05-09T13:08:26","guid":{"rendered":"https:\/\/www.greenpeace.org\/belgium\/?p=52581"},"modified":"2025-07-02T08:21:57","modified_gmt":"2025-07-02T07:21:57","slug":"un-citoyen-qui-derange-traine-en-justice-par-une-entreprise","status":"publish","type":"post","link":"https:\/\/www.greenpeace.org\/belgium\/fr\/actualites-blog\/52581\/un-citoyen-qui-derange-traine-en-justice-par-une-entreprise\/","title":{"rendered":"Un citoyen qui d\u00e9range tra\u00een\u00e9 en justice par une entreprise"},"content":{"rendered":"\n<p><strong><strong>Dans un petit village de Flandre occidentale, une entreprise sort l\u2019artillerie lourde pour r\u00e9duire un habitant qui d\u00e9range au silence. L\u2019histoire de Rigobert et sa famille est hallucinante et constitue un exemple local de ce que l\u2019on appelle une proc\u00e9dure-b\u00e2illon : une action en justice visant \u00e0 intimider et faire taire une partie critique. Greenpeace soutient ce citoyen dans son combat local mais symptomatique d\u2019un ph\u00e9nom\u00e8ne en augmentation.&nbsp;<\/strong><\/strong><\/p>\n\n<figure class=\"wp-block-image size-large\"><img loading=\"lazy\" decoding=\"async\" width=\"1024\" height=\"690\" src=\"https:\/\/www.greenpeace.org\/static\/planet4-belgium-stateless\/2023\/05\/ae3275db-rigo-1024x690.jpg\" alt=\"\" class=\"wp-image-52690\" srcset=\"https:\/\/www.greenpeace.org\/static\/planet4-belgium-stateless\/2023\/05\/ae3275db-rigo-1024x690.jpg 1024w, https:\/\/www.greenpeace.org\/static\/planet4-belgium-stateless\/2023\/05\/ae3275db-rigo-300x202.jpg 300w, https:\/\/www.greenpeace.org\/static\/planet4-belgium-stateless\/2023\/05\/ae3275db-rigo-768x517.jpg 768w, https:\/\/www.greenpeace.org\/static\/planet4-belgium-stateless\/2023\/05\/ae3275db-rigo-1536x1034.jpg 1536w, https:\/\/www.greenpeace.org\/static\/planet4-belgium-stateless\/2023\/05\/ae3275db-rigo-2048x1379.jpg 2048w, https:\/\/www.greenpeace.org\/static\/planet4-belgium-stateless\/2023\/05\/ae3275db-rigo-2028x1366.jpg 2028w, https:\/\/www.greenpeace.org\/static\/planet4-belgium-stateless\/2023\/05\/ae3275db-rigo-505x340.jpg 505w\" sizes=\"auto, (max-width: 1024px) 100vw, 1024px\" \/><figcaption class=\"wp-element-caption\">Rigobert, habitant de Pollinkhove et victime d&rsquo;une proc\u00e9dure-b\u00e2illon.<\/figcaption><\/figure>\n\n<p>\u00c0 Pollinkhove, petit village de la commune de Lo-Reninge en Flandre occidentale, Rigobert et sa fille Emmi ainsi que d\u2019autres habitant\u00b7es d\u00e9noncent depuis des ann\u00e9es les nuisances d\u2019une entreprise d\u2019aliments pour b\u00e9tail install\u00e9e dans leur village. C\u2019est ainsi qu\u2019en 2020, ils\u00b7elles se sont oppos\u00e9\u00b7es avec succ\u00e8s \u00e0 un projet d\u2019expansion de cette entreprise. Comme c\u2019est si souvent le cas dans les r\u00e9gions rurales de Flandre, l\u2019obsession du syst\u00e8me agricole actuel pour toujours plus de productivit\u00e9 et toujours plus de croissance entre en conflit avec le cadre de vie des riverain\u00b7es.<\/p>\n\n<p>L\u2019entreprise en question est en activit\u00e9 six jours sur sept et est qualifi\u00e9e de \u00ab sensible \u00bb dans une analyse de risque datant de 2011 parce qu\u2019elle est situ\u00e9e entre des habitations et l\u2019\u00e9cole primaire du village. Cela fait des ann\u00e9es que les questions des habitant\u00b7es concernant les nuisances olfactives, le <a href=\"https:\/\/www.youtube.com\/watch?v=T-uQcyHxTXQ\" target=\"_blank\" rel=\"noreferrer noopener\">risque d\u2019explosion de poussi\u00e8res<\/a>, les \u00e9missions de particules fines et le trafic routier des poids lourds \u00e0 destination et en provenance de l\u2019entreprise sont ignor\u00e9es. Parents et enfants ne peuvent m\u00eame plus se rendre \u00e0 l\u2019\u00e9cole en empruntant le chemin d\u2019acc\u00e8s classique, rendu trop dangereux par la pr\u00e9sence de transports lourds. Ils doivent d\u00e9sormais faire un long d\u00e9tour pour assurer leur s\u00e9curit\u00e9.<\/p>\n\n<p>Avec d\u2019autres citoyen\u00b7nes, Rigobert et Emmi d\u00e9noncent depuis des ann\u00e9es l\u2019impact de l\u2019entreprise sur la qualit\u00e9 de vie au village. <em>\u00ab Nous ne trouvons pas logique que cette entreprise soit autoris\u00e9e \u00e0 se d\u00e9velopper en zone r\u00e9sidentielle. Nous avons l\u2019impression qu\u2019aussi bien l\u2019entreprise, que les responsables politiques locaux se moquent bien de nos pr\u00e9occupations \u00bb<\/em>, explique Rigobert. En prenant des photos, Rigobert a document\u00e9 le trafic de poids lourds \u00e0 destination et en provenance de l\u2019entreprise, surtout aux heures de pointe et aux heures d\u2019entr\u00e9e et sortie scolaire. Qui plus est, l\u2019infrastructure routi\u00e8re du village n\u2019est pas adapt\u00e9e aux poids lourds.&nbsp;<\/p>\n\n<h2 class=\"wp-block-heading\">Un huissier \u00e0 la porte<\/h2>\n\n<p>En d\u00e9but d\u2019ann\u00e9e, Rigobert re\u00e7oit la visite d\u2019un huissier avec une citation \u00e0 compara\u00eetre devant le tribunal. <em>\u00ab L\u2019entreprise m\u2019accuse maintenant de harc\u00e8lement. C\u2019est compl\u00e8tement dingue ! Nous avons inform\u00e9 les \u00e9lus locaux et la police locale des nuisances et ils nous ont envoy\u00e9 promener. J\u2019ai donc pris des photos pour documenter l\u2019impact de l\u2019entreprise. Je ne photographiais m\u00eame pas les personnes qui m\u2019accusent aujourd\u2019hui. Je crains qu\u2019il y ait un peu de copinage l\u00e0-dessous, puisque les propri\u00e9taires de l\u2019entreprise sont bien connus dans notre village \u00bb<\/em>, conclut Rigobert.<\/p>\n\n<p>Bart Vanwildemeersch travaille pour la f\u00e9d\u00e9ration environnementale de Flandre occidentale. C\u2019est lui qui a demand\u00e9 le soutien de Greenpeace. Il explique : <em>\u00ab Comme notre r\u00e9gion a des liens \u00e9troits avec le secteur agricole et en d\u00e9pend, la politique qui y est men\u00e9e est r\u00e9guli\u00e8rement moins critique. Comme par exemple en ce qui concerne les permis d\u2019extension. Les citoyen\u00b7nes qui critiquent ces pratiques peuvent subir la pression d\u2019une association locale dont font partie des employ\u00e9\u00b7es de ces entreprises, ou m\u00eame la pression d\u2019une \u00e9cole puisque les \u00e9coles b\u00e9n\u00e9ficient aussi \u00e0 l\u2019occasion d\u2019un peu de sponsoring de cette entreprise. Il n\u2019est donc pas facile de faire contrepoids en tant que citoyen\u00b7ne, \u00e0 cause de l\u2019\u00e9norme pression subie ici, qui peut m\u00eame aller jusqu\u2019\u00e0 l\u2019exclusion sociale. \u00bb<\/em><\/p>\n\n<p>Le professeur \u00e9m\u00e9rite de l\u2019Universit\u00e9 de Gand Dirk Voorhoof<a href=\"https:\/\/www.vrt.be\/vrtnws\/nl\/2022\/04\/28\/professor-dirk-voorhoof-van-gentse-universiteit-over\/\" target=\"_blank\" rel=\"noreferrer noopener\"> s\u2019inqui\u00e8te lui aussi<\/a> de l\u2019augmentation du nombre de \u00ab <a href=\"https:\/\/fr.wikipedia.org\/wiki\/Proc%C3%A9dure-b%C3%A2illon\" target=\"_blank\" rel=\"noreferrer noopener\">proc\u00e9dures-b\u00e2illons<\/a> \u00bb engag\u00e9es par des entreprises qui menacent de r\u00e9clamer des dommages et int\u00e9r\u00eats ou qui portent plainte contre des personnes d\u00e9rangeantes qui s\u2019expriment de mani\u00e8re critique.&nbsp;<\/p>\n\n<section class=\"block accordion-block wp-block-planet4-blocks-accordion\"><div class=\"accordion-content\"><div class=\"accordion-headline\" name=\"Proc\u00e9dure-b\u00e2illon ou SLAPP\">Proc\u00e9dure-b\u00e2illon ou SLAPP<\/div><div class=\"panel panel-hidden\"><p class=\"accordion-text\">L\u2019acronyme SLAPP, parfois utilis\u00e9 pour d\u00e9signer une proc\u00e9dure-b\u00e2illon, signifie <em>\u00ab Strategic Lawsuit Against Public Participation \u00bb<\/em>, ou \u00ab poursuite strat\u00e9gique contre la participation publique \u00bb.<\/p><\/div><\/div><\/section>\n\n<figure class=\"wp-block-embed is-type-rich is-provider-twitter wp-block-embed-twitter\"><div class=\"wp-block-embed__wrapper\">\n<blockquote class=\"twitter-tweet\" data-width=\"500\" data-dnt=\"true\"><p lang=\"en\" dir=\"ltr\">Suing to keep us quiet!?! Not on our watch\ud83d\udcaa. Help us expose corporate bullying and <a href=\"https:\/\/twitter.com\/hashtag\/StopSLAPPs?src=hash&amp;ref_src=twsrc%5Etfw\">#StopSLAPPs<\/a>\ud83d\uded1 Share this video! <a href=\"https:\/\/t.co\/kFGAoKcwbT\">pic.twitter.com\/kFGAoKcwbT<\/a><\/p>&mdash; Greenpeace USA (@greenpeaceusa) <a href=\"https:\/\/twitter.com\/greenpeaceusa\/status\/1647978380908974081?ref_src=twsrc%5Etfw\">April 17, 2023<\/a><\/blockquote><script async src=\"https:\/\/platform.twitter.com\/widgets.js\" charset=\"utf-8\"><\/script>\n<\/div><\/figure>\n\n<p><em>\u00ab Dans une d\u00e9mocratie qui cherche \u00e0 instaurer une soci\u00e9t\u00e9 durable, il est crucial que les citoyen\u00b7nes puissent participer activement au d\u00e9bat public. Outre les journalistes, les acteur\u00b7rices de la soci\u00e9t\u00e9 civile et les citoyen\u00b7nes doivent aussi pouvoir signaler librement des probl\u00e8mes tels que les conflits d\u2019int\u00e9r\u00eats, la corruption, la fraude, les scandales environnementaux, les abus de pouvoir ou les pratiques r\u00e9pr\u00e9hensibles. Il est donc<\/em><a href=\"https:\/\/www.jubel.be\/slapps-tergende-roekeloze-of-intimiderende-rechtsprocedures-tegen-media-journalisten-en-andere-publieke-waakhonden\/\" target=\"_blank\" rel=\"noreferrer noopener\"><em> important de prot\u00e9ger ces personnes et ces associations contre les proc\u00e9dures judiciaires abusives et infond\u00e9es<\/em><\/a><em> qui visent \u00e0 \u00e9touffer toute critique \u00bb,<\/em> indique le professeur Voorhoof.<\/p>\n\n<p>Greenpeace estime \u00e9galement que le<a rel=\"noreferrer noopener\" href=\"https:\/\/www.greenpeace.org\/belgium\/nl\/persbericht\/22220\/vlaanderen-snoert-betrokken-burgers-de-mond-milieubeweging-trekt-naar-het-grondwettelijk-hof\/\" target=\"_blank\"> droit des citoyen\u00b7nes \u00e0 protester<\/a> est d\u2019une importance capitale. Nous avons donc d\u00e9cid\u00e9 de soutenir la cause de Rigobert et Emmi pour envoyer un signal clair. En plein d\u00e9r\u00e8glement climatique et crise de la biodiversit\u00e9, il est tr\u00e8s important qu\u2019aux c\u00f4t\u00e9s des organisations environnementales reconnues, des citoyen\u00b7nes inform\u00e9\u00b7es et engag\u00e9\u00b7es retroussent aussi leurs manches pour prot\u00e9ger l\u2019environnement et notre nature. Faire entendre sa voix ne devrait pas mener \u00e0 de telles pratiques d&rsquo;intimidation.<\/p>\n\n<div class=\"wp-block-buttons is-layout-flex wp-block-buttons-is-layout-flex\"><\/div>\n\n<span class=\"shareSocialArea\">\n<a class=\"shareFacebook\" href=\"https:\/\/www.facebook.com\/sharer\/sharer.php?u=https%3A%2F%2Fwww.greenpeace.org%2Fbelgium%2Ffr%2Fblog%2F52581%2Fun-citoyen-qui-derange-traine-en-justice-par-une-entreprise%2F%3Futm_medium%3Dshare%26utm_content%3Dpostid-52581%26utm_source%3Dfacebook\" target=\"_blank\" rel=\"noopener noreferrer\">Je partage sur Facebook<\/a>\n<a class=\"shareTwitter\" href=\"https:\/\/twitter.com\/intent\/tweet?related=greenpeace_be&#038;text=Un%20citoyen%20qui%20d%C3%A9range%20tra%C3%AEn%C3%A9%20en%20justice%20par%20une%20entreprise%20-%20Dans%20un%20petit%20village%20de%20Flandre%20occidentale%2C%20une%20entreprise%20sort%20l%E2%80%99artillerie%20lourde%20pour%20r%C3%A9duire%20un%20habitant%20qui%20d%C3%A9range%20au%20silence.%20L%E2%80%99histoire%20de%20Rigobert%20et%20sa%20famille%20est%20hallucinante%20et%20constitue%20un%20exemple%20local%20de%20ce%20que%20l%E2%80%99on%20appelle%20une%20proc%C3%A9dure-b%C3%A2illon.,%20via%20@greenpeace_be&#038;url=https%3A%2F%2Fwww.greenpeace.org%2Fbelgium%2Ffr%2Fblog%2F52581%2Fun-citoyen-qui-derange-traine-en-justice-par-une-entreprise%2F%3Futm_medium%3Dshare%26utm_content%3Dpostid-52581%26utm_source%3Dtwitter\" target=\"_blank\" rel=\"noopener noreferrer\">Je partage sur Twitter<\/a>\n<a class=\"shareWhatsapp\" href=\"https:\/\/wa.me\/?text=https%3A%2F%2Fwww.greenpeace.org%2Fbelgium%2Ffr%2Fblog%2F52581%2Fun-citoyen-qui-derange-traine-en-justice-par-une-entreprise%2F%3Futm_medium%3Dshare%26utm_content%3Dpostid-52581%26utm_source%3Dwhatsapp\" target=\"_blank\" rel=\"noopener noreferrer\">Je partage sur Whatsapp<\/a>\n<\/span>\n","protected":false},"excerpt":{"rendered":"<p>Dans un petit village de Flandre occidentale, une entreprise sort l\u2019artillerie lourde pour r\u00e9duire un habitant qui d\u00e9range au silence. L\u2019histoire de Rigobert et sa famille est hallucinante et constitue un exemple local de ce que l\u2019on appelle une proc\u00e9dure-b\u00e2illon. Greenpeace soutient ce citoyen dans son combat.<\/p>\n","protected":false},"author":105,"featured_media":54290,"comment_status":"closed","ping_status":"closed","sticky":false,"template":"","format":"standard","meta":{"ep_exclude_from_search":false,"p4_og_title":"Un citoyen qui d\u00e9range tra\u00een\u00e9 en justice par une entreprise","p4_og_description":"Dans un petit village de Flandre occidentale, une entreprise sort l\u2019artillerie lourde pour r\u00e9duire un habitant qui d\u00e9range au silence. L\u2019histoire de Rigobert et sa famille est hallucinante et constitue un exemple local de ce que l\u2019on appelle une proc\u00e9dure-b\u00e2illon.","p4_og_image":"","p4_og_image_id":"","p4_seo_canonical_url":"","p4_campaign_name":"not set","p4_local_project":"not set","p4_basket_name":"not set","p4_department":"","footnotes":""},"categories":[150],"tags":[71,85],"p4-page-type":[116],"class_list":["post-52581","post","type-post","status-publish","format-standard","has-post-thumbnail","hentry","category-actualites","tag-alimentation","tag-agriculture","p4-page-type-actualites-blog"],"_links":{"self":[{"href":"https:\/\/www.greenpeace.org\/belgium\/fr\/wp-json\/wp\/v2\/posts\/52581","targetHints":{"allow":["GET"]}}],"collection":[{"href":"https:\/\/www.greenpeace.org\/belgium\/fr\/wp-json\/wp\/v2\/posts"}],"about":[{"href":"https:\/\/www.greenpeace.org\/belgium\/fr\/wp-json\/wp\/v2\/types\/post"}],"author":[{"embeddable":true,"href":"https:\/\/www.greenpeace.org\/belgium\/fr\/wp-json\/wp\/v2\/users\/105"}],"replies":[{"embeddable":true,"href":"https:\/\/www.greenpeace.org\/belgium\/fr\/wp-json\/wp\/v2\/comments?post=52581"}],"version-history":[{"count":12,"href":"https:\/\/www.greenpeace.org\/belgium\/fr\/wp-json\/wp\/v2\/posts\/52581\/revisions"}],"predecessor-version":[{"id":60395,"href":"https:\/\/www.greenpeace.org\/belgium\/fr\/wp-json\/wp\/v2\/posts\/52581\/revisions\/60395"}],"wp:featuredmedia":[{"embeddable":true,"href":"https:\/\/www.greenpeace.org\/belgium\/fr\/wp-json\/wp\/v2\/media\/54290"}],"wp:attachment":[{"href":"https:\/\/www.greenpeace.org\/belgium\/fr\/wp-json\/wp\/v2\/media?parent=52581"}],"wp:term":[{"taxonomy":"category","embeddable":true,"href":"https:\/\/www.greenpeace.org\/belgium\/fr\/wp-json\/wp\/v2\/categories?post=52581"},{"taxonomy":"post_tag","embeddable":true,"href":"https:\/\/www.greenpeace.org\/belgium\/fr\/wp-json\/wp\/v2\/tags?post=52581"},{"taxonomy":"p4-page-type","embeddable":true,"href":"https:\/\/www.greenpeace.org\/belgium\/fr\/wp-json\/wp\/v2\/p4-page-type?post=52581"}],"curies":[{"name":"wp","href":"https:\/\/api.w.org\/{rel}","templated":true}]}}