{"id":52826,"date":"2023-05-25T10:35:46","date_gmt":"2023-05-25T09:35:46","guid":{"rendered":"https:\/\/www.greenpeace.org\/belgium\/?p=52826"},"modified":"2023-10-10T09:43:56","modified_gmt":"2023-10-10T08:43:56","slug":"accord-eu-mercosur-le-conseil-arrose-symboliquement-de-pesticides-par-greenpeace","status":"publish","type":"post","link":"https:\/\/www.greenpeace.org\/belgium\/fr\/communique-de-presse\/52826\/accord-eu-mercosur-le-conseil-arrose-symboliquement-de-pesticides-par-greenpeace\/","title":{"rendered":"Accord EU-Mercosur : le conseil arros\u00e9 symboliquement de \u201cpesticides\u201d par Greenpeace"},"content":{"rendered":"\n<p><strong>Alors que les ministres du commerce de l\u2019Union Europ\u00e9enne discutent en ce moment de l\u2019accord EU-Mercosur, des activistes de Greenpeace Belgique ont escalad\u00e9 le si\u00e8ge du Conseil europ\u00e9en \u00e0 Bruxelles. \u2018Stop EU-Mercosur\u2019 pouvait-on lire sur la fa\u00e7ade du b\u00e2timent. Un camion agricole a pulv\u00e9ris\u00e9 des nuages d&rsquo;eau pour simuler l&rsquo;\u00e9pandage de pesticides, afin de protester contre l&rsquo;augmentation des exportations de pesticides toxiques, attendue si l\u2019accord entre l\u2019UE et le Mercosur est conclu.<\/strong><\/p>\n\n<figure class=\"wp-block-image size-large\"><img loading=\"lazy\" decoding=\"async\" width=\"1024\" height=\"683\" src=\"https:\/\/www.greenpeace.org\/static\/planet4-belgium-stateless\/2023\/05\/4956b799-gp0stwg3o-1024x683.jpg\" alt=\"\" class=\"wp-image-52827\" srcset=\"https:\/\/www.greenpeace.org\/static\/planet4-belgium-stateless\/2023\/05\/4956b799-gp0stwg3o-1024x683.jpg 1024w, https:\/\/www.greenpeace.org\/static\/planet4-belgium-stateless\/2023\/05\/4956b799-gp0stwg3o-300x200.jpg 300w, https:\/\/www.greenpeace.org\/static\/planet4-belgium-stateless\/2023\/05\/4956b799-gp0stwg3o-768x512.jpg 768w, https:\/\/www.greenpeace.org\/static\/planet4-belgium-stateless\/2023\/05\/4956b799-gp0stwg3o-510x340.jpg 510w, https:\/\/www.greenpeace.org\/static\/planet4-belgium-stateless\/2023\/05\/4956b799-gp0stwg3o.jpg 1200w\" sizes=\"auto, (max-width: 1024px) 100vw, 1024px\" \/><figcaption class=\"wp-element-caption\">\u00a9 Eric De Mildt &#8211; Greenpeace<\/figcaption><\/figure>\n\n<p class=\"has-text-align-center\">\u00a9 Eric De Mildt &#8211; Greenpeace<\/p>\n\n<p>Le projet d\u2019accord entre l&rsquo;UE et le Mercosur fait l\u2019objet de nombreuses critiques. Des gouvernements, parlements, agriculteurs\u00b7rices et membres de la soci\u00e9t\u00e9 civile des deux c\u00f4t\u00e9s de l&rsquo;Atlantique le consid\u00e8rent comme un d\u00e9sastre pour l&rsquo;agriculture locale, la nature, les droits humains et le climat. Pour Greenpeace, l&rsquo;abaissement des droits de douane et des contr\u00f4les sur des produits tels les pesticides en provenance d&rsquo;Europe et le b\u0153uf en provenance des pays d&rsquo;Am\u00e9rique du Sud constitue une menace directe pour la r\u00e9alisation des objectifs du \u00ab\u00a0Green Deal\u00a0\u00bb de l&rsquo;UE.<\/p>\n\n<p><em>\u00ab\u00a0Cet accord commercial est un d\u00e9sastre\u201d<\/em>, d\u00e9nonce Albane Aubry, charg\u00e9e de campagne agriculture chez Greenpeace Belgique<em>. \u201cIl affaiblira les agriculteurs\u00b7rices<\/em> <em>europ\u00e9en\u00b7nes avec l\u2019arriv\u00e9e sur nos march\u00e9s de b\u0153uf \u00e9lev\u00e9 dans un contexte de destruction de la nature. Et dans le m\u00eame temps, il permettra \u00e0 l\u2019industrie agrochimique europ\u00e9enne d\u2019inonder encore davantage l&rsquo;Am\u00e9rique du Sud avec des pesticides dont certains sont interdits dans l&rsquo;UE.\u201d<\/em><\/p>\n\n<p><strong>Commerce transatlantique de pesticides<\/strong><\/p>\n\n<p><a href=\"https:\/\/www.greenpeace.de\/publikationen\/Report.%20A%20Toxic%20Cocktail.%20EU-Mercosur%20Deal.pdf\" target=\"_blank\" rel=\"noreferrer noopener\">Une r\u00e9cente \u00e9tude de Greenpeace<\/a> a r\u00e9v\u00e9l\u00e9 la pr\u00e9sence de r\u00e9sidus de plusieurs pesticides interdits dans des citrons verts en provenance du Br\u00e9sil et vendus dans l&rsquo;Union europ\u00e9enne, dont la Belgique. L&rsquo;utilisation de ces pesticides produits dans l&rsquo;UE &#8211; parmi lesquels l&rsquo;herbicide glyphosate et les insecticides imidaclopride et cyperm\u00e9thrine &#8211; devrait <a href=\"https:\/\/ocaa.org.br\/en\/publicacao\/geography-of-asymmetrythe-vicious-cycle-of-pesticides-and-colonialism-in-the-commercial-relationship-between-mercosur-and-the-european-union\/\" target=\"_blank\" rel=\"noreferrer noopener\">augmenter<\/a> fortement en raison de l&rsquo;\u00e9limination des droits de douane sur les exportations de pesticides de l&rsquo;UE vers les pays du Mercosur.<\/p>\n\n<p><br><strong>La Belgique aussi concern\u00e9e<\/strong><br><\/p>\n\n<p>Ces 40 derni\u00e8res ann\u00e9es, la Belgique a perdu <a href=\"https:\/\/agriculture.wallonie.be\/documents\/20182\/43924\/Chiffres-cles-de-l-agriculture-2021--L-agriculture-belge-en-chiffres.pdf\/903f8b2d-954d-426f-b93d-3da5305f5e22\" target=\"_blank\" rel=\"noreferrer noopener\">68% de ses fermes<\/a>. Un accord de libre-\u00e9change comme l\u2019UE-Mercosur acc\u00e9l\u00e9rerait cette tendance tout en augmentant le pouvoir d\u00e9j\u00e0 excessif des g\u00e9ants de l\u2019industrie agroalimentaire<em>.<\/em><\/p>\n\n<p><em>\u201cIl ajoutera une pression suppl\u00e9mentaire sur nos agriculteur\u00b7rices, notamment sur celles et ceux qui ont fait le choix de l&rsquo;agro\u00e9cologie\u201d&nbsp; <\/em>poursuit Albane Aubry<em>. \u201cEn tant que pays membre de l\u2019UE, la Belgique a un r\u00f4le cl\u00e9 \u00e0 jouer. Les trois r\u00e9gions doivent se montrer unies dans le rejet ferme de cet accord. Plut\u00f4t que de renforcer un cercle vicieux, nos autorit\u00e9s doivent s\u2019attaquer aux<\/em><em> d\u00e9faillances de notre syst\u00e8me alimentaire actuel. Elles doivent<\/em><em> soutenir les secteurs bio et circuit court et supprimer l\u2019emprise et le monopole de l\u2019industrie agro-alimentaire sur notre syst\u00e8me agricole.\u201d<\/em><\/p>\n\n<p><strong>Prochaines \u00e9tapes<\/strong><\/p>\n\n<p>Un nouveau cycle de n\u00e9gociations entre l&rsquo;UE et les pays du Mercosur est pr\u00e9vu le 26 juin \u00e0 Buenos Aires, en Argentine. La Commission europ\u00e9enne pr\u00e9voit d&rsquo;annoncer la conclusion des n\u00e9gociations lors du sommet des chefs d&rsquo;\u00c9tat et de gouvernement UE-CELAC qui se tiendra les 17 et 18 juillet \u00e0 Bruxelles. Si tel est le cas, le processus de ratification pourrait d\u00e9buter au cours du second semestre 2023.<\/p>\n\n<p><strong>Contact :<\/strong>Service presse Greenpeace Belgique : 0496\/26.31.91 &#8211; <a href=\"mailto:bpress@greenpeace.org\" target=\"_blank\" rel=\"noreferrer noopener\">bpress@greenpeace.org<\/a><\/p>\n","protected":false},"excerpt":{"rendered":"<p>Alors que les ministres du commerce de l\u2019Union Europ\u00e9enne discutent en ce moment de l\u2019accord EU-Mercosur, des activistes de Greenpeace Belgique ont escalad\u00e9 le si\u00e8ge du Conseil europ\u00e9en \u00e0 Bruxelles. \u2018Stop EU-Mercosur\u2019 pouvait-on lire sur la fa\u00e7ade du b\u00e2timent. Un camion agricole a pulv\u00e9ris\u00e9 des nuages d&rsquo;eau pour simuler l&rsquo;\u00e9pandage de pesticides, afin de protester contre l&rsquo;augmentation des exportations de pesticides toxiques, attendue si l\u2019accord entre l\u2019UE et le Mercosur est conclu.<\/p>\n","protected":false},"author":80,"featured_media":52827,"comment_status":"closed","ping_status":"closed","sticky":false,"template":"","format":"standard","meta":{"ep_exclude_from_search":false,"p4_og_title":"","p4_og_description":"","p4_og_image":"","p4_og_image_id":"","p4_seo_canonical_url":"","p4_campaign_name":"","p4_local_project":"","p4_basket_name":"","p4_department":"","footnotes":""},"categories":[151],"tags":[71,85],"p4-page-type":[117],"class_list":["post-52826","post","type-post","status-publish","format-standard","has-post-thumbnail","hentry","category-presse","tag-alimentation","tag-agriculture","p4-page-type-communique-de-presse"],"_links":{"self":[{"href":"https:\/\/www.greenpeace.org\/belgium\/fr\/wp-json\/wp\/v2\/posts\/52826","targetHints":{"allow":["GET"]}}],"collection":[{"href":"https:\/\/www.greenpeace.org\/belgium\/fr\/wp-json\/wp\/v2\/posts"}],"about":[{"href":"https:\/\/www.greenpeace.org\/belgium\/fr\/wp-json\/wp\/v2\/types\/post"}],"author":[{"embeddable":true,"href":"https:\/\/www.greenpeace.org\/belgium\/fr\/wp-json\/wp\/v2\/users\/80"}],"replies":[{"embeddable":true,"href":"https:\/\/www.greenpeace.org\/belgium\/fr\/wp-json\/wp\/v2\/comments?post=52826"}],"version-history":[{"count":3,"href":"https:\/\/www.greenpeace.org\/belgium\/fr\/wp-json\/wp\/v2\/posts\/52826\/revisions"}],"predecessor-version":[{"id":54968,"href":"https:\/\/www.greenpeace.org\/belgium\/fr\/wp-json\/wp\/v2\/posts\/52826\/revisions\/54968"}],"wp:featuredmedia":[{"embeddable":true,"href":"https:\/\/www.greenpeace.org\/belgium\/fr\/wp-json\/wp\/v2\/media\/52827"}],"wp:attachment":[{"href":"https:\/\/www.greenpeace.org\/belgium\/fr\/wp-json\/wp\/v2\/media?parent=52826"}],"wp:term":[{"taxonomy":"category","embeddable":true,"href":"https:\/\/www.greenpeace.org\/belgium\/fr\/wp-json\/wp\/v2\/categories?post=52826"},{"taxonomy":"post_tag","embeddable":true,"href":"https:\/\/www.greenpeace.org\/belgium\/fr\/wp-json\/wp\/v2\/tags?post=52826"},{"taxonomy":"p4-page-type","embeddable":true,"href":"https:\/\/www.greenpeace.org\/belgium\/fr\/wp-json\/wp\/v2\/p4-page-type?post=52826"}],"curies":[{"name":"wp","href":"https:\/\/api.w.org\/{rel}","templated":true}]}}