{"id":52860,"date":"2023-06-02T10:00:34","date_gmt":"2023-06-02T09:00:34","guid":{"rendered":"https:\/\/www.greenpeace.org\/belgium\/?p=52860"},"modified":"2023-06-02T10:06:37","modified_gmt":"2023-06-02T09:06:37","slug":"action-de-greenpeace-au-conseil-des-ministres-la-nature-et-le-climat-nattendront-pas","status":"publish","type":"post","link":"https:\/\/www.greenpeace.org\/belgium\/fr\/communique-de-presse\/52860\/action-de-greenpeace-au-conseil-des-ministres-la-nature-et-le-climat-nattendront-pas\/","title":{"rendered":"Action de Greenpeace au Conseil des ministres \u201cLa nature et le climat n\u2019attendront pas\u201d"},"content":{"rendered":"\n<p><strong>Ce vendredi matin, Greenpeace a men\u00e9 une action lors du Conseil des ministres pour souligner le fait que la nature et le climat ne peuvent pas se permettre de pause. Les activistes ont peint le message \u00ab\u00a0fast forward for nature\u00a0\u00bb sur le sol devant le 16 rue de la Loi, soulignant ainsi que nous avons besoin d&rsquo;une nature r\u00e9siliente pour atteindre nos objectifs climatiques et enrayer la perte de biodiversit\u00e9. Greenpeace demande au Premier ministre Alexander De Croo d&rsquo;acc\u00e9l\u00e9rer la politique en mati\u00e8re de biodiversit\u00e9 et de soutenir les propositions europ\u00e9ennes en faveur d&rsquo;une loi sur la restauration de la nature.<\/strong><\/p>\n\n<figure class=\"wp-block-image size-large\"><img loading=\"lazy\" decoding=\"async\" width=\"1024\" height=\"683\" src=\"https:\/\/www.greenpeace.org\/static\/planet4-belgium-stateless\/2023\/06\/c014c415-4121c1c4-730b-4a7d-b007-19e89b8d4e8f-647-000006c4a4ffaba0-1024x683.jpeg\" alt=\"\" class=\"wp-image-52861\" srcset=\"https:\/\/www.greenpeace.org\/static\/planet4-belgium-stateless\/2023\/06\/c014c415-4121c1c4-730b-4a7d-b007-19e89b8d4e8f-647-000006c4a4ffaba0-1024x683.jpeg 1024w, https:\/\/www.greenpeace.org\/static\/planet4-belgium-stateless\/2023\/06\/c014c415-4121c1c4-730b-4a7d-b007-19e89b8d4e8f-647-000006c4a4ffaba0-300x200.jpeg 300w, https:\/\/www.greenpeace.org\/static\/planet4-belgium-stateless\/2023\/06\/c014c415-4121c1c4-730b-4a7d-b007-19e89b8d4e8f-647-000006c4a4ffaba0-768x512.jpeg 768w, https:\/\/www.greenpeace.org\/static\/planet4-belgium-stateless\/2023\/06\/c014c415-4121c1c4-730b-4a7d-b007-19e89b8d4e8f-647-000006c4a4ffaba0-1536x1024.jpeg 1536w, https:\/\/www.greenpeace.org\/static\/planet4-belgium-stateless\/2023\/06\/c014c415-4121c1c4-730b-4a7d-b007-19e89b8d4e8f-647-000006c4a4ffaba0-2048x1366.jpeg 2048w, https:\/\/www.greenpeace.org\/static\/planet4-belgium-stateless\/2023\/06\/c014c415-4121c1c4-730b-4a7d-b007-19e89b8d4e8f-647-000006c4a4ffaba0-510x340.jpeg 510w\" sizes=\"auto, (max-width: 1024px) 100vw, 1024px\" \/><figcaption class=\"wp-element-caption\">\u00a9 Tim Dirven &#8211; Greenpeace<\/figcaption><\/figure>\n\n<p>La semaine derni\u00e8re, le Premier ministre Alexander De Croo demandait que l&rsquo;on <a href=\"https:\/\/www.vrt.be\/vrtnws\/nl\/2023\/05\/23\/pauzeknop-europees-natuurbeleid\/\" target=\"_blank\" rel=\"noreferrer noopener\">appuie sur le bouton \u00ab\u00a0pause\u00a0\u00bb<\/a> de la l\u00e9gislation europ\u00e9enne concernant la restauration de la nature et d&rsquo;autres politiques environnementales, affirmant en plus que cela n&rsquo;avait \u00ab\u00a0rien \u00e0 voir avec le r\u00e9chauffement climatique\u00a0\u00bb. Avec les messages \u00ab\u00a0fast forward for nature\u00a0\u00bb et \u00ab\u00a0La nature et le climat n\u2019attendront pas\u00a0\u00bb, une dizaine de&nbsp; militant\u00b7es de Greenpeace ont clairement indiqu\u00e9 ce matin qu&rsquo;une telle pause pour la nature n&rsquo;\u00e9tait pas envisageable.&nbsp;<\/p>\n\n<p>\u00ab\u00a0<em>La politique en faveur de la nature est en pause depuis des d\u00e9cennies. R\u00e9sultat ? Moins de 10 % de la nature en Belgique se porte bien<\/em>\u00ab\u00a0, d\u00e9clare Ruth-Marie Henckes, charg\u00e9e de campagne biodiversit\u00e9 chez Greenpeace. \u00ab\u00a0<em>La nature est pourtant notre meilleure alli\u00e9e dans la lutte contre la crise climatique : pensons, par exemple, au stockage du CO<\/em><em><sub>2<\/sub><\/em><em> par les tourbi\u00e8res et \u00e0 l&rsquo;effet rafra\u00eechissant des for\u00eats pendant les vagues de chaleur. Par ailleurs, la natu<\/em><em>re souffre <\/em><em>aussi \u00e9norm\u00e9ment de la crise climatique. La s\u00e9cheresse des derniers \u00e9t\u00e9s a d\u00e9j\u00e0 un impact important et les incendies dans nos espaces naturels se r\u00e9p\u00e8tent chaque ann\u00e9e. C&rsquo;est pr\u00e9cis\u00e9ment la raison pour laquelle nous devons maintenant appuyer sur le bouton <\/em>\u00ab\u00a0<em>acc\u00e9l\u00e9rer<\/em>\u00ab\u00a0<em> en soutenant la loi sur la restauration de la nature, et nous rapprocher ainsi de nos objectifs en mati\u00e8re de climat<\/em>.\u00a0\u00bb<\/p>\n\n<p>La loi europ\u00e9enne sur la restauration de la nature vise \u00e0 restaurer la nature gravement d\u00e9grad\u00e9e en Europe. Elle vise \u00e0 garantir que, d&rsquo;ici 2030, des mesures soient prises pour restaurer 20 % des zones terrestres et marines de l&rsquo;Europe. D&rsquo;ici 2050, des mesures devront \u00eatre prises pour restaurer l&rsquo;ensemble de la nature d\u00e9grad\u00e9e en Europe.<\/p>\n\n<p>\u00ab\u00a0<em>La restauration de la nature en Europe est n\u00e9cessaire pour atteindre les objectifs climatiques, ralentir l&rsquo;extinction massive des esp\u00e8ces animales et v\u00e9g\u00e9tales et garantir notre s\u00e9curit\u00e9 alimentaire. Des \u00e9tudes montrent \u00e9galement que la soci\u00e9t\u00e9 r\u00e9cup\u00e8re entre 8 \u00e0 38 euros pour chaque euro investi dans la restauration de la nature. En d&rsquo;autres termes, la restauration de la nature est un investissement pour notre sant\u00e9, notre s\u00e9curit\u00e9 alimentaire et notre qualit\u00e9 de vie<\/em>\u00ab\u00a0, conclut Ruth-Marie Henckes.<\/p>\n\n<p>Greenpeace fait partie d&rsquo;une coalition de plus de 200 ONG qui font campagne dans toute l&rsquo;Europe en faveur d&rsquo;une loi forte sur la restauration de la nature. Le 20 juin, l\u2019ensemble des ministres de l&rsquo;environnement des Etats membres de l&rsquo;UE se r\u00e9uniront pour prendre position \u00e0 ce sujet. D&rsquo;ici l\u00e0, la Belgique devrait \u00e9galement faire conna\u00eetre sa position. Greenpeace appelle le gouvernement belge \u00e0 soutenir la proposition d&rsquo;une loi ambitieuse sur la restauration de la nature.<\/p>\n\n<p><\/p>\n","protected":false},"excerpt":{"rendered":"<p>Ce vendredi matin, Greenpeace a men\u00e9 une action lors du Conseil des ministres pour souligner le fait que la nature et le climat ne peuvent pas se permettre de pause. Les activistes ont peint le message \u00ab\u00a0fast forward for nature\u00a0\u00bb sur le sol devant le 16 rue de la Loi, soulignant ainsi que nous avons besoin d&rsquo;une nature r\u00e9siliente pour atteindre nos objectifs climatiques et enrayer la perte de biodiversit\u00e9. Greenpeace demande au Premier ministre Alexander De Croo d&rsquo;acc\u00e9l\u00e9rer la politique en mati\u00e8re de biodiversit\u00e9 et de soutenir les propositions europ\u00e9ennes en faveur d&rsquo;une loi sur la restauration de la nature.<\/p>\n","protected":false},"author":80,"featured_media":52861,"comment_status":"closed","ping_status":"closed","sticky":false,"template":"","format":"standard","meta":{"ep_exclude_from_search":false,"p4_og_title":"","p4_og_description":"","p4_og_image":"","p4_og_image_id":"","p4_seo_canonical_url":"","p4_campaign_name":"","p4_local_project":"","p4_basket_name":"","p4_department":"","footnotes":""},"categories":[151],"tags":[80,83,86],"p4-page-type":[117],"class_list":["post-52860","post","type-post","status-publish","format-standard","has-post-thumbnail","hentry","category-presse","tag-forets","tag-politique","tag-climat","p4-page-type-communique-de-presse"],"_links":{"self":[{"href":"https:\/\/www.greenpeace.org\/belgium\/fr\/wp-json\/wp\/v2\/posts\/52860","targetHints":{"allow":["GET"]}}],"collection":[{"href":"https:\/\/www.greenpeace.org\/belgium\/fr\/wp-json\/wp\/v2\/posts"}],"about":[{"href":"https:\/\/www.greenpeace.org\/belgium\/fr\/wp-json\/wp\/v2\/types\/post"}],"author":[{"embeddable":true,"href":"https:\/\/www.greenpeace.org\/belgium\/fr\/wp-json\/wp\/v2\/users\/80"}],"replies":[{"embeddable":true,"href":"https:\/\/www.greenpeace.org\/belgium\/fr\/wp-json\/wp\/v2\/comments?post=52860"}],"version-history":[{"count":2,"href":"https:\/\/www.greenpeace.org\/belgium\/fr\/wp-json\/wp\/v2\/posts\/52860\/revisions"}],"predecessor-version":[{"id":52868,"href":"https:\/\/www.greenpeace.org\/belgium\/fr\/wp-json\/wp\/v2\/posts\/52860\/revisions\/52868"}],"wp:featuredmedia":[{"embeddable":true,"href":"https:\/\/www.greenpeace.org\/belgium\/fr\/wp-json\/wp\/v2\/media\/52861"}],"wp:attachment":[{"href":"https:\/\/www.greenpeace.org\/belgium\/fr\/wp-json\/wp\/v2\/media?parent=52860"}],"wp:term":[{"taxonomy":"category","embeddable":true,"href":"https:\/\/www.greenpeace.org\/belgium\/fr\/wp-json\/wp\/v2\/categories?post=52860"},{"taxonomy":"post_tag","embeddable":true,"href":"https:\/\/www.greenpeace.org\/belgium\/fr\/wp-json\/wp\/v2\/tags?post=52860"},{"taxonomy":"p4-page-type","embeddable":true,"href":"https:\/\/www.greenpeace.org\/belgium\/fr\/wp-json\/wp\/v2\/p4-page-type?post=52860"}],"curies":[{"name":"wp","href":"https:\/\/api.w.org\/{rel}","templated":true}]}}