{"id":52921,"date":"2023-06-15T17:17:00","date_gmt":"2023-06-15T16:17:00","guid":{"rendered":"https:\/\/www.greenpeace.org\/belgium\/?p=52921"},"modified":"2023-06-19T13:18:58","modified_gmt":"2023-06-19T12:18:58","slug":"la-loi-sur-la-restauration-de-la-nature-resiste-au-parlement-europeen-la-coalition-belge-pour-la-biodiversite-reagit-provisoirement-avec-soulagement","status":"publish","type":"post","link":"https:\/\/www.greenpeace.org\/belgium\/fr\/communique-de-presse\/52921\/la-loi-sur-la-restauration-de-la-nature-resiste-au-parlement-europeen-la-coalition-belge-pour-la-biodiversite-reagit-provisoirement-avec-soulagement\/","title":{"rendered":"La loi sur la restauration de la nature r\u00e9siste au Parlement europ\u00e9en, la Coalition belge pour la biodiversit\u00e9 r\u00e9agit provisoirement avec soulagement"},"content":{"rendered":"\n<p><strong><em>Bruxelles, 15 juin 2023<\/em>&nbsp;&#8211; La nature et la liste de plus en plus longue des parties prenantes (1) soutenant la loi sur la restauration de la nature, peuvent souffler (du moins temporairement). La Commission de l&rsquo;environnement, de la sant\u00e9 publique et de la s\u00e9curit\u00e9 alimentaire (ENVI) du Parlement europ\u00e9en a d\u00e9cid\u00e9 cet apr\u00e8s-midi, par un vote tr\u00e8s serr\u00e9, de ne pas rejeter la proposition. Pourtant, des groupes conservateurs et de droite ont tout fait pour saper le projet de loi.<\/strong><\/p>\n\n<p>En raison de jeux politiques partisans et des efforts continus du Parti populaire europ\u00e9en (PPE) pour faire rejeter la loi, tous les compromis n\u00e9goci\u00e9s inclus dans la proposition de loi sur la restauration de la nature n&rsquo;ont pas \u00e9t\u00e9 soutenus. Il y a maintenant des divisions sur de nombreuses questions.<\/p>\n\n<p>La commission ENVI n&rsquo;a donc pas eu suffisamment de temps pour voter sur tous les amendements. Apr\u00e8s plus de trois heures, le vote sur les amendements restants non trait\u00e9s a \u00e9t\u00e9 report\u00e9 au 27 juin.<\/p>\n\n<h2 class=\"wp-block-heading\">D\u00e9sinformation<\/h2>\n\n<p>Le Parti populaire europ\u00e9en a r\u00e9pandu de la d\u00e9sinformation pendant des mois par le biais de diverses man\u0153uvres. Les membres de la frange qui refusaient de suivre la ligne du parti ont \u00e9t\u00e9 remplac\u00e9s afin de pouvoir rejeter la proposition.<\/p>\n\n<p>La frange a m\u00eame d\u00e9cid\u00e9 de se retirer compl\u00e8tement des n\u00e9gociations et de s&rsquo;opposer aux amendements visant \u00e0 fournir une aide financi\u00e8re aux agriculteurs mettant en \u0153uvre des mesures de restauration.<\/p>\n\n<p>Malgr\u00e9 ces revers, d&rsquo;autres groupes parlementaires (S&amp;D, les Verts, la gauche et une majorit\u00e9 de Renew) sont rest\u00e9s fermes. Ils ont vot\u00e9 en faveur des citoyen\u00b7nes, des agriculteurs et agricultrices, des p\u00eacheur\u00b7euses et des entreprises tous menac\u00e9s par les cons\u00e9quences du changement climatique et de la perte de biodiversit\u00e9.<br><br>Jour sombre pour la d\u00e9mocratie europ\u00e9enne<\/p>\n\n<p>Reine Spiessens, charg\u00e9e de plaidoyer sur la biodiversit\u00e9 pour le WWF Belgique et coordinatrice de la Coalition belge pour la biodiversit\u00e9, a d\u00e9clar\u00e9 \u201c<em>Il s&rsquo;agit d&rsquo;une victoire mince pour la nature, mais d&rsquo;une journ\u00e9e sombre pour la d\u00e9mocratie, car il semblerait que les parlementaires ne puissent plus voter en fonction de leurs convictions propres, bas\u00e9es sur des faits scientifiques ou pour les bienfaits des citoyen\u00b7<\/em>ne<em>s qu\u2019ils repr\u00e9sentent. Aujourd&rsquo;hui, plus de 3 300 scientifiques, 90 grandes entreprises europ\u00e9ennes et 830 000 citoyen\u00b7nes appelant \u00e0 l&rsquo;adoption d&rsquo;une loi solide en faveur du r\u00e9tablissement de la nature ont \u00e9t\u00e9 ignor\u00e9\u00b7es par 50 % des membres de la Commission de l&rsquo;Environnement du Parlement europ\u00e9en<\/em>.\u201d<\/p>\n\n<p>\u00ab\u00a0<em>Ces r\u00e9sultats de vote serr\u00e9s sont tout simplement absurdes, car il est on ne peut plus \u00e9vident que nous sommes grandement d\u00e9pendant\u00b7es de la nature dans tous les aspects de notre soci\u00e9t\u00e9, tels que la s\u00e9curit\u00e9 alimentaire, la sant\u00e9, l&rsquo;\u00e9conomie, le climat, la biodiversit\u00e9, et bien d&rsquo;autres encore. Les semaines \u00e0 venir rev\u00eatent une importance cruciale pour les membres du Parlement europ\u00e9en, qui ont l&rsquo;occasion de pr\u00e9server la loi sur le r\u00e9tablissement de la nature et la cr\u00e9dibilit\u00e9 de l&rsquo;Union europ\u00e9enne, tout en concr\u00e9tisant le Pacte vert. Nous exhortons nos d\u00e9put\u00e9\u00b7es europ\u00e9en\u00b7nes belges \u00e0 saisir cette opportunit\u00e9<\/em>.\u00a0\u00bb conclut notre experte.<\/p>\n\n<p>Les amendements restants et le rapport final seront vot\u00e9s lors de la prochaine session de la commission ENVI le 27 juin. Ce vote d\u00e9terminera \u00e9galement ce qui sera soumis au vote en pl\u00e9ni\u00e8re du Parlement europ\u00e9en.<\/p>\n","protected":false},"excerpt":{"rendered":"<p>Bruxelles, 15 juin 2023\u00a0&#8211; La nature et la liste de plus en plus longue des parties prenantes (1) soutenant la loi sur la restauration de la nature, peuvent souffler (du moins temporairement). La Commission de l&rsquo;environnement, de la sant\u00e9 publique et de la s\u00e9curit\u00e9 alimentaire (ENVI) du Parlement europ\u00e9en a d\u00e9cid\u00e9 cet apr\u00e8s-midi, par un vote tr\u00e8s serr\u00e9, de ne pas rejeter la proposition. Pourtant, des groupes conservateurs et de droite ont tout fait pour saper le projet de loi.<\/p>\n","protected":false},"author":80,"featured_media":52861,"comment_status":"closed","ping_status":"closed","sticky":false,"template":"","format":"standard","meta":{"ep_exclude_from_search":false,"p4_og_title":"","p4_og_description":"","p4_og_image":"","p4_og_image_id":"","p4_seo_canonical_url":"","p4_campaign_name":"","p4_local_project":"","p4_basket_name":"","p4_department":"","footnotes":""},"categories":[151],"tags":[80,82],"p4-page-type":[117],"class_list":["post-52921","post","type-post","status-publish","format-standard","has-post-thumbnail","hentry","category-presse","tag-forets","tag-oceans","p4-page-type-communique-de-presse"],"_links":{"self":[{"href":"https:\/\/www.greenpeace.org\/belgium\/fr\/wp-json\/wp\/v2\/posts\/52921","targetHints":{"allow":["GET"]}}],"collection":[{"href":"https:\/\/www.greenpeace.org\/belgium\/fr\/wp-json\/wp\/v2\/posts"}],"about":[{"href":"https:\/\/www.greenpeace.org\/belgium\/fr\/wp-json\/wp\/v2\/types\/post"}],"author":[{"embeddable":true,"href":"https:\/\/www.greenpeace.org\/belgium\/fr\/wp-json\/wp\/v2\/users\/80"}],"replies":[{"embeddable":true,"href":"https:\/\/www.greenpeace.org\/belgium\/fr\/wp-json\/wp\/v2\/comments?post=52921"}],"version-history":[{"count":1,"href":"https:\/\/www.greenpeace.org\/belgium\/fr\/wp-json\/wp\/v2\/posts\/52921\/revisions"}],"predecessor-version":[{"id":52922,"href":"https:\/\/www.greenpeace.org\/belgium\/fr\/wp-json\/wp\/v2\/posts\/52921\/revisions\/52922"}],"wp:featuredmedia":[{"embeddable":true,"href":"https:\/\/www.greenpeace.org\/belgium\/fr\/wp-json\/wp\/v2\/media\/52861"}],"wp:attachment":[{"href":"https:\/\/www.greenpeace.org\/belgium\/fr\/wp-json\/wp\/v2\/media?parent=52921"}],"wp:term":[{"taxonomy":"category","embeddable":true,"href":"https:\/\/www.greenpeace.org\/belgium\/fr\/wp-json\/wp\/v2\/categories?post=52921"},{"taxonomy":"post_tag","embeddable":true,"href":"https:\/\/www.greenpeace.org\/belgium\/fr\/wp-json\/wp\/v2\/tags?post=52921"},{"taxonomy":"p4-page-type","embeddable":true,"href":"https:\/\/www.greenpeace.org\/belgium\/fr\/wp-json\/wp\/v2\/p4-page-type?post=52921"}],"curies":[{"name":"wp","href":"https:\/\/api.w.org\/{rel}","templated":true}]}}