{"id":53055,"date":"2023-06-29T11:56:06","date_gmt":"2023-06-29T10:56:06","guid":{"rendered":"https:\/\/www.greenpeace.org\/belgium\/?p=53055"},"modified":"2023-10-10T13:43:05","modified_gmt":"2023-10-10T12:43:05","slug":"bbl-greenpeace-et-canopea-reagissent-a-lannonce-du-gouvernement-federal","status":"publish","type":"post","link":"https:\/\/www.greenpeace.org\/belgium\/fr\/communique-de-presse\/53055\/bbl-greenpeace-et-canopea-reagissent-a-lannonce-du-gouvernement-federal\/","title":{"rendered":"BBL, Greenpeace et Canopea r\u00e9agissent \u00e0 l&rsquo;annonce du gouvernement f\u00e9d\u00e9ral :"},"content":{"rendered":"\n<p><strong><em>\u201cLe contribuable risque de payer tr\u00e8s cher pour les d\u00e9chets nucl\u00e9aires\u201d<\/em><\/strong><\/p>\n\n<p><strong>Greenpeace, Canopea et Bond Beter Leefmilieu s\u2019indignent de l&rsquo;accord d\u00e9s\u00e9quilibr\u00e9 entre Engie et le gouvernement f\u00e9d\u00e9ral. Le gouvernement f\u00e9d\u00e9ral fixe une facture maximale \u00e0 Engie pour les d\u00e9chets nucl\u00e9aires d\u00e9tenus par le groupe industriel fran\u00e7ais. Si le co\u00fbt est plus \u00e9lev\u00e9, il sera support\u00e9 par le contribuable. Et ce, alors qu&rsquo;aucun site ni aucune technologie ne sont encore disponibles pour l\u2019<strong>enfouissement<\/strong> des d\u00e9chets nucl\u00e9aires et que le montant de cette gestion demeure inconnu. Selon les organisations, cette affaire pourrait bien devenir le plus grand hold-up de l&rsquo;histoire de la Belgique.<\/strong><\/p>\n\n<p>Les organisations environnementales voient dans cet accord la preuve ultime que l&rsquo;\u00e9nergie nucl\u00e9aire n&rsquo;est pas rentable. Engie refuse d&rsquo;assumer le risque d&rsquo;investissement et l&rsquo;\u00c9tat doit participer. Aucune entreprise priv\u00e9e ne veut plus assumer le risque financier que repr\u00e9sentent des centrales nucl\u00e9aires.&nbsp;<\/p>\n\n<p>En termes de s\u00e9curit\u00e9 d&rsquo;approvisionnement &#8211; notamment pour les hivers 2025 et 2026 &#8211; Engie n&rsquo;offre aucune garantie que les centrales seront disponibles. Qui sera responsable si les centrales ne sont pas disponibles au cours d\u2019une vague de froid ? Pour rappel, la disponibilit\u00e9 des vieilles centrales pose question et elles ont \u00e9t\u00e9 arr\u00eat\u00e9es \u00e0 de nombreuses reprises au cours des dix derni\u00e8res ann\u00e9es, y compris en hiver.&nbsp;&nbsp;<\/p>\n\n<p><em>\u00ab\u00a0Le gouvernement belge ne tire aucune le\u00e7on de la crise nucl\u00e9aire fran\u00e7aise, o\u00f9 pr\u00e8s de la moiti\u00e9 des centrales nucl\u00e9aires ont \u00e9t\u00e9 mises hors service l&rsquo;ann\u00e9e derni\u00e8re, en partie \u00e0 cause de probl\u00e8mes de corrosion du syst\u00e8me de refroidissement\u201d<\/em>, d\u00e9clare Jan Vande Putte, expert en \u00e9nergie chez Greenpeace<em>. \u201cCes probl\u00e8mes persisteront au cours des prochaines ann\u00e9es. Pourtant, le gouvernement belge mise pr\u00e9cis\u00e9ment sur l&rsquo;\u00e9nergie nucl\u00e9aire, alors que son manque de fiabilit\u00e9 a \u00e9t\u00e9 d\u00e9montr\u00e9 tant en Belgique qu&rsquo;en France\u00a0\u00bb<\/em>.&nbsp;<\/p>\n\n<p><em>\u00ab\u00a0En co-investissant dans le capital de la centrale nucl\u00e9aire, le gouvernement organise un conflit d&rsquo;int\u00e9r\u00eats\u00a0\u00bb<\/em>, ajoute Arnaud Collignon, expert \u00e9nergie chez Canopea.<em>&nbsp;\u00ab\u00a0Avec la croissance rapide des \u00e9nergies renouvelables, les p\u00e9riodes de prix de l&rsquo;\u00e9lectricit\u00e9 tr\u00e8s bas, voire n\u00e9gatifs, seront de plus en plus fr\u00e9quentes. La rentabilit\u00e9 des centrales nucl\u00e9aires non flexibles va donc se r\u00e9duire de plus en plus. On peut d\u2019ailleurs se demander si l&rsquo;\u00c9tat ne sera pas tent\u00e9 de freiner le d\u00e9veloppement renouvelable pour consolider son investissement nucl\u00e9aire\u00a0\u00bb.<\/em><\/p>\n\n<p>Le fait de voir l&rsquo;\u00c9tat int\u00e9ress\u00e9 financi\u00e8rement par la rentabilit\u00e9 du nucl\u00e9aire risque aussi d\u2019augmenter la pression sur le gendarme nucl\u00e9aire afin qu\u2019il ne se montre pas trop exigeant quant au respect de certaines normes. En effet, chaque fois qu&rsquo;une centrale doit \u00eatre ferm\u00e9e, l&rsquo;\u00c9tat perd de l&rsquo;argent.<\/p>\n\n<p><em>\u00ab\u00a0Il est particuli\u00e8rement cynique de la part du gouvernement d&rsquo;invoquer la guerre en Ukraine pour prolonger les deux centrales. L&rsquo;occupation par la Russie de la centrale nucl\u00e9aire de Zaporizhzhya vient de d\u00e9montrer que l&rsquo;\u00e9nergie nucl\u00e9aire est particuli\u00e8rement vuln\u00e9rable. S&rsquo;il y a une le\u00e7on \u00e0 tirer de la guerre, c&rsquo;est qu&rsquo;il faut fermer ces centrales dangereuses le plus rapidement possible\u00a0\u00bb<\/em>, conclut Jan Vande Putte.<\/p>\n\n<p>Enfin, les organisations de d\u00e9fense de l&rsquo;environnement soulignent que toute cette construction reste un ch\u00e2teau de cartes bancal, puisqu&rsquo;il n&rsquo;y a pas encore de permis. La base juridique d&rsquo;un futur permis est \u00e9galement probl\u00e9matique en raison de l&rsquo;absence de consultation publique. Les organisations de protection de l&rsquo;environnement ont pr\u00e9sent\u00e9 le mois dernier un rapport montrant les lacunes dans ce processus. [1]<\/p>\n\n<p><strong>Note<\/strong><\/p>\n\n<p>[1]&nbsp;Lire le rapport complet d\u2019Oda Becker et Gabriele Mraz ici (<a href=\"https:\/\/www.greenpeace.org\/belgium\/fr\/risiken-der-laufzeitverlangerungen-von-doel-4-und-tihange-3\/\" target=\"_blank\" rel=\"noreferrer noopener\">version originale en allemand<\/a>&nbsp;\/ traduction par Greenpeace en&nbsp;<a href=\"https:\/\/www.greenpeace.org\/static\/planet4-belgium-stateless\/2023\/05\/ef97d624-risks-of-reactor-lifetime-extension-doel-4-and-tihange-3.pdf\" target=\"_blank\" rel=\"noreferrer noopener\">anglais<\/a>).<\/p>\n","protected":false},"excerpt":{"rendered":"<p>Greenpeace, Canopea et Bond Beter Leefmilieu s\u2019indignent de l&rsquo;accord d\u00e9s\u00e9quilibr\u00e9 entre Engie et le gouvernement f\u00e9d\u00e9ral. Le gouvernement f\u00e9d\u00e9ral fixe une facture maximale \u00e0 Engie pour les d\u00e9chets nucl\u00e9aires d\u00e9tenus par le groupe industriel fran\u00e7ais. Si le co\u00fbt est plus \u00e9lev\u00e9, il sera support\u00e9 par le contribuable. Et ce, alors qu&rsquo;aucun site ni aucune technologie ne sont encore disponibles pour l\u2019\u00e9limination des d\u00e9chets nucl\u00e9aires et que le montant de cette gestion demeure inconnu. Selon les organisations, cette affaire pourrait bien devenir le plus grand hold-up de l&rsquo;histoire de la Belgique<\/p>\n","protected":false},"author":80,"featured_media":54620,"comment_status":"closed","ping_status":"closed","sticky":false,"template":"","format":"standard","meta":{"ep_exclude_from_search":false,"p4_og_title":"","p4_og_description":"","p4_og_image":"","p4_og_image_id":"","p4_seo_canonical_url":"","p4_campaign_name":"","p4_local_project":"","p4_basket_name":"","p4_department":"","footnotes":""},"categories":[151],"tags":[70],"p4-page-type":[117],"class_list":["post-53055","post","type-post","status-publish","format-standard","has-post-thumbnail","hentry","category-presse","tag-energie","p4-page-type-communique-de-presse"],"_links":{"self":[{"href":"https:\/\/www.greenpeace.org\/belgium\/fr\/wp-json\/wp\/v2\/posts\/53055","targetHints":{"allow":["GET"]}}],"collection":[{"href":"https:\/\/www.greenpeace.org\/belgium\/fr\/wp-json\/wp\/v2\/posts"}],"about":[{"href":"https:\/\/www.greenpeace.org\/belgium\/fr\/wp-json\/wp\/v2\/types\/post"}],"author":[{"embeddable":true,"href":"https:\/\/www.greenpeace.org\/belgium\/fr\/wp-json\/wp\/v2\/users\/80"}],"replies":[{"embeddable":true,"href":"https:\/\/www.greenpeace.org\/belgium\/fr\/wp-json\/wp\/v2\/comments?post=53055"}],"version-history":[{"count":2,"href":"https:\/\/www.greenpeace.org\/belgium\/fr\/wp-json\/wp\/v2\/posts\/53055\/revisions"}],"predecessor-version":[{"id":53057,"href":"https:\/\/www.greenpeace.org\/belgium\/fr\/wp-json\/wp\/v2\/posts\/53055\/revisions\/53057"}],"wp:featuredmedia":[{"embeddable":true,"href":"https:\/\/www.greenpeace.org\/belgium\/fr\/wp-json\/wp\/v2\/media\/54620"}],"wp:attachment":[{"href":"https:\/\/www.greenpeace.org\/belgium\/fr\/wp-json\/wp\/v2\/media?parent=53055"}],"wp:term":[{"taxonomy":"category","embeddable":true,"href":"https:\/\/www.greenpeace.org\/belgium\/fr\/wp-json\/wp\/v2\/categories?post=53055"},{"taxonomy":"post_tag","embeddable":true,"href":"https:\/\/www.greenpeace.org\/belgium\/fr\/wp-json\/wp\/v2\/tags?post=53055"},{"taxonomy":"p4-page-type","embeddable":true,"href":"https:\/\/www.greenpeace.org\/belgium\/fr\/wp-json\/wp\/v2\/p4-page-type?post=53055"}],"curies":[{"name":"wp","href":"https:\/\/api.w.org\/{rel}","templated":true}]}}