{"id":53105,"date":"2023-07-12T14:13:16","date_gmt":"2023-07-12T13:13:16","guid":{"rendered":"https:\/\/www.greenpeace.org\/belgium\/?p=53105"},"modified":"2023-10-10T09:39:51","modified_gmt":"2023-10-10T08:39:51","slug":"le-parlement-europeen-vote-en-faveur-dune-loi-sur-la-restauration-de-la-nature-signal-despoir-pour-notre-futur","status":"publish","type":"post","link":"https:\/\/www.greenpeace.org\/belgium\/fr\/communique-de-presse\/53105\/le-parlement-europeen-vote-en-faveur-dune-loi-sur-la-restauration-de-la-nature-signal-despoir-pour-notre-futur\/","title":{"rendered":"Le Parlement europ\u00e9en vote en faveur d&rsquo;une loi sur la restauration de la nature: signal d&rsquo;espoir pour notre futur"},"content":{"rendered":"\n<p><strong><em>Bruxelles, le 12 juillet 2023<\/em><\/strong><strong> &#8211; Le Parlement europ\u00e9en a vot\u00e9 aujourd&rsquo;hui en faveur d\u2019une loi sur la restauration de la nature. Malgr\u00e9 la campagne de d\u00e9sinformation men\u00e9e par Manfred Weber du Parti populaire europ\u00e9en (PPE), les d\u00e9put\u00e9\u2022es europ\u00e9en\u00b7nes ont pris leurs responsabilit\u00e9s &#8211; bien que de justesse <\/strong><strong>(336 votes pour, 300 contre, 13 abstentions<\/strong><strong>).<\/strong><strong> A travers le monde, un million d&rsquo;esp\u00e8ces v\u00e9g\u00e9tales et animales sont menac\u00e9es d&rsquo;extinction, nous perdons des pans de nature pr\u00e9cieuse \u00e0 un rythme sans pr\u00e9c\u00e9dent et le climat se d\u00e9r\u00e8gle &#8211; avec les cons\u00e9quences d\u00e9sastreuses que nous connaissons\u2026&nbsp; \u00ab<\/strong><strong><em> La Coalition belge pour la biodiversit\u00e9 exprime son soulagement, mais appelle le Conseil de l\u2019UE et le Parlement europ\u00e9en \u00e0 d\u00e9fendre un texte fort et ambitieux lors des trilogues \u00e0 venir <\/em><\/strong><strong>\u00bb, r\u00e9agit Laurence Dr\u00e8ze du WWF-Belgique.<\/strong><strong><br><\/strong><strong><br><\/strong>Le Parlement europ\u00e9en a vot\u00e9 en faveur du texte, mais il reste tr\u00e8s regrettable que le Parti populaire europ\u00e9en (PPE) &#8211; sous la direction de Manfred Weber &#8211; n&rsquo;ait pas reconsid\u00e9r\u00e9 sa position et ait poursuivi sa campagne de d\u00e9sinformation. En cons\u00e9quence, une grande partie des d\u00e9put\u00e9\u00b7es europ\u00e9en\u00b7nes ont vot\u00e9 aujourd&rsquo;hui contre la loi sur la restauration de la nature.<br><br>Nous remercions tous les d\u00e9put\u00e9\u00b7es europ\u00e9en\u00b7nes belges qui ont soutenu la loi et demandons instamment \u00e0 ceux et celles qui ne l\u2019auraient pas fait d&rsquo;abandonner enfin la ligne polarisante de Weber, de prendre leurs responsabilit\u00e9s et de contribuer de mani\u00e8re constructive \u00e0 une loi forte sur la restauration de la nature. Car nous allons avoir besoin de leur engagement \u00e0 tous et \u00e0 toutes.<br><br><strong>Habitats naturels belges<\/strong><strong><br><\/strong><strong><br><\/strong> <strong>\u00ab <\/strong><em>Il est tr\u00e8s regrettable que certains d\u00e9put\u00e9\u00b7es europ\u00e9en\u00b7nes belges se soient laiss\u00e9s abuser par les discours de Weber jusqu&rsquo;\u00e0 aujourd\u2019hui <\/em>\u00bb regrette Laurence Dr\u00e8ze. <strong>\u00ab <\/strong><em>Et ce, alors que la Belgique a d\u00e9sesp\u00e9r\u00e9ment besoin d\u2019une loi forte sur la restauration de la nature. Environ 95 % des habitats naturels de notre pays sont dans un \u00e9tat de conservation d\u00e9favorable : la Belgique est le plus mauvais \u00e9l\u00e8ve europ\u00e9en en la mati\u00e8re <\/em>\u00bb.<br><br>La loi sur la restauration de la nature qui a \u00e9t\u00e9 pr\u00e9sent\u00e9e et vot\u00e9e aujourd&rsquo;hui est en fait une version \u00e9dulcor\u00e9e de la proposition initiale de la Commission. Cette victoire a donc \u00e9t\u00e9 tr\u00e8s ch\u00e8rement pay\u00e9e. Pour parvenir \u00e0 un compromis, les d\u00e9put\u00e9\u00b7es europ\u00e9en\u00b7nes ont sacrifi\u00e9 de nombreux engagements et objectifs cruciaux.<br><br>Les trilogues commenceront apr\u00e8s l&rsquo;\u00e9t\u00e9, offrant une nouvelle occasion d&rsquo;aboutir \u00e0 un texte plus ambitieux, qui permette \u00e0 cette loi de jouer pleinement son r\u00f4le, au b\u00e9n\u00e9fice de la soci\u00e9t\u00e9 dans son ensemble, de la nature et de la biodiversit\u00e9.<br><br><strong>Vagues de chaleur et inondations<\/strong><br><br>Aujourd&rsquo;hui, nous observons d\u00e9j\u00e0 de plus en plus de vagues de chaleur, de s\u00e9cheresses, d&rsquo;inondations et de feux de for\u00eat &#8211; des ph\u00e9nom\u00e8nes m\u00e9t\u00e9orologiques extr\u00eames qui co\u00fbtent des vies et endommagent de tr\u00e8s nombreux \u00e9cosyst\u00e8mes. Et ces ph\u00e9nom\u00e8nes extr\u00eames menacent \u00e9galement notre \u00e9conomie. Saviez-vous que plus de la moiti\u00e9 du PIB mondial est directement li\u00e9e \u00e0 la biodiversit\u00e9 ?<br><br>Une loi forte et ambitieuse sur la restauration de la nature cr\u00e9era des situations de win-win.&nbsp; Elle nous prot\u00e9gera mieux des effets du changement climatique, ce qui profitera \u00e0 l&rsquo;ensemble de la soci\u00e9t\u00e9, y compris aux agriculteurs et aux agricultrices. Et nous ne pouvons pas nous permettre de laisser passer cette opportunit\u00e9.<br><br><strong>Une victoire pour les faits <\/strong><strong><br><\/strong><strong><br><\/strong><em>\u00ab Aujourd&rsquo;hui, le Parlement europ\u00e9en envoie un signal d&rsquo;espoir et de courage. Les repr\u00e9sentant\u00b7es de notre peuple ont choisi le bien commun, les citoyen\u00b7nes et leur avenir. Le r\u00e9sultat du vote n&rsquo;est pas seulement une victoire pour la nature et notre futur, mais aussi pour la d\u00e9mocratie bas\u00e9e sur les faits plut\u00f4t que sur les fake news et la polarisation. Nous comptons sur le Parlement europ\u00e9en et le Conseil de l\u2019UE, dont ses membres belges, pour d\u00e9fendre une loi ambitieuse de restauration de la nature lors des prochains trilogues<\/em> \u00bb, conclut Mme. Dr\u00e8ze.<\/p>\n\n<p><strong>\u00c0 propos de la Coalition belge pour la biodiversit\u00e9 <\/strong><strong><br><\/strong>La Coalition belge pour la biodiversit\u00e9 est un partenariat entre le WWF, BOS+, Greenpeace, Natagora, Natuurpunt, Canopea et Bond Beter Leefmilieu. La mission de la coalition est d&rsquo;arr\u00eater et d&rsquo;inverser la perte de biodiversit\u00e9 en Belgique et dans ses zones d&rsquo;influence par un plaidoyer commun aupr\u00e8s des d\u00e9cideurs politiques f\u00e9d\u00e9raux et r\u00e9gionaux belges.&nbsp;<\/p>\n\n<figure class=\"wp-block-image\"><img decoding=\"async\" src=\"https:\/\/lh3.googleusercontent.com\/cl81HHhI1GRNl8XOl8LJoAPldMGJY_A99n-CRr_-O9Ee1D5Q-bJlQBK1x5cArCEwuITAgiM32MNkywMG_7qlRlpq2TFp-hEipnJ0rMXO-uakb8AXd_vWZ7DICLEycf8yKMNKCtAyPI5u4VN7SQsFh3A\" alt=\"image received via email\"\/><\/figure>\n","protected":false},"excerpt":{"rendered":"<p>Le Parlement europ\u00e9en a vot\u00e9 aujourd&rsquo;hui en faveur d\u2019une loi sur la restauration de la nature. Malgr\u00e9 la campagne de d\u00e9sinformation men\u00e9e par Manfred Weber du Parti populaire europ\u00e9en (PPE), les d\u00e9put\u00e9\u2022es europ\u00e9en\u00b7nes ont pris leurs responsabilit\u00e9s &#8211; bien que de justesse (336 votes pour, 300 contre, 13 abstentions). A travers le monde, un million d&rsquo;esp\u00e8ces v\u00e9g\u00e9tales et animales sont menac\u00e9es d&rsquo;extinction, nous perdons des pans de nature pr\u00e9cieuse \u00e0 un rythme sans pr\u00e9c\u00e9dent et le climat se d\u00e9r\u00e8gle &#8211; avec les cons\u00e9quences d\u00e9sastreuses que nous connaissons\u2026 <\/p>\n","protected":false},"author":50,"featured_media":52861,"comment_status":"closed","ping_status":"closed","sticky":false,"template":"","format":"standard","meta":{"ep_exclude_from_search":false,"p4_og_title":"","p4_og_description":"","p4_og_image":"","p4_og_image_id":"","p4_seo_canonical_url":"","p4_campaign_name":"","p4_local_project":"","p4_basket_name":"","p4_department":"","footnotes":""},"categories":[151],"tags":[80],"p4-page-type":[117],"class_list":["post-53105","post","type-post","status-publish","format-standard","has-post-thumbnail","hentry","category-presse","tag-forets","p4-page-type-communique-de-presse"],"_links":{"self":[{"href":"https:\/\/www.greenpeace.org\/belgium\/fr\/wp-json\/wp\/v2\/posts\/53105","targetHints":{"allow":["GET"]}}],"collection":[{"href":"https:\/\/www.greenpeace.org\/belgium\/fr\/wp-json\/wp\/v2\/posts"}],"about":[{"href":"https:\/\/www.greenpeace.org\/belgium\/fr\/wp-json\/wp\/v2\/types\/post"}],"author":[{"embeddable":true,"href":"https:\/\/www.greenpeace.org\/belgium\/fr\/wp-json\/wp\/v2\/users\/50"}],"replies":[{"embeddable":true,"href":"https:\/\/www.greenpeace.org\/belgium\/fr\/wp-json\/wp\/v2\/comments?post=53105"}],"version-history":[{"count":1,"href":"https:\/\/www.greenpeace.org\/belgium\/fr\/wp-json\/wp\/v2\/posts\/53105\/revisions"}],"predecessor-version":[{"id":53106,"href":"https:\/\/www.greenpeace.org\/belgium\/fr\/wp-json\/wp\/v2\/posts\/53105\/revisions\/53106"}],"wp:featuredmedia":[{"embeddable":true,"href":"https:\/\/www.greenpeace.org\/belgium\/fr\/wp-json\/wp\/v2\/media\/52861"}],"wp:attachment":[{"href":"https:\/\/www.greenpeace.org\/belgium\/fr\/wp-json\/wp\/v2\/media?parent=53105"}],"wp:term":[{"taxonomy":"category","embeddable":true,"href":"https:\/\/www.greenpeace.org\/belgium\/fr\/wp-json\/wp\/v2\/categories?post=53105"},{"taxonomy":"post_tag","embeddable":true,"href":"https:\/\/www.greenpeace.org\/belgium\/fr\/wp-json\/wp\/v2\/tags?post=53105"},{"taxonomy":"p4-page-type","embeddable":true,"href":"https:\/\/www.greenpeace.org\/belgium\/fr\/wp-json\/wp\/v2\/p4-page-type?post=53105"}],"curies":[{"name":"wp","href":"https:\/\/api.w.org\/{rel}","templated":true}]}}