{"id":53434,"date":"2023-09-08T08:50:55","date_gmt":"2023-09-08T07:50:55","guid":{"rendered":"https:\/\/www.greenpeace.org\/belgium\/?p=53434"},"modified":"2023-10-10T09:30:06","modified_gmt":"2023-10-10T08:30:06","slug":"greenpeace-et-les-gasap-offriront-des-produits-issus-dune-agriculture-durable-a-la-banque-alimentaire-de-bruxelles-brabant","status":"publish","type":"post","link":"https:\/\/www.greenpeace.org\/belgium\/fr\/communique-de-presse\/53434\/greenpeace-et-les-gasap-offriront-des-produits-issus-dune-agriculture-durable-a-la-banque-alimentaire-de-bruxelles-brabant\/","title":{"rendered":"Greenpeace et les GASAP offriront des produits issus d&rsquo;une agriculture durable \u00e0 la banque alimentaire de Bruxelles-Brabant"},"content":{"rendered":"\n<p><strong>En 2022, <\/strong><a href=\"https:\/\/www.fdss.be\/fr\/concertation-aide-alimentaire\/laide-alimentaire-en-belgique\/\"><strong>600 000 personnes<\/strong><\/a><strong> ont eu recours \u00e0 des services d\u2019aides alimentaires en Belgique. Greenpeace lance d\u00e8s ce lundi <\/strong><a href=\"https:\/\/www.greenpeace.org\/belgium\/fr\/agir\/paniers-fermiers-solidaires\/\"><strong>un appel aux dons<\/strong><\/a><strong>. Il permettra \u00e0 la banque alimentaire de Bruxelles-Brabant de se fournir au sein du R\u00e9seau des Gasap, afin que les b\u00e9n\u00e9ficiaires puissent acc\u00e9der \u00e0 des produits frais issus de <\/strong><strong>fermes locales et agro\u00e9cologiques.<\/strong><\/p>\n\n<p>La campagne se tiendra du 11 au 24 septembre. Les dons r\u00e9colt\u00e9s par Greenpeace Belgique permettront \u00e0 la banque alimentaire de Bruxelles-Brabant de se fournir chez les producteurs et les productrices du R\u00e9seau des Gasap (Groupe d&rsquo;Achats Solidaires de l&rsquo;Agriculture Paysanne). <em>\u201cCe r\u00e9seau fonctionne exclusivement avec des fermes locales <\/em><em>qui ont des pratiques agro\u00e9cologiques et qui commercialisent en circuit court<\/em><em>\u201d <\/em>explique <strong>Francesca Baldin, charg\u00e9e de projet SPG au sein du R\u00e9seau des Gasap<\/strong>. <em>\u201cLe prix de nos paniers de fruits et l\u00e9gumes garantit une r\u00e9mun\u00e9ration juste sur le long terme aux producteur\u00b7rices.\u201d&nbsp;<\/em><\/p>\n\n<p>Se nourrir est aujourd\u2019hui devenu un combat pour de nombreux\u00b7euses citoyen\u00b7nes. La pr\u00e9carit\u00e9 alimentaire a explos\u00e9. En 2022, <a href=\"https:\/\/www.fdss.be\/fr\/concertation-aide-alimentaire\/laide-alimentaire-en-belgique\/\">600 000 personnes, dont 90 000 \u00e0 Bruxelles<\/a>, ont eu recours \u00e0 des services d\u2019aides alimentaires. Cela inclut les distributions de colis alimentaires, les restaurants sociaux, les \u00e9piceries sociales, les frigos solidaires, etc.&nbsp;<\/p>\n\n<p>A l\u2019autre bout de la cha\u00eene, les secteurs bio et circuit court ont eux aussi beaucoup souffert des derni\u00e8res crises et de l\u2019inflation. En moyenne, chaque Belge <a href=\"https:\/\/www.biowallonie.com\/chiffres-du-bio\/\">n\u2019aura d\u00e9pens\u00e9 que 84 euros<\/a> en 2022 pour des produits issus de l&rsquo;agriculture biologique. \u201c<em>Dans un contexte o\u00f9 l&rsquo;industrie agroalimentaire m\u00e8ne la danse et exerce une pression pour maintenir ses profits au plus haut niveau, il est tr\u00e8s difficile de r\u00e9sister pour les <\/em><em>producteur\u00b7rices qui <\/em><em>respectent l&rsquo;environnement, la biodiversit\u00e9 et la sant\u00e9 des consommateur\u00b7rices\u201d <\/em>estime <strong>Albane Aubry, charg\u00e9e de campagne agriculture et alimentation chez Greenpeace Belgique<\/strong>. <em>\u201cCe type d\u2019agriculture est pourtant un des socles d\u2019une soci\u00e9t\u00e9 plus r\u00e9siliente face \u00e0 la crise climatique et \u00e0 l\u2019effondrement de la biodiversit\u00e9. Notre initiative montre l\u2019urgence de les soutenir.\u201d<\/em>Cet appel aux dons de Greenpeace entend donc montrer que la lutte contre la pr\u00e9carit\u00e9 alimentaire et l\u2019av\u00e8nement d\u2019une agriculture durable doivent \u00eatre tous les deux \u00eatre abord\u00e9s d\u2019urgence dans le cadre d\u2019une refonte compl\u00e8te de notre syst\u00e8me alimentaire. <em>\u201cAvec cette campagne, nous voulons d\u2019abord soutenir les personnes en situation de pr\u00e9carit\u00e9 et les agriculteur\u00b7rices. Mais nous souhaitons aussi envoyer un signal fort et montrer que l\u2019acc\u00e8s \u00e0 une alimentation durable et de qualit\u00e9 pour tou\u00b7tes devrait \u00eatre une priorit\u00e9 pour nos responsables politiques\u201d <\/em>conclut Albane Aubry.<\/p>\n","protected":false},"excerpt":{"rendered":"<p>En 2022, 600 000 personnes ont eu recours \u00e0 des services d\u2019aides alimentaires en Belgique. Greenpeace lance d\u00e8s ce lundi un appel aux dons. Il permettra \u00e0 la banque alimentaire de Bruxelles-Brabant de se fournir au sein du R\u00e9seau des Gasap, afin que les b\u00e9n\u00e9ficiaires puissent acc\u00e9der \u00e0 des produits frais issus de fermes locales et agro\u00e9cologiques.<\/p>\n","protected":false},"author":80,"featured_media":54648,"comment_status":"closed","ping_status":"closed","sticky":false,"template":"","format":"standard","meta":{"ep_exclude_from_search":false,"p4_og_title":"","p4_og_description":"","p4_og_image":"","p4_og_image_id":"","p4_seo_canonical_url":"","p4_campaign_name":"","p4_local_project":"","p4_basket_name":"","p4_department":"","footnotes":""},"categories":[151],"tags":[71,85],"p4-page-type":[117],"class_list":["post-53434","post","type-post","status-publish","format-standard","has-post-thumbnail","hentry","category-presse","tag-alimentation","tag-agriculture","p4-page-type-communique-de-presse"],"_links":{"self":[{"href":"https:\/\/www.greenpeace.org\/belgium\/fr\/wp-json\/wp\/v2\/posts\/53434","targetHints":{"allow":["GET"]}}],"collection":[{"href":"https:\/\/www.greenpeace.org\/belgium\/fr\/wp-json\/wp\/v2\/posts"}],"about":[{"href":"https:\/\/www.greenpeace.org\/belgium\/fr\/wp-json\/wp\/v2\/types\/post"}],"author":[{"embeddable":true,"href":"https:\/\/www.greenpeace.org\/belgium\/fr\/wp-json\/wp\/v2\/users\/80"}],"replies":[{"embeddable":true,"href":"https:\/\/www.greenpeace.org\/belgium\/fr\/wp-json\/wp\/v2\/comments?post=53434"}],"version-history":[{"count":1,"href":"https:\/\/www.greenpeace.org\/belgium\/fr\/wp-json\/wp\/v2\/posts\/53434\/revisions"}],"predecessor-version":[{"id":53435,"href":"https:\/\/www.greenpeace.org\/belgium\/fr\/wp-json\/wp\/v2\/posts\/53434\/revisions\/53435"}],"wp:featuredmedia":[{"embeddable":true,"href":"https:\/\/www.greenpeace.org\/belgium\/fr\/wp-json\/wp\/v2\/media\/54648"}],"wp:attachment":[{"href":"https:\/\/www.greenpeace.org\/belgium\/fr\/wp-json\/wp\/v2\/media?parent=53434"}],"wp:term":[{"taxonomy":"category","embeddable":true,"href":"https:\/\/www.greenpeace.org\/belgium\/fr\/wp-json\/wp\/v2\/categories?post=53434"},{"taxonomy":"post_tag","embeddable":true,"href":"https:\/\/www.greenpeace.org\/belgium\/fr\/wp-json\/wp\/v2\/tags?post=53434"},{"taxonomy":"p4-page-type","embeddable":true,"href":"https:\/\/www.greenpeace.org\/belgium\/fr\/wp-json\/wp\/v2\/p4-page-type?post=53434"}],"curies":[{"name":"wp","href":"https:\/\/api.w.org\/{rel}","templated":true}]}}