{"id":5426,"date":"2019-06-06T13:09:19","date_gmt":"2019-06-06T11:09:19","guid":{"rendered":"https:\/\/www.greenpeace.org\/belgium\/?p=5426"},"modified":"2021-12-01T14:16:21","modified_gmt":"2021-12-01T13:16:21","slug":"la-mobilite-pietine-en-belgique-il-est-temps-dy-remedier-non","status":"publish","type":"post","link":"https:\/\/www.greenpeace.org\/belgium\/fr\/actualites-blog\/5426\/la-mobilite-pietine-en-belgique-il-est-temps-dy-remedier-non\/","title":{"rendered":"La mobilit\u00e9 pi\u00e9tine en Belgique ! Il est temps d\u2019y rem\u00e9dier, non ?"},"content":{"rendered":"<p><b>La voiture, \u00e7a roule ? Pas tant que \u00e7a ! Pensez aux embouteillages ou encore, aux soucis de stationnement dans des villes satur\u00e9es de voitures. Mais surtout, pensez aux probl\u00e8mes de sant\u00e9 et de pollution qu\u2019occasionnent nos v\u00e9hicules. Il est temps d\u2019y rem\u00e9dier !<\/b><!--more--><\/p>\n<p><img loading=\"lazy\" decoding=\"async\" class=\"alignnone wp-image-5427 size-full\" src=\"https:\/\/www.greenpeace.org\/static\/planet4-belgium-stateless\/2019\/06\/040d2bd2-catin_mobility_thumbnail.jpg\" alt=\"\" width=\"999\" height=\"663\" srcset=\"https:\/\/www.greenpeace.org\/static\/planet4-belgium-stateless\/2019\/06\/040d2bd2-catin_mobility_thumbnail.jpg 999w, https:\/\/www.greenpeace.org\/static\/planet4-belgium-stateless\/2019\/06\/040d2bd2-catin_mobility_thumbnail-300x199.jpg 300w, https:\/\/www.greenpeace.org\/static\/planet4-belgium-stateless\/2019\/06\/040d2bd2-catin_mobility_thumbnail-768x510.jpg 768w, https:\/\/www.greenpeace.org\/static\/planet4-belgium-stateless\/2019\/06\/040d2bd2-catin_mobility_thumbnail-510x338.jpg 510w\" sizes=\"auto, (max-width: 999px) 100vw, 999px\" \/><\/p>\n<h3>La Belgique pilote d\u2019une mobilit\u00e9 moins ax\u00e9e sur la voiture ? Pas encore !<\/h3>\n<p>L\u2019un des rem\u00e8des serait de supprimer progressivement la vente des voitures roulant au diesel ou \u00e0 l\u2019essence. Mais la Belgique ne semble pas pr\u00eate \u00e0 prendre le volant pour s\u2019engager dans cette direction. Et ce, alors que d\u2019autres pays ont pris les devants et ont annonc\u00e9 la fin de la vente de ces voitures polluantes d&rsquo;ici 2025 pour la Norv\u00e8ge et 2030 pour les Pays-Bas, la Su\u00e8de, le Danemark, l&rsquo;Irlande, la Slov\u00e9nie ou encore l\u2019Inde.<\/p>\n<p>La date de 2030 a toute son importance : un rapport command\u00e9 par Greenpeace l\u2019an dernier r\u00e9v\u00e9lait que pour respecter nos engagements climatiques et viser un r\u00e9chauffement climatique limit\u00e9 \u00e0 1,5\u00b0C, il faudrait interdire la vente des v\u00e9hicules \u00e0 l\u2019essence ou au diesel au plus tard en 2028. A quand une nouvelle <strong>mobilit\u00e9<\/strong> ?<\/p>\n<h3>La Belgique serait-elle alors championne des zones \u00e0 basse \u00e9mission ?<\/h3>\n<p>Encore un coup dans l\u2019eau. Oui, quelques zones de basses \u00e9missions sont en application (Anvers, Bruxelles) ou \u00e0 venir (Gand, Malines, Willebroek). Mais il est temps que ces villes fassent des \u00e9mules.<\/p>\n<p>La situation est paradoxale en R\u00e9gion wallonne : si un d\u00e9cret approuv\u00e9 d\u00e9but de cette ann\u00e9e permet bel et bien aux communes d\u2019instaurer des zones de basses \u00e9missions \u00e0 partir de 2020, force est de constater qu\u2019aucune annonce officielle dans ce sens n\u2019a encore \u00e9t\u00e9 faite. Bruxelles par contre pourrait jouer un r\u00f4le moteur : le gouvernement pr\u00e9c\u00e9dent avait en effet l\u2019intention de bannir de la ville les voitures roulant au diesel \u00e0 partir de 2030, et par apr\u00e8s celles \u00e0 l\u2019essence. Aux nouveaux ministres de se mettre au travail ! Et pourquoi ne pas s\u2019inspirer de Paris, o\u00f9 les voitures au diesel et \u00e0 l\u2019essence ne seront bient\u00f4t plus les bienvenues (\u00e0 partir de 2024 pour les premi\u00e8res et de 2030 pour les deuxi\u00e8mes).<\/p>\n<p><a href=\"https:\/\/greenpeace.carto.com\/u\/greenpeacemaps\/builder\/82736ea3-d8cc-4607-93c7-ee38fc438831\/embed?state=%7B%22map%22%3A%7B%22ne%22%3A%5B33.43144133557529%2C-26.279296875000004%5D%2C%22sw%22%3A%5B59.91097597079679%2C43.90136718750001%5D%2C%22center%22%3A%5B48.356249029540734%2C8.811035156250002%5D%2C%22zoom%22%3A5%7D%7D\">Voyez la carte qui reprend les mesures prises par les diff\u00e9rentes villes dans le monde. Elle est destin\u00e9e \u00e0 \u00e9voluer !<\/a><\/p>\n<p>En Belgique, on semble plus passager que conducteur sur cette route in\u00e9luctable. C\u2019est une erreur, alors que pr\u00e8s d\u2019un quart des \u00e9missions de CO2 belges proviennent du transport. Il est temps pour les autorit\u00e9s d\u2019appuyer sur le champignon de la transition.<\/p>\n<h3>En route vers une mobilit\u00e9 plus respectueuse<\/h3>\n<p>Les politiques restrictives en mati\u00e8re de trafic motoris\u00e9 doivent toujours \u00eatre accompagn\u00e9es de mesures fortes pour renforcer la mobilit\u00e9 des pi\u00e9tons et des cyclistes et les transports en commun. Seule une telle combinaison peut rendre notre mobilit\u00e9 plus respectueuse de la soci\u00e9t\u00e9, de notre sant\u00e9 et de notre plan\u00e8te.<\/p>\n<p>Vous avez envie de donner un coup de pouce ? <a href=\"https:\/\/act.greenpeace.org\/page\/33844\/petition\/1?locale=fr-BE&amp;_ga=2.54106795.2059490911.1559638136-1714113571.1559638136\">Signez notre appel aux ministres pour un air plus sain pour nos enfants<\/a>.<\/p>\n<div class=\"EmptyMessage\">Block content is empty. Check the block&rsquo;s settings or remove it.<\/div>","protected":false},"excerpt":{"rendered":"<p>La voiture, \u00e7a roule ? Pas tant que \u00e7a ! Pensez aux embouteillages ou encore, aux soucis de stationnement dans des villes satur\u00e9es de voitures. Mais surtout, pensez aux probl\u00e8mes&hellip;<\/p>\n","protected":false},"author":49,"featured_media":5427,"comment_status":"closed","ping_status":"closed","sticky":false,"template":"","format":"standard","meta":{"ep_exclude_from_search":false,"p4_og_title":"","p4_og_description":"","p4_og_image":"","p4_og_image_id":"","p4_seo_canonical_url":"","p4_campaign_name":"","p4_local_project":"","p4_basket_name":"","p4_department":"","footnotes":""},"categories":[107],"tags":[74,86],"p4-page-type":[116],"class_list":["post-5426","post","type-post","status-publish","format-standard","has-post-thumbnail","hentry","category-ensemble-nous-sommes-la-solution","tag-mobilite","tag-climat","p4-page-type-actualites-blog"],"_links":{"self":[{"href":"https:\/\/www.greenpeace.org\/belgium\/fr\/wp-json\/wp\/v2\/posts\/5426","targetHints":{"allow":["GET"]}}],"collection":[{"href":"https:\/\/www.greenpeace.org\/belgium\/fr\/wp-json\/wp\/v2\/posts"}],"about":[{"href":"https:\/\/www.greenpeace.org\/belgium\/fr\/wp-json\/wp\/v2\/types\/post"}],"author":[{"embeddable":true,"href":"https:\/\/www.greenpeace.org\/belgium\/fr\/wp-json\/wp\/v2\/users\/49"}],"replies":[{"embeddable":true,"href":"https:\/\/www.greenpeace.org\/belgium\/fr\/wp-json\/wp\/v2\/comments?post=5426"}],"version-history":[{"count":6,"href":"https:\/\/www.greenpeace.org\/belgium\/fr\/wp-json\/wp\/v2\/posts\/5426\/revisions"}],"predecessor-version":[{"id":25525,"href":"https:\/\/www.greenpeace.org\/belgium\/fr\/wp-json\/wp\/v2\/posts\/5426\/revisions\/25525"}],"wp:featuredmedia":[{"embeddable":true,"href":"https:\/\/www.greenpeace.org\/belgium\/fr\/wp-json\/wp\/v2\/media\/5427"}],"wp:attachment":[{"href":"https:\/\/www.greenpeace.org\/belgium\/fr\/wp-json\/wp\/v2\/media?parent=5426"}],"wp:term":[{"taxonomy":"category","embeddable":true,"href":"https:\/\/www.greenpeace.org\/belgium\/fr\/wp-json\/wp\/v2\/categories?post=5426"},{"taxonomy":"post_tag","embeddable":true,"href":"https:\/\/www.greenpeace.org\/belgium\/fr\/wp-json\/wp\/v2\/tags?post=5426"},{"taxonomy":"p4-page-type","embeddable":true,"href":"https:\/\/www.greenpeace.org\/belgium\/fr\/wp-json\/wp\/v2\/p4-page-type?post=5426"}],"curies":[{"name":"wp","href":"https:\/\/api.w.org\/{rel}","templated":true}]}}