{"id":55092,"date":"2023-10-25T09:37:19","date_gmt":"2023-10-25T08:37:19","guid":{"rendered":"https:\/\/www.greenpeace.org\/belgium\/?p=55092"},"modified":"2023-10-25T09:43:25","modified_gmt":"2023-10-25T08:43:25","slug":"agir-contre-laviation-avec-code-rouge","status":"publish","type":"post","link":"https:\/\/www.greenpeace.org\/belgium\/fr\/actualites-blog\/55092\/agir-contre-laviation-avec-code-rouge\/","title":{"rendered":"Agir contre l&rsquo;aviation avec Code Rouge"},"content":{"rendered":"\n<p><strong>Entre le 15 et le 17 d\u00e9cembre, nous m\u00e8nerons avec Code Rouge une action contre l&rsquo;aviation. Pourquoi la d\u00e9sob\u00e9issance civile est-elle n\u00e9cessaire contre le secteur de l&rsquo;aviation ? Est-ce que cela fonctionne ? On vous explique.<\/strong><\/p>\n\n<figure class=\"wp-block-image size-large\"><img loading=\"lazy\" decoding=\"async\" width=\"1024\" height=\"683\" src=\"https:\/\/www.greenpeace.org\/static\/planet4-belgium-stateless\/2023\/10\/bf34b58c-gp1t0e1y_medium_res-1024x683.jpg\" alt=\"\" class=\"wp-image-55099\" srcset=\"https:\/\/www.greenpeace.org\/static\/planet4-belgium-stateless\/2023\/10\/bf34b58c-gp1t0e1y_medium_res-1024x683.jpg 1024w, https:\/\/www.greenpeace.org\/static\/planet4-belgium-stateless\/2023\/10\/bf34b58c-gp1t0e1y_medium_res-300x200.jpg 300w, https:\/\/www.greenpeace.org\/static\/planet4-belgium-stateless\/2023\/10\/bf34b58c-gp1t0e1y_medium_res-768x512.jpg 768w, https:\/\/www.greenpeace.org\/static\/planet4-belgium-stateless\/2023\/10\/bf34b58c-gp1t0e1y_medium_res-510x340.jpg 510w, https:\/\/www.greenpeace.org\/static\/planet4-belgium-stateless\/2023\/10\/bf34b58c-gp1t0e1y_medium_res.jpg 1200w\" sizes=\"auto, (max-width: 1024px) 100vw, 1024px\" \/><figcaption class=\"wp-element-caption\">Un millier d\u2019activistes de la coalition Code Rouge bloquent le site du g\u00e9ant p\u00e9trolier et gazier TotalEnergies \u00e0 Feluy. Octobre 2022<div class=\"credit icon-left\"> \u00a9 Johanna de Tessi\u00e8res \/ Greenpeace<\/div><\/figcaption><\/figure>\n\n<h2 class=\"wp-block-heading\">Croissance au-del\u00e0 des limites plan\u00e9taires<\/h2>\n\n<p>Si on veut r\u00e9duire son impact sur le climat, on essaie de prendre moins l&rsquo;avion &#8211; \u00e7a, ce n&rsquo;est pas un scoop. L&rsquo;impact climatique d&rsquo;un vol peut \u00eatre <a href=\"https:\/\/www.greenpeace.org\/static\/planet4-eu-unit-stateless\/2021\/10\/135ec803-getontrack-gp-briefing-en-final.pdf\" target=\"_blank\" rel=\"noreferrer noopener\">jusqu&rsquo;\u00e0 80 fois sup\u00e9rieur<\/a> \u00e0 celui d&rsquo;un trajet en train pour un m\u00eame itin\u00e9raire. Bien que d&rsquo;autres modes de transport deviennent plus \u00e9cologiques, les \u00e9missions de l&rsquo;industrie de l\u2019aviation augmentent plus rapidement que celles de tout autre mode de transport. On pr\u00e9voit par exemple que <a href=\"https:\/\/www.transportenvironment.org\/challenges\/planes\/airplane-pollution\/\" target=\"_blank\" rel=\"noreferrer noopener\">ces \u00e9missions tripleront d&rsquo;ici 2050<\/a> si aucune mesure n&rsquo;est prise rapidement. L\u2019aviation serait alors responsable \u00e0 elle seule d\u2019un quart du CO<sub>2<\/sub> que nous sommes autoris\u00e9s \u00e0 \u00e9mettre pour limiter le r\u00e9chauffement de la plan\u00e8te \u00e0 1,5\u00b0 C. L&rsquo;aviation se d\u00e9veloppe donc au-del\u00e0 des limites plan\u00e9taires.&nbsp;<\/p>\n\n<p>Le plus frappant, c&rsquo;est que nous en payons le prix. L&rsquo;aviation b\u00e9n\u00e9ficie de <a href=\"https:\/\/www.standaard.be\/cnt\/dmf20231016_94315949\" target=\"_blank\" rel=\"noreferrer noopener\">plus de 800 millions d&rsquo;euros<\/a> par an de subventions et d&rsquo;exon\u00e9rations fiscales. Alors que les a\u00e9roports se d\u00e9veloppent gr\u00e2ce aux investissements publics, les investissements dans le r\u00e9seau ferroviaire sont insuffisants. Cela explique aussi pourquoi les vols au d\u00e9part de la Belgique sont 2,6 fois <a href=\"https:\/\/www.greenpeace.org\/belgium\/fr\/rapport\/53167\/nouveau-rapport-le-train-deux-fois-plus-cher-que-lavion-en-europe\/\" target=\"_blank\" rel=\"noreferrer noopener\">moins chers<\/a> que le train pour le m\u00eame trajet. Une personne qui veut voyager est presque jet\u00e9e dans un avion.<\/p>\n\n<p>Comme souvent, ce sont les personnes qui contribuent le moins au d\u00e9r\u00e8glement climatique qui en ressentent le plus durement l&rsquo;impact. <a href=\"https:\/\/www.cnbc.com\/2017\/12\/07\/boeing-ceo-80-percent-of-people-never-flown-for-us-that-means-growth.html\" target=\"_blank\" rel=\"noreferrer noopener\">80 % de la population mondiale<\/a> n&rsquo;a jamais pris l&rsquo;avion tandis qu\u2019 <a href=\"https:\/\/www.sciencedirect.com\/science\/article\/pii\/S0959378020307779\" target=\"_blank\" rel=\"noreferrer noopener\">1 % de la population<\/a> mondiale est responsable de plus de la moiti\u00e9 des \u00e9missions des vols passagers, y compris les vols d\u2019agr\u00e9ment et les vols priv\u00e9s. Cette situation devient de plus en plus injuste. Aujourd&rsquo;hui, les jets priv\u00e9s sont plus nombreux que jamais, ce qui a entra\u00een\u00e9 un doublement des \u00e9missions dues \u00e0 ces jets entre 2021 et 2022.&nbsp;<\/p>\n\n<p>Cet impact sur l\u2019environnement se fait \u00e9galement sentir en Belgique. Plus d&rsquo;un demi-million de personnes vivant autour des a\u00e9roports sont expos\u00e9es \u00e0 des concentrations accrues de particules ultrafines et \u00e0 une perturbation de leur sommeil (en raison des vols de nuit), ce qui a un impact consid\u00e9rable sur les syst\u00e8mes respiratoire et cardiovasculaire, entra\u00eenant de l&rsquo;asthme, des maladies cardiaques et de l&rsquo;hypertension art\u00e9rielle. Par ailleurs, les agriculteur\u00b7rices sont expropri\u00e9\u00b7es pour que les a\u00e9roports puissent s\u2019agrandir, alors que l\u2019acc\u00e8s aux terres agricoles est d\u00e9j\u00e0 tr\u00e8s compliqu\u00e9 vu les prix extr\u00eamement \u00e9lev\u00e9s.&nbsp;<\/p>\n\n<h2 class=\"wp-block-heading\">Comment 500 activistes ont banni les jets priv\u00e9s de l&rsquo;a\u00e9roport de Schiphol<\/h2>\n\n<p>Sur les douze derniers mois, nous avons men\u00e9 deux actions de masse contre l&rsquo;aviation. En novembre 2022, plus de 500 activistes d&rsquo;Extinction Rebellion et de Greenpeace Pays-Bas ont interrompu pendant des heures le trafic des jets priv\u00e9s \u00e0 l&rsquo;a\u00e9roport de Schiphol. En mai 2023, une action similaire a \u00e9t\u00e9 men\u00e9e \u00e0 l&rsquo;a\u00e9roport de Gen\u00e8ve. Auparavant, une centaine d&rsquo;activistes climatiques avaient \u00e9galement perturb\u00e9 le plus grand salon de vente de jets priv\u00e9s d&rsquo;Europe, l&rsquo;European Business Aviation Convention &amp; Exhibition.&nbsp;<\/p>\n\n<figure class=\"wp-block-image size-large\"><img loading=\"lazy\" decoding=\"async\" width=\"1024\" height=\"576\" src=\"https:\/\/www.greenpeace.org\/static\/planet4-belgium-stateless\/2023\/10\/250b30b4-gp1t3ksm_medium_res-1024x576.jpg\" alt=\"\" class=\"wp-image-55094\" srcset=\"https:\/\/www.greenpeace.org\/static\/planet4-belgium-stateless\/2023\/10\/250b30b4-gp1t3ksm_medium_res-1024x576.jpg 1024w, https:\/\/www.greenpeace.org\/static\/planet4-belgium-stateless\/2023\/10\/250b30b4-gp1t3ksm_medium_res-300x169.jpg 300w, https:\/\/www.greenpeace.org\/static\/planet4-belgium-stateless\/2023\/10\/250b30b4-gp1t3ksm_medium_res-768x432.jpg 768w, https:\/\/www.greenpeace.org\/static\/planet4-belgium-stateless\/2023\/10\/250b30b4-gp1t3ksm_medium_res-510x287.jpg 510w, https:\/\/www.greenpeace.org\/static\/planet4-belgium-stateless\/2023\/10\/250b30b4-gp1t3ksm_medium_res.jpg 1200w\" sizes=\"auto, (max-width: 1024px) 100vw, 1024px\" \/><figcaption class=\"wp-element-caption\">Des activistes de Greenpeace et de XR bloquent un jet priv\u00e9 \u00e0 l&rsquo;a\u00e9roport de Schiphol en novembre 2022.<div class=\"credit icon-left\"> \u00a9 Extinction Rebellion<\/div><\/figcaption><\/figure>\n\n<p>Ces actions nous ont redonn\u00e9 tellement d\u2019espoir ! En effet, quelques mois apr\u00e8s l&rsquo;action de novembre, l&rsquo;a\u00e9roport de Schiphol a fait une annonce r\u00e9volutionnaire. \u00c0 partir de 2025, <a href=\"https:\/\/www.rtbf.be\/article\/l-aeroport-d-amsterdam-va-interdire-les-jets-prives-et-les-vols-de-nuit-pendant-trop-longtemps-nous-n-avons-pense-qu-a-la-croissance-11178297\" target=\"_blank\" rel=\"noreferrer noopener\">les jets priv\u00e9s ne seront plus les bienvenus \u00e0 Schiphol<\/a>, il n&rsquo;y aura plus de vols de nuit et les avions les plus bruyants seront progressivement supprim\u00e9s. L&rsquo;a\u00e9roport tire \u00e9galement un trait sur les projets de construction d&rsquo;une nouvelle piste, et un fonds environnemental de 10 millions d&rsquo;euros par an sera mis en place pour permettre aux habitant\u00b7es de la r\u00e9gion d&rsquo;isoler leur maison.&nbsp;<\/p>\n\n<p>Le revirement de Schiphol nous montre deux choses. Premi\u00e8rement, il montre le r\u00f4le du secteur dans la limitation de l&rsquo;impact de l&rsquo;aviation sur le climat et l&rsquo;environnement. Les entreprises individuelles peuvent \u00eatre \u00e0 l\u2019origine de changements essentiels, mais jusqu&rsquo;\u00e0 pr\u00e9sent, nous n&rsquo;en voyons que tr\u00e8s peu. Nous attendons \u00e9galement du gouvernement qu&rsquo;il prenne des mesures telles que l&rsquo;interdiction des jets priv\u00e9s et qu&rsquo;il ferme le robinet des subventions.&nbsp;<\/p>\n\n<p>Deuxi\u00e8mement, Schiphol nous prouve que l&rsquo;activisme fonctionne ! En nous unissant dans une action de d\u00e9sob\u00e9issance civile de masse, nous poussons le secteur de l\u2019aviation en Belgique dans la bonne direction.&nbsp;<\/p>\n\n<h2 class=\"wp-block-heading\">Pr\u00eat\u00b7e pour l\u2019action ?<\/h2>\n\n<p>Chez Code Rouge, il y a de la place pour toute personne qui souhaite un changement. Vous pouvez contribuer en participant \u00e0 l\u2019action, mais nous avons \u00e9galement besoin de personnes pour nous aider \u00e0 la logistique ou \u00e0 la cuisine.<\/p>\n\n<p>Il n\u2019est bien entendu pas question de vous embarquer dans cette action sans pr\u00e9paration. Code Rouge organisera des <a rel=\"noreferrer noopener\" href=\"https:\/\/code-rouge.be\/events\/\" target=\"_blank\">s\u00e9ances d\u2019information et des sessions de formation<\/a> dans les prochaines semaines pour celles et ceux qui souhaitent participer.&nbsp;Pour les formations organis\u00e9es par Greenpeace, c\u2019est par <a href=\"https:\/\/docs.google.com\/forms\/d\/e\/1FAIpQLScYwJ0iJXEpVMwScyYdDcttgyud_LJC_ZLE7r-H7ILY_lTa5g\/viewform\" target=\"_blank\" rel=\"noreferrer noopener\">ici<\/a>.<\/p>\n\n<p>Toutes les informations sur l&rsquo;action sont disponibles sur <a href=\"https:\/\/code-rouge.be\/\" target=\"_blank\" rel=\"noreferrer noopener\">code-rouge.be<\/a><\/p>\n\n<p>Pr\u00eat\u00b7e \u00e0 vous inscrire \u00e0 l\u2019action ?<\/p>\n\n<div class=\"wp-block-buttons is-layout-flex wp-block-buttons-is-layout-flex\">\n<div class=\"wp-block-button\"><a class=\"wp-block-button__link wp-element-button\" href=\"https:\/\/us18.list-manage.com\/survey?u=a2e0c2dd488ddb75ca26638bc&amp;id=2982eb2882&amp;attribution=false\" target=\"_blank\" rel=\"noreferrer noopener\">Je m&rsquo;inscris<\/a><\/div>\n<\/div>\n\n<div style=\"height:15px\" aria-hidden=\"true\" class=\"wp-block-spacer\"><\/div>\n\n<span class=\"shareSocialArea\">\n<a class=\"shareFacebook\" href=\"https:\/\/www.facebook.com\/sharer\/sharer.php?u=https%3A%2F%2Fwww.greenpeace.org%2Fbelgium%2Ffr%2Fblog%2F55092%2Fagir-contre-laviation-avec-code-rouge%2F%3Futm_medium%3Dshare%26utm_content%3Dpostid-55092%26utm_source%3Dfacebook\" target=\"_blank\" rel=\"noopener noreferrer\">Je partage sur Facebook<\/a>\n<a class=\"shareTwitter\" href=\"https:\/\/twitter.com\/intent\/tweet?related=greenpeace_be&#038;text=Agir%20contre%20l%27aviation%20avec%20Code%20Rouge%20-%20Entre%20le%2015%20et%20le%2017%20d%C3%A9cembre%2C%20nous%20m%C3%A8nerons%20avec%20Code%20Rouge%20une%20action%20contre%20l%27aviation.,%20via%20@greenpeace_be&#038;url=https%3A%2F%2Fwww.greenpeace.org%2Fbelgium%2Ffr%2Fblog%2F55092%2Fagir-contre-laviation-avec-code-rouge%2F%3Futm_medium%3Dshare%26utm_content%3Dpostid-55092%26utm_source%3Dtwitter\" target=\"_blank\" rel=\"noopener noreferrer\">Je partage sur Twitter<\/a>\n<a class=\"shareWhatsapp\" href=\"https:\/\/wa.me\/?text=https%3A%2F%2Fwww.greenpeace.org%2Fbelgium%2Ffr%2Fblog%2F55092%2Fagir-contre-laviation-avec-code-rouge%2F%3Futm_medium%3Dshare%26utm_content%3Dpostid-55092%26utm_source%3Dwhatsapp\" target=\"_blank\" rel=\"noopener noreferrer\">Je partage sur Whatsapp<\/a>\n<\/span>\n","protected":false},"excerpt":{"rendered":"<p>Entre le 15 et le 17 d\u00e9cembre, nous m\u00e8nerons avec Code Rouge une action contre l&rsquo;aviation. <\/p>\n","protected":false},"author":50,"featured_media":55105,"comment_status":"closed","ping_status":"closed","sticky":false,"template":"","format":"standard","meta":{"ep_exclude_from_search":false,"p4_og_title":"Agir contre l'aviation avec Code Rouge","p4_og_description":"Entre le 15 et le 17 d\u00e9cembre, nous m\u00e8nerons avec Code Rouge une action contre l'aviation.","p4_og_image":"https:\/\/www.greenpeace.org\/static\/planet4-belgium-stateless\/2023\/10\/250b30b4-gp1t3ksm_medium_res.jpg","p4_og_image_id":"55094","p4_seo_canonical_url":"","p4_campaign_name":"not set","p4_local_project":"not set","p4_basket_name":"not set","p4_department":"","footnotes":""},"categories":[152,150],"tags":[70,74],"p4-page-type":[116],"class_list":["post-55092","post","type-post","status-publish","format-standard","has-post-thumbnail","hentry","category-a-la-une","category-actualites","tag-energie","tag-mobilite","p4-page-type-actualites-blog"],"_links":{"self":[{"href":"https:\/\/www.greenpeace.org\/belgium\/fr\/wp-json\/wp\/v2\/posts\/55092","targetHints":{"allow":["GET"]}}],"collection":[{"href":"https:\/\/www.greenpeace.org\/belgium\/fr\/wp-json\/wp\/v2\/posts"}],"about":[{"href":"https:\/\/www.greenpeace.org\/belgium\/fr\/wp-json\/wp\/v2\/types\/post"}],"author":[{"embeddable":true,"href":"https:\/\/www.greenpeace.org\/belgium\/fr\/wp-json\/wp\/v2\/users\/50"}],"replies":[{"embeddable":true,"href":"https:\/\/www.greenpeace.org\/belgium\/fr\/wp-json\/wp\/v2\/comments?post=55092"}],"version-history":[{"count":13,"href":"https:\/\/www.greenpeace.org\/belgium\/fr\/wp-json\/wp\/v2\/posts\/55092\/revisions"}],"predecessor-version":[{"id":55125,"href":"https:\/\/www.greenpeace.org\/belgium\/fr\/wp-json\/wp\/v2\/posts\/55092\/revisions\/55125"}],"wp:featuredmedia":[{"embeddable":true,"href":"https:\/\/www.greenpeace.org\/belgium\/fr\/wp-json\/wp\/v2\/media\/55105"}],"wp:attachment":[{"href":"https:\/\/www.greenpeace.org\/belgium\/fr\/wp-json\/wp\/v2\/media?parent=55092"}],"wp:term":[{"taxonomy":"category","embeddable":true,"href":"https:\/\/www.greenpeace.org\/belgium\/fr\/wp-json\/wp\/v2\/categories?post=55092"},{"taxonomy":"post_tag","embeddable":true,"href":"https:\/\/www.greenpeace.org\/belgium\/fr\/wp-json\/wp\/v2\/tags?post=55092"},{"taxonomy":"p4-page-type","embeddable":true,"href":"https:\/\/www.greenpeace.org\/belgium\/fr\/wp-json\/wp\/v2\/p4-page-type?post=55092"}],"curies":[{"name":"wp","href":"https:\/\/api.w.org\/{rel}","templated":true}]}}