{"id":5522,"date":"2019-06-18T10:26:59","date_gmt":"2019-06-18T08:26:59","guid":{"rendered":"https:\/\/www.greenpeace.org\/belgium\/?p=5522"},"modified":"2021-12-01T14:16:06","modified_gmt":"2021-12-01T13:16:06","slug":"et-pourquoi-manger-moins-de-viande","status":"publish","type":"post","link":"https:\/\/www.greenpeace.org\/belgium\/fr\/actualites-blog\/5522\/et-pourquoi-manger-moins-de-viande\/","title":{"rendered":"Et pourquoi manger moins de viande ?"},"content":{"rendered":"<p><b>C\u2019est la <\/b><a href=\"https:\/\/www.worldmeatfreeweek.com\/\"><b>semaine mondiale sans viande<\/b><\/a><b> ! Sept jours sans viande. Et si l\u2019on en profitait simplement pour r\u00e9duire notre consommation de viande, au quotidien ? Voici trois bonnes raisons de s\u2019y mettre.<\/b><!--more--><\/p>\n<h3>1. Le climat, victime de l\u2019\u00e9levage intensif<\/h3>\n<p><img loading=\"lazy\" decoding=\"async\" class=\"alignnone wp-image-5523 size-full\" src=\"https:\/\/www.greenpeace.org\/static\/planet4-belgium-stateless\/2019\/06\/e76456b9-climate_fr.jpg\" alt=\"\" width=\"692\" height=\"663\" srcset=\"https:\/\/www.greenpeace.org\/static\/planet4-belgium-stateless\/2019\/06\/e76456b9-climate_fr.jpg 692w, https:\/\/www.greenpeace.org\/static\/planet4-belgium-stateless\/2019\/06\/e76456b9-climate_fr-300x287.jpg 300w, https:\/\/www.greenpeace.org\/static\/planet4-belgium-stateless\/2019\/06\/e76456b9-climate_fr-355x340.jpg 355w\" sizes=\"auto, (max-width: 692px) 100vw, 692px\" \/><\/p>\n<p>Qui dit (sur)consommation de viande, dit \u00e9levage industriel. Or, l\u2019\u00e9levage \u00e0 lui seul est responsable de pr\u00e8s de <a href=\"http:\/\/www.fao.org\/docrep\/018\/i3437e\/i3437e.pdf\">14 % des \u00e9missions de gaz \u00e0 effet de serre dans le monde<\/a>, ce qui correspond approximativement aux \u00e9missions mondiales du secteur des transports.<\/p>\n<p>Un revirement s\u2019impose ! <a href=\"https:\/\/act.greenpeace.org\/page\/36763\/petition\/1?locale=fr-BE&amp;_ga=2.205255760.179509789.1560408293-1714113571.1559638136\"><b>Les subsides agricoles ne devraient pas aller aux grands \u00e9levages industriels et intensifs, mais plut\u00f4t aux fermiers qui \u00e9l\u00e8vent leurs animaux de mani\u00e8re \u00e9cologique ou qui veulent avancer vers la transition<\/b><\/a>, en tenant compte des limites que notre plan\u00e8te peut endurer.<\/p>\n<h3>2. Des for\u00eats \u00e0 l\u2019autre bout du monde saccag\u00e9es pour notre production de viande<\/h3>\n<p><img loading=\"lazy\" decoding=\"async\" class=\"alignnone wp-image-5525 size-full\" src=\"https:\/\/www.greenpeace.org\/static\/planet4-belgium-stateless\/2019\/06\/b491d21c-forest_fr.jpg\" alt=\"\" width=\"692\" height=\"663\" srcset=\"https:\/\/www.greenpeace.org\/static\/planet4-belgium-stateless\/2019\/06\/b491d21c-forest_fr.jpg 692w, https:\/\/www.greenpeace.org\/static\/planet4-belgium-stateless\/2019\/06\/b491d21c-forest_fr-300x287.jpg 300w, https:\/\/www.greenpeace.org\/static\/planet4-belgium-stateless\/2019\/06\/b491d21c-forest_fr-355x340.jpg 355w\" sizes=\"auto, (max-width: 692px) 100vw, 692px\" \/><\/p>\n<p>L\u2019\u00e9levage intensif, en plus d\u2019\u00eatre n\u00e9faste pour le climat, est aussi la principale cause de d\u00e9forestation de l\u2019Amazonie depuis 1970. Depuis 2008, la production de soja s\u2019est quant \u00e0 elle d\u00e9plac\u00e9e vers le <a href=\"https:\/\/www.greenpeace.org\/international\/publication\/22247\/countdown-extinction-report-deforestation-commodities-soya-palm-oil\/\">Cerrado<\/a>, la savane la plus riche en biodiversit\u00e9 au monde. Ce soja sert soit \u00e0 nourrir le b\u00e9tail sur place, soit \u00e0 nourrir les animaux chez nous. Encore de bonnes raisons pour r\u00e9duire notre consommation de viande !<\/p>\n<h3>3. Manger moins de viande et plus de l\u00e9gumes est bon pour la sant\u00e9<\/h3>\n<p><img loading=\"lazy\" decoding=\"async\" class=\"alignnone wp-image-5527 size-full\" src=\"https:\/\/www.greenpeace.org\/static\/planet4-belgium-stateless\/2019\/06\/1f806723-health_fr.jpg\" alt=\"\" width=\"692\" height=\"663\" srcset=\"https:\/\/www.greenpeace.org\/static\/planet4-belgium-stateless\/2019\/06\/1f806723-health_fr.jpg 692w, https:\/\/www.greenpeace.org\/static\/planet4-belgium-stateless\/2019\/06\/1f806723-health_fr-300x287.jpg 300w, https:\/\/www.greenpeace.org\/static\/planet4-belgium-stateless\/2019\/06\/1f806723-health_fr-355x340.jpg 355w\" sizes=\"auto, (max-width: 692px) 100vw, 692px\" \/><\/p>\n<p>Et quel est l\u2019impact de notre r\u00e9gime alimentaire sur notre propre sant\u00e9 ? L\u2019alimentation d\u2019aujourd\u2019hui, centr\u00e9e autour d\u2019aliments d\u2019origine animale, a remplac\u00e9 notre alimentation traditionnelle. Ceci a entra\u00een\u00e9 une augmentation des maladies chroniques d\u2019origine nutritionnelle, comme l\u2019ob\u00e9sit\u00e9, le diab\u00e8te, les maladies cardio-vasculaires ou encore les cancers, d\u2019apr\u00e8s un <a href=\"https:\/\/www.who.int\/nutrition\/publications\/obesity\/WHO_TRS_916\/fr\/\">rapport de l\u2019Organisation mondiale de la sant\u00e9<\/a>.<\/p>\n<p>Si l\u2019ensemble de la population continue d\u2019adopter le r\u00e9gime occidental actuel, d\u2019ici 2050, il y a de fortes chances pour que les maladies telles que l\u2019ob\u00e9sit\u00e9, le diab\u00e8te, ou encore les maladies cardio-vasculaires, gagnent encore du terrain pour finalement devenir des fl\u00e9aux mondiaux.<\/p>\n<p>Est-ce cela que nous voulons ? La r\u00e9ponse semble toute trouv\u00e9e\u2026<\/p>\n<p><b>Le climat, nos for\u00eats et notre sant\u00e9 sont autant de bonnes raisons pour diminuer d\u00e8s aujourd\u2019hui notre consommation de viande.<\/b><\/p>\n<ul>\n<li>Envie de vous y mettre et de tester de nouvelles recettes ? Rendez-vous sur le site d\u2019<a href=\"https:\/\/www.evavzw.be\/fr\/en-cuisine\">Eva<\/a> pour faire le plein d\u2019inspiration.<br \/>\nEnvie malgr\u00e9 d\u2019un petit bout de viande ? Veillez \u00e0 ce qu\u2019elle soit produite de fa\u00e7on bio et locale et que le producteur re\u00e7oit un prix juste. <a href=\"https:\/\/www.greenpeace.org\/belgium\/fr\/blog\/567\/mangeons-moins-de-viande-et-de-meilleure-qualite-euh-cest-a-dire\/\">Voici quelques adresses.<\/a><\/li>\n<\/ul>\n<div class=\"EmptyMessage\">Block content is empty. Check the block&rsquo;s settings or remove it.<\/div>","protected":false},"excerpt":{"rendered":"<p>C\u2019est la semaine mondiale sans viande ! Sept jours sans viande. Et si l\u2019on en profitait simplement pour r\u00e9duire notre consommation de viande, au quotidien ? Voici trois bonnes raisons&hellip;<\/p>\n","protected":false},"author":49,"featured_media":5531,"comment_status":"closed","ping_status":"closed","sticky":false,"template":"","format":"standard","meta":{"ep_exclude_from_search":false,"p4_og_title":"","p4_og_description":"","p4_og_image":"","p4_og_image_id":"","p4_seo_canonical_url":"","p4_campaign_name":"","p4_local_project":"","p4_basket_name":"","p4_department":"","footnotes":""},"categories":[104],"tags":[71,76,85,86],"p4-page-type":[116],"class_list":["post-5522","post","type-post","status-publish","format-standard","has-post-thumbnail","hentry","category-petits-changements-grandes-consequences","tag-alimentation","tag-sante","tag-agriculture","tag-climat","p4-page-type-actualites-blog"],"_links":{"self":[{"href":"https:\/\/www.greenpeace.org\/belgium\/fr\/wp-json\/wp\/v2\/posts\/5522","targetHints":{"allow":["GET"]}}],"collection":[{"href":"https:\/\/www.greenpeace.org\/belgium\/fr\/wp-json\/wp\/v2\/posts"}],"about":[{"href":"https:\/\/www.greenpeace.org\/belgium\/fr\/wp-json\/wp\/v2\/types\/post"}],"author":[{"embeddable":true,"href":"https:\/\/www.greenpeace.org\/belgium\/fr\/wp-json\/wp\/v2\/users\/49"}],"replies":[{"embeddable":true,"href":"https:\/\/www.greenpeace.org\/belgium\/fr\/wp-json\/wp\/v2\/comments?post=5522"}],"version-history":[{"count":5,"href":"https:\/\/www.greenpeace.org\/belgium\/fr\/wp-json\/wp\/v2\/posts\/5522\/revisions"}],"predecessor-version":[{"id":25519,"href":"https:\/\/www.greenpeace.org\/belgium\/fr\/wp-json\/wp\/v2\/posts\/5522\/revisions\/25519"}],"wp:featuredmedia":[{"embeddable":true,"href":"https:\/\/www.greenpeace.org\/belgium\/fr\/wp-json\/wp\/v2\/media\/5531"}],"wp:attachment":[{"href":"https:\/\/www.greenpeace.org\/belgium\/fr\/wp-json\/wp\/v2\/media?parent=5522"}],"wp:term":[{"taxonomy":"category","embeddable":true,"href":"https:\/\/www.greenpeace.org\/belgium\/fr\/wp-json\/wp\/v2\/categories?post=5522"},{"taxonomy":"post_tag","embeddable":true,"href":"https:\/\/www.greenpeace.org\/belgium\/fr\/wp-json\/wp\/v2\/tags?post=5522"},{"taxonomy":"p4-page-type","embeddable":true,"href":"https:\/\/www.greenpeace.org\/belgium\/fr\/wp-json\/wp\/v2\/p4-page-type?post=5522"}],"curies":[{"name":"wp","href":"https:\/\/api.w.org\/{rel}","templated":true}]}}